{"id":6406,"date":"2025-04-15T17:12:24","date_gmt":"2025-04-15T20:12:24","guid":{"rendered":"https:\/\/colunadahora.com.br\/?p=6406"},"modified":"2025-04-15T17:59:15","modified_gmt":"2025-04-15T20:59:15","slug":"coluna-da-hora-lei-maria-da-penha-1o-secretario-do-sintero-e-preso-apos-quebrar-medida-protetiva","status":"publish","type":"post","link":"https:\/\/colunadahora.com.br\/?p=6406","title":{"rendered":"COLUNA DA HORA: LEI MARIA DA PENHA &#8211; 1\u00ba SECRET\u00c1RIO DO SINTERO \u00c9 PRESO AP\u00d3S QUEBRAR MEDIDA PROTETIVA"},"content":{"rendered":"\n<figure class=\"wp-block-image size-full\"><img fetchpriority=\"high\" decoding=\"async\" width=\"650\" height=\"407\" src=\"https:\/\/colunadahora.com.br\/wp-content\/uploads\/2025\/04\/SINTERO1.jpg\" alt=\"\" class=\"wp-image-6432\" srcset=\"https:\/\/colunadahora.com.br\/wp-content\/uploads\/2025\/04\/SINTERO1.jpg 650w, https:\/\/colunadahora.com.br\/wp-content\/uploads\/2025\/04\/SINTERO1-300x188.jpg 300w, https:\/\/colunadahora.com.br\/wp-content\/uploads\/2025\/04\/SINTERO1-233x146.jpg 233w, https:\/\/colunadahora.com.br\/wp-content\/uploads\/2025\/04\/SINTERO1-600x376.jpg 600w\" sizes=\"(max-width: 650px) 100vw, 650px\" \/><\/figure>\n\n\n\n<p>O secret\u00e1rio do Sintero &#8211; Sindicato dos Trabalhadores em Educa\u00e7\u00e3o no Estado de Rond\u00f4nia -, Jos\u00e9 Augusto Neto, foi detido na tarde da \u00faltima segunda-feira, ap\u00f3s quebrar uma medida protetiva garantida pela Lei Maria da Penha. O membro da diretoria da institui\u00e7\u00e3o havia amea\u00e7ado, no ano passado, uma colega, que tamb\u00e9m faz parte da diretoria, ap\u00f3s ela questionar a presta\u00e7\u00e3o de contas do sindicato do ano de 2020. O mesmo se irritou, a amea\u00e7ou moralmente, e como vingan\u00e7a, compartilhou video \u00edntimo que havia gravado com a v\u00edtima durante um relacionamento.<\/p>\n\n\n\n<p>Como o delegado n\u00e3o pode conceder fian\u00e7a nesse caso, mesmo que a pena seja baixa, o secret\u00e1rio continua preso, aguardando a audi\u00eancia de cust\u00f3dia para uma decis\u00e3o judici\u00e1ria. Se o juiz entender que houve risco grave \u00e0 v\u00edtima ou que o agressor pode repetir a conduta, ele pode negar a fian\u00e7a e decretar pris\u00e3o preventiva de Jos\u00e9 Augusto.<\/p>\n\n\n\n<p><strong>COMO ACONTECEU<\/strong><\/p>\n\n\n\n<p>A secret\u00e1ria de G\u00eanero e Etnia do Sintero, Rosa Negra, denunciou em 2024 as repres\u00e1lias ap\u00f3s ter sido v\u00edtima de\u00a0<a href=\"https:\/\/almapreta.com.br\/sessao\/cotidiano\/nao-e-a-mesma-coisa-como-reconhecer-assedio-moral-e-sexual\/\" target=\"_blank\" rel=\"noreferrer noopener\">ass\u00e9dio sexual<\/a>\u00a0pelo professor e secret\u00e1rio de Organiza\u00e7\u00e3o do sindicato, Jos\u00e9 Augusto Neto. A ativista das causas negras, que tamb\u00e9m integra o\u00a0<a href=\"https:\/\/www.gov.br\/igualdaderacial\/pt-br\/composicao\/conselho-nacional-de-promocao-da-igualdade-racial\" target=\"_blank\" rel=\"noreferrer noopener\">Conselho<\/a>\u00a0Nacional de Promo\u00e7\u00e3o da Igualdade Racial e a Coordena\u00e7\u00e3o nacional do Movimento Negro Unificado (MNU), teve um relacionamento com o dirigente e durante um momento \u00edntimo ele teria gravado um v\u00eddeo sem o consentimento dela.<\/p>\n\n\n\n<p><strong>B.O.<\/strong><\/p>\n\n\n\n<p>A partir disso, o dirigente teria compartilhado o v\u00eddeo com uma outra colega do sindicato, segundo consta no depoimento da v\u00edtima registrado no Boletim de Ocorr\u00eancia, documento ao qual o Portal COLUNA DA HORA teve acesso. \u201cQuando ele falou com ela que estava saindo comigo, ela pediu uma prova porque era uma coisa que estava no privado. Ele preparou um cen\u00e1rio e mandou o v\u00eddeo para ela, que mostrou para outra pessoa que veio conversar comigo e disse que tinham um v\u00eddeo \u00edntimo meu\u201d, desabafa.<\/p>\n\n\n\n<p><strong>N\u00c3O PRESTOU CONTA DA ELEI\u00c7\u00c3O<\/strong><\/p>\n\n\n\n<p>A secret\u00e1ria alega que se sentiu amea\u00e7ada por Jos\u00e9 Augusto ap\u00f3s cobrar a presta\u00e7\u00e3o de contas de uma campanha eleitoral de 2020, no qual eles trabalharam juntos. Em resposta, ele teria dito que tinha \u201ccoisas guardadas\u201d.<\/p>\n\n\n\n<p><strong>DELEGACIA DA MULHER<\/strong><\/p>\n\n\n\n<p>O caso foi registrado na Delegacia Especializada de Atendimento \u00e0 Mulher em Porto Velho (Rond\u00f4nia) em agosto do ano passado (2024) e no m\u00eas de outubro, Rosa teve o pedido de medida protetiva aceito pelo 2\u00ba Juizado de Viol\u00eancia Dom\u00e9stica e Familiar Contra a Mulher. \u201cTem sido muito dif\u00edcil. Eu n\u00e3o durmo. J\u00e1 chorei muito. Est\u00e1 sendo um pesadelo\u201d, relatou na \u00e9poca.<\/p>\n\n\n\n<h6 class=\"wp-block-heading\">DIRETORES PARTEM PARA BRIGA INTERNA<\/h6>\n\n\n\n<p>Em meio \u00e0 den\u00fancia de ass\u00e9dio, Rosa relata ter sido submetida a repres\u00e1lias dentro do sindicato, onde os envolvidos ainda trabalham, como a divulga\u00e7\u00e3o de uma nota interna de rep\u00fadio em que o Sintero alega \u201catitudes inaceit\u00e1veis\u201d da titular da pasta de G\u00eanero e Etnia no ambiente de trabalho, como agress\u00f5es verbais e cal\u00fanias contra diretores do sindicato.<\/p>\n\n\n\n<p><strong>MAIS DESENTENDIMENTOS<\/strong><\/p>\n\n\n\n<p>A nota, assinada por 08 diretores do sindicato, aponta que a secret\u00e1ria teria negligenciado casos de viol\u00eancia contra as mulheres, principalmente mulheres brancas e\/ou pardas do sindicato. Em um trecho, o documento cita que a secret\u00e1ria \u201catua com discurso preconceituoso de segrega\u00e7\u00e3o, atacando verbalmente e apelidando as diretoras de \u2018cor branca&#8217;\u201d.<\/p>\n\n\n\n<p><strong>MOVIMENTOS SINDICAIS<\/strong><\/p>\n\n\n\n<p>Em resposta ao Sintero, integrantes de movimentos sindicais, negro e dos direitos das mulheres de Rond\u00f4nia e Porto Velho solicitaram um pedido de ajuste de conduta e rep\u00fadio \u00e0 postura de dirigentes do Sintero contra mulheres do sindicato, incluindo a secret\u00e1ria Rosa Negra.<\/p>\n\n\n\n<p><strong>AJUSTE DE CONDUTA<\/strong><\/p>\n\n\n\n<p>\u201cEm reuni\u00e3o da executiva, a Secret\u00e1ria de G\u00eanero e Etnia comunicou a necessidade da dire\u00e7\u00e3o fazer encaminhamentos acerca de tantas den\u00fancias de viol\u00eancia de g\u00eanero e foi terrivelmente agredida por diretores [\u2026] chamada de \u2018rainha da cocada preta, que chamava todos de machistas\u2019 e que seria necess\u00e1rio que os homens fossem chamados a cada den\u00fancia\u201d, relata um trecho do documento.<\/p>\n\n\n\n<p><object data=\"https:\/\/almapreta.com.br\/images\/2024\/11\/PEDIDO-DE-AJUSTE-DE-CONDUTAS-E-PROVIDENCIAS-DENUNCIAS-DO-SINTERO.pdf\" type=\"application\/pdf\"><\/object><a href=\"https:\/\/almapreta.com.br\/images\/2024\/11\/PEDIDO-DE-AJUSTE-DE-CONDUTAS-E-PROVIDENCIAS-DENUNCIAS-DO-SINTERO.pdf\">PEDIDO-DE-AJUSTE-DE-CONDUTAS-E-PROVIDENCIAS-DENUNCIAS-DO-SINTERO<\/a><a href=\"https:\/\/almapreta.com.br\/images\/2024\/11\/PEDIDO-DE-AJUSTE-DE-CONDUTAS-E-PROVIDENCIAS-DENUNCIAS-DO-SINTERO.pdf\">Baixar<\/a><\/p>\n\n\n\n<p>A v\u00edtima relata que a Imprensa na \u00e9poca&nbsp;questionou o Sintero sobre o recebimento das den\u00fancias de ass\u00e9dio e quais medidas foram tomadas sobre as poss\u00edveis repres\u00e1lias. O sindicato s\u00f3 respondeu que encaminhou solicita\u00e7\u00e3o para a Secretaria-Geral \u201cpara apura\u00e7\u00e3o da presid\u00eancia\u201d, mas jamais mandou resposta em retorno aos questionamentos. O espa\u00e7o do <strong>PORTAL COLUNA DA HORA<\/strong> segue aberto em caso de manifesta\u00e7\u00e3o.<\/p>\n\n\n\n<p><strong>O SISTEMA \u00c9 FALHO<\/strong><\/p>\n\n\n\n<p>Para al\u00e9m das den\u00fancias, Rosa tamb\u00e9m exp\u00f5e as fragilidades no sistema de justi\u00e7a para mulheres v\u00edtimas de viol\u00eancia. \u201cA maior exposi\u00e7\u00e3o foi eu ser gravada e agora a gente precisa dar publicidade para que outras mulheres tamb\u00e9m tenham coragem de fazer isso. \u00c9 preciso muita coragem para denunciar o agressor\u201d, pontua.<\/p>\n\n\n\n<figure class=\"wp-block-image size-full\"><img decoding=\"async\" width=\"786\" height=\"576\" src=\"https:\/\/colunadahora.com.br\/wp-content\/uploads\/2025\/04\/SINTERO.jpg\" alt=\"\" class=\"wp-image-6430\" srcset=\"https:\/\/colunadahora.com.br\/wp-content\/uploads\/2025\/04\/SINTERO.jpg 786w, https:\/\/colunadahora.com.br\/wp-content\/uploads\/2025\/04\/SINTERO-300x220.jpg 300w, https:\/\/colunadahora.com.br\/wp-content\/uploads\/2025\/04\/SINTERO-768x563.jpg 768w, https:\/\/colunadahora.com.br\/wp-content\/uploads\/2025\/04\/SINTERO-199x146.jpg 199w, https:\/\/colunadahora.com.br\/wp-content\/uploads\/2025\/04\/SINTERO-600x440.jpg 600w\" sizes=\"(max-width: 786px) 100vw, 786px\" \/><\/figure>\n\n\n\n<p><strong>FONTE: COLUNA DA HORA<\/strong><\/p>\n","protected":false},"excerpt":{"rendered":"<p>O secret\u00e1rio do Sintero &#8211; Sindicato dos Trabalhadores em Educa\u00e7\u00e3o no Estado de Rond\u00f4nia -, Jos\u00e9 Augusto Neto, foi detido na tarde da \u00faltima segunda-feira, ap\u00f3s quebrar uma medida protetiva garantida pela Lei Maria da Penha. O membro da diretoria da institui\u00e7\u00e3o havia amea\u00e7ado, no ano passado, uma colega, que tamb\u00e9m faz parte da diretoria, [&hellip;]<\/p>\n","protected":false},"author":1,"featured_media":6431,"comment_status":"open","ping_status":"closed","sticky":false,"template":"","format":"standard","meta":{"site-sidebar-layout":"default","site-content-layout":"","ast-site-content-layout":"default","site-content-style":"default","site-sidebar-style":"default","ast-global-header-display":"","ast-banner-title-visibility":"","ast-main-header-display":"","ast-hfb-above-header-display":"","ast-hfb-below-header-display":"","ast-hfb-mobile-header-display":"","site-post-title":"","ast-breadcrumbs-content":"","ast-featured-img":"","footer-sml-layout":"","ast-disable-related-posts":"","theme-transparent-header-meta":"","adv-header-id-meta":"","stick-header-meta":"","header-above-stick-meta":"","header-main-stick-meta":"","header-below-stick-meta":"","astra-migrate-meta-layouts":"set","ast-page-background-enabled":"default","ast-page-background-meta":{"desktop":{"background-color":"var(--ast-global-color-4)","background-image":"","background-repeat":"repeat","background-position":"center center","background-size":"auto","background-attachment":"scroll","background-type":"","background-media":"","overlay-type":"","overlay-color":"","overlay-opacity":"","overlay-gradient":""},"tablet":{"background-color":"","background-image":"","background-repeat":"repeat","background-position":"center center","background-size":"auto","background-attachment":"scroll","background-type":"","background-media":"","overlay-type":"","overlay-color":"","overlay-opacity":"","overlay-gradient":""},"mobile":{"background-color":"","background-image":"","background-repeat":"repeat","background-position":"center center","background-size":"auto","background-attachment":"scroll","background-type":"","background-media":"","overlay-type":"","overlay-color":"","overlay-opacity":"","overlay-gradient":""}},"ast-content-background-meta":{"desktop":{"background-color":"var(--ast-global-color-5)","background-image":"","background-repeat":"repeat","background-position":"center center","background-size":"auto","background-attachment":"scroll","background-type":"","background-media":"","overlay-type":"","overlay-color":"","overlay-opacity":"","overlay-gradient":""},"tablet":{"background-color":"var(--ast-global-color-5)","background-image":"","background-repeat":"repeat","background-position":"center center","background-size":"auto","background-attachment":"scroll","background-type":"","background-media":"","overlay-type":"","overlay-color":"","overlay-opacity":"","overlay-gradient":""},"mobile":{"background-color":"var(--ast-global-color-5)","background-image":"","background-repeat":"repeat","background-position":"center center","background-size":"auto","background-attachment":"scroll","background-type":"","background-media":"","overlay-type":"","overlay-color":"","overlay-opacity":"","overlay-gradient":""}},"footnotes":""},"categories":[46,64],"tags":[],"class_list":["post-6406","post","type-post","status-publish","format-standard","has-post-thumbnail","hentry","category-destaques-da-hora","category-policia"],"_links":{"self":[{"href":"https:\/\/colunadahora.com.br\/index.php?rest_route=\/wp\/v2\/posts\/6406","targetHints":{"allow":["GET"]}}],"collection":[{"href":"https:\/\/colunadahora.com.br\/index.php?rest_route=\/wp\/v2\/posts"}],"about":[{"href":"https:\/\/colunadahora.com.br\/index.php?rest_route=\/wp\/v2\/types\/post"}],"author":[{"embeddable":true,"href":"https:\/\/colunadahora.com.br\/index.php?rest_route=\/wp\/v2\/users\/1"}],"replies":[{"embeddable":true,"href":"https:\/\/colunadahora.com.br\/index.php?rest_route=%2Fwp%2Fv2%2Fcomments&post=6406"}],"version-history":[{"count":3,"href":"https:\/\/colunadahora.com.br\/index.php?rest_route=\/wp\/v2\/posts\/6406\/revisions"}],"predecessor-version":[{"id":6436,"href":"https:\/\/colunadahora.com.br\/index.php?rest_route=\/wp\/v2\/posts\/6406\/revisions\/6436"}],"wp:featuredmedia":[{"embeddable":true,"href":"https:\/\/colunadahora.com.br\/index.php?rest_route=\/wp\/v2\/media\/6431"}],"wp:attachment":[{"href":"https:\/\/colunadahora.com.br\/index.php?rest_route=%2Fwp%2Fv2%2Fmedia&parent=6406"}],"wp:term":[{"taxonomy":"category","embeddable":true,"href":"https:\/\/colunadahora.com.br\/index.php?rest_route=%2Fwp%2Fv2%2Fcategories&post=6406"},{"taxonomy":"post_tag","embeddable":true,"href":"https:\/\/colunadahora.com.br\/index.php?rest_route=%2Fwp%2Fv2%2Ftags&post=6406"}],"curies":[{"name":"wp","href":"https:\/\/api.w.org\/{rel}","templated":true}]}}