{"id":6384,"date":"2025-04-15T11:07:47","date_gmt":"2025-04-15T14:07:47","guid":{"rendered":"https:\/\/colunadahora.com.br\/?p=6384"},"modified":"2025-04-15T11:07:47","modified_gmt":"2025-04-15T14:07:47","slug":"aprovados-do-cnu-comecarao-a-ser-convocados-em-maio","status":"publish","type":"post","link":"https:\/\/colunadahora.com.br\/?p=6384","title":{"rendered":"Aprovados do CNU come\u00e7ar\u00e3o a ser convocados em maio"},"content":{"rendered":"<\/p>\n<p><a class=\"\" href=\"https:\/\/agenciabrasil.ebc.com.br\/geral\/noticia\/2025-04\/aprovados-do-cnu-comecarao-ser-convocados-em-maio\"><br \/>\n                    <img decoding=\"async\" src=\"https:\/\/cdn.jsdelivr.net\/gh\/sergiosdlima\/assets-ebc@1.0.0\/abr\/assets\/images\/logo-agenciabrasil.svg\" alt=\"Logo Ag\u00eancia Brasil\"><br \/>\n\t\t\t\t<\/a><\/p>\n<p><strong>Os candidatos aprovados na primeira edi\u00e7\u00e3o do Concurso P\u00fablico Nacional Unificado (CPNU) come\u00e7ar\u00e3o\u00a0a ser convocados em maio.<\/strong> A previs\u00e3o foi anunciada nesta segunda-feira (15) pelo Minist\u00e9rio da Gest\u00e3o e da Inova\u00e7\u00e3o em Servi\u00e7os P\u00fablicos (MGI), ap\u00f3s <a href=\"https:\/\/agenciabrasil.ebc.com.br\/economia\/noticia\/2025-04\/lula-sanciona-orcamento-de-2025-com-dois-pequenos-vetos\" target=\"_blank\">a san\u00e7\u00e3o da san\u00e7\u00e3o da Lei Or\u00e7ament\u00e1ria Anual (LOA) de 2025, pelo presidente Luiz In\u00e1cio Lula da Silva<\/a>.<img decoding=\"async\" src=\"https:\/\/agenciabrasil.ebc.com.br\/ebc.png?id=1638907&#038;o=rss\"><img decoding=\"async\" src=\"https:\/\/agenciabrasil.ebc.com.br\/ebc.gif?id=1638907&#038;o=rss\"><\/p>\n<p><strong>O minist\u00e9rio\u00a0publicar\u00e1 nos pr\u00f3ximos dias uma portaria \u00fanica que autoriza a convoca\u00e7\u00e3o dos aprovados para 4.335 vagas de cargos que n\u00e3o exigem cursos de forma\u00e7\u00e3o dos oito blocos tem\u00e1ticos 1 a 8, de n\u00edvel superior e m\u00e9dio.<\/strong><\/p>\n<\/p>\n<h3>Not\u00edcias relacionadas:<\/h3>\n<ul>\n<li><a href=\"https:\/\/agenciabrasil.ebc.com.br\/educacao\/noticia\/2025-04\/cnu-representa-maior-contratacao-de-servidor-publico-da-ultima-decada\">CNU representa maior contrata\u00e7\u00e3o de servidor p\u00fablico da \u00faltima d\u00e9cada.<\/a><\/li>\n<li><a href=\"https:\/\/agenciabrasil.ebc.com.br\/geral\/noticia\/2025-03\/governo-alerta-para-sites-falsos-de-inscricao-para-cnu-2025\">Governo alerta para sites falsos de inscri\u00e7\u00e3o para CNU 2025.<\/a><\/li>\n<li><a href=\"https:\/\/agenciabrasil.ebc.com.br\/geral\/noticia\/2025-04\/resultado-final-do-concurso-dos-correios-e-homologado\">Resultado final do concurso dos Correios \u00e9 homologado.<\/a><\/li>\n<\/ul>\n<p>De acordo com a coordenadora-Geral de Concursos e Provimento do MGI, Queila C\u00e2ndida Ferreira Morais, a futura portaria do MGI permitir\u00e1 que os aprovados sejam nomeados mais rapidamente. \u201cEssa autoriza\u00e7\u00e3o \u00fanica para provimento d\u00e1 celeridade ao tr\u00e2mite e permite que os \u00f3rg\u00e3os iniciem a convoca\u00e7\u00e3o de forma mais coordenada\u201d, afirmou em nota.<\/p>\n<p><strong>A partir desta autoriza\u00e7\u00e3o, o passo seguinte ser\u00e1 dado pelos 16 \u00f3rg\u00e3os e entidades federais participantes do certame, que dever\u00e3o publicar os pr\u00f3prios atos de nomea\u00e7\u00e3o para dar posse aos aprovados.<\/strong><\/p>\n<p>A portaria autoriza o provimento de vagas do chamado\u00a0Enem dos Concursos\u00a0dos seguintes \u00f3rg\u00e3os:<\/p>\n<ul>\n<li><strong>Minist\u00e9rio da Gest\u00e3o e da Inova\u00e7\u00e3o em Servi\u00e7os P\u00fablicos (MGI);<\/strong><\/li>\n<li><strong>Minist\u00e9rio do Desenvolvimento, Ind\u00fastria, Com\u00e9rcio e Servi\u00e7os (Mdic);<\/strong><\/li>\n<li><strong>Minist\u00e9rio da Agricultura e Pecu\u00e1ria (Mapa);<\/strong><\/li>\n<li><strong>Instituto Nacional de Meteorologia (Inmet);<\/strong><\/li>\n<li><strong>Instituto Nacional de Coloniza\u00e7\u00e3o e Reforma Agr\u00e1ria (Incra);<\/strong><\/li>\n<li><strong>Minist\u00e9rio da Ci\u00eancia, Tecnologia e Inova\u00e7\u00e3o (MCTI);<\/strong><\/li>\n<li><strong>Instituto Nacional de Estudos e Pesquisas Educacionais An\u00edsio Teixeira (Inep);<\/strong><\/li>\n<li><strong>Funda\u00e7\u00e3o Nacional dos Povos Ind\u00edgenas (FUNAI);<\/strong><\/li>\n<li><strong>Minist\u00e9rio da Sa\u00fade (MS);<\/strong><\/li>\n<li><strong>Minist\u00e9rio da Justi\u00e7a e Seguran\u00e7a P\u00fablica (MJSP);<\/strong><\/li>\n<li><strong>Superintend\u00eancia Nacional de Previd\u00eancia Complementar (Previc);<\/strong><\/li>\n<li><strong>Instituto Brasileiro de Geografia e Estat\u00edstica (IBGE);<\/strong><\/li>\n<li><strong>Advocacia-Geral da Uni\u00e3o (AGU);<\/strong><\/li>\n<li><strong>Minist\u00e9rio dos Povos Ind\u00edgenas (MPI);<\/strong><\/li>\n<li><strong>Minist\u00e9rio do Planejamento e Or\u00e7amento (MPO);<\/strong><\/li>\n<li><strong>Minist\u00e9rio da Cultura (MinC).<\/strong><\/li>\n<\/ul>\n<p>De acordo com a coordenadora, a documenta\u00e7\u00e3o t\u00e9cnica necess\u00e1ria para autoriza\u00e7\u00e3o da convoca\u00e7\u00e3o dos 4.335 aprovados para vagas j\u00e1 foi enviada ao Minist\u00e9rio do Planejamento e Or\u00e7amento (MPO) para confirma\u00e7\u00e3o de disponibilidade de recursos do or\u00e7amento da Uni\u00e3o para a nomea\u00e7\u00e3o dos aprovados.<\/p>\n<h2>Maior concurso do pa\u00eds<\/h2>\n<p>O Concurso P\u00fablico Nacional Unificado (CPNU) \u00e9 considerado o maior processo seletivo realizado no pa\u00eds, com aplica\u00e7\u00e3o de provas em 218 cidades. O certame atraiu 2,1 milh\u00f5es de inscritos confirmados que concorreram a 6.640 vagas em 21 \u00f3rg\u00e3os p\u00fablicos.<\/p>\n<p>Em 28 de fevereiro, o MGI publicou a <a href=\"https:\/\/agenciabrasil.ebc.com.br\/geral\/noticia\/2025-02\/governo-divulga-lista-final-de-aprovados-no-cnu-veja-como-acessar\" target=\"_blank\">lista definitiva de classifica\u00e7\u00e3o para todos os cargos<\/a> e, ainda, a lista definitiva dos convocados para matr\u00edcula nos cursos de forma\u00e7\u00e3o,\u00a0que j\u00e1 est\u00e3o em andamento.\u00a0<\/p>\n<p>\u00a0<\/p>\n","protected":false},"excerpt":{"rendered":"<p>Os candidatos aprovados na primeira edi\u00e7\u00e3o do Concurso P\u00fablico Nacional Unificado (CPNU) come\u00e7ar\u00e3o\u00a0a ser convocados em maio. A previs\u00e3o foi anunciada nesta segunda-feira (15) pelo Minist\u00e9rio da Gest\u00e3o e da Inova\u00e7\u00e3o em Servi\u00e7os P\u00fablicos (MGI), ap\u00f3s a san\u00e7\u00e3o da san\u00e7\u00e3o da Lei Or\u00e7ament\u00e1ria Anual (LOA) de 2025, pelo presidente Luiz In\u00e1cio Lula da Silva. O [&hellip;]<\/p>\n","protected":false},"author":33,"featured_media":6385,"comment_status":"open","ping_status":"open","sticky":false,"template":"","format":"standard","meta":{"site-sidebar-layout":"default","site-content-layout":"","ast-site-content-layout":"default","site-content-style":"default","site-sidebar-style":"default","ast-global-header-display":"","ast-banner-title-visibility":"","ast-main-header-display":"","ast-hfb-above-header-display":"","ast-hfb-below-header-display":"","ast-hfb-mobile-header-display":"","site-post-title":"","ast-breadcrumbs-content":"","ast-featured-img":"","footer-sml-layout":"","ast-disable-related-posts":"","theme-transparent-header-meta":"","adv-header-id-meta":"","stick-header-meta":"","header-above-stick-meta":"","header-main-stick-meta":"","header-below-stick-meta":"","astra-migrate-meta-layouts":"default","ast-page-background-enabled":"default","ast-page-background-meta":{"desktop":{"background-color":"var(--ast-global-color-4)","background-image":"","background-repeat":"repeat","background-position":"center center","background-size":"auto","background-attachment":"scroll","background-type":"","background-media":"","overlay-type":"","overlay-color":"","overlay-opacity":"","overlay-gradient":""},"tablet":{"background-color":"","background-image":"","background-repeat":"repeat","background-position":"center center","background-size":"auto","background-attachment":"scroll","background-type":"","background-media":"","overlay-type":"","overlay-color":"","overlay-opacity":"","overlay-gradient":""},"mobile":{"background-color":"","background-image":"","background-repeat":"repeat","background-position":"center center","background-size":"auto","background-attachment":"scroll","background-type":"","background-media":"","overlay-type":"","overlay-color":"","overlay-opacity":"","overlay-gradient":""}},"ast-content-background-meta":{"desktop":{"background-color":"var(--ast-global-color-5)","background-image":"","background-repeat":"repeat","background-position":"center center","background-size":"auto","background-attachment":"scroll","background-type":"","background-media":"","overlay-type":"","overlay-color":"","overlay-opacity":"","overlay-gradient":""},"tablet":{"background-color":"var(--ast-global-color-5)","background-image":"","background-repeat":"repeat","background-position":"center center","background-size":"auto","background-attachment":"scroll","background-type":"","background-media":"","overlay-type":"","overlay-color":"","overlay-opacity":"","overlay-gradient":""},"mobile":{"background-color":"var(--ast-global-color-5)","background-image":"","background-repeat":"repeat","background-position":"center center","background-size":"auto","background-attachment":"scroll","background-type":"","background-media":"","overlay-type":"","overlay-color":"","overlay-opacity":"","overlay-gradient":""}},"footnotes":""},"categories":[1],"tags":[],"class_list":["post-6384","post","type-post","status-publish","format-standard","has-post-thumbnail","hentry","category-sem-categoria"],"_links":{"self":[{"href":"https:\/\/colunadahora.com.br\/index.php?rest_route=\/wp\/v2\/posts\/6384","targetHints":{"allow":["GET"]}}],"collection":[{"href":"https:\/\/colunadahora.com.br\/index.php?rest_route=\/wp\/v2\/posts"}],"about":[{"href":"https:\/\/colunadahora.com.br\/index.php?rest_route=\/wp\/v2\/types\/post"}],"author":[{"embeddable":true,"href":"https:\/\/colunadahora.com.br\/index.php?rest_route=\/wp\/v2\/users\/33"}],"replies":[{"embeddable":true,"href":"https:\/\/colunadahora.com.br\/index.php?rest_route=%2Fwp%2Fv2%2Fcomments&post=6384"}],"version-history":[{"count":0,"href":"https:\/\/colunadahora.com.br\/index.php?rest_route=\/wp\/v2\/posts\/6384\/revisions"}],"wp:featuredmedia":[{"embeddable":true,"href":"https:\/\/colunadahora.com.br\/index.php?rest_route=\/wp\/v2\/media\/6385"}],"wp:attachment":[{"href":"https:\/\/colunadahora.com.br\/index.php?rest_route=%2Fwp%2Fv2%2Fmedia&parent=6384"}],"wp:term":[{"taxonomy":"category","embeddable":true,"href":"https:\/\/colunadahora.com.br\/index.php?rest_route=%2Fwp%2Fv2%2Fcategories&post=6384"},{"taxonomy":"post_tag","embeddable":true,"href":"https:\/\/colunadahora.com.br\/index.php?rest_route=%2Fwp%2Fv2%2Ftags&post=6384"}],"curies":[{"name":"wp","href":"https:\/\/api.w.org\/{rel}","templated":true}]}}