{"id":46109,"date":"2026-09-05T19:18:38","date_gmt":"2026-09-05T22:18:38","guid":{"rendered":"https:\/\/colunadahora.com.br\/?p=46109"},"modified":"2026-09-05T19:18:38","modified_gmt":"2026-09-05T22:18:38","slug":"dallagnol-divulga-sigilo-fiscal-de-zanin-que-pede-responsabilizacao","status":"publish","type":"post","link":"https:\/\/colunadahora.com.br\/?p=46109","title":{"rendered":"Dallagnol divulga sigilo fiscal de Zanin, que pede responsabiliza\u00e7\u00e3o"},"content":{"rendered":"<p><strong>O ministro Cristiano Zanin (foto), do Supremo Tribunal Federal (STF), enviou neste s\u00e1bado (5) um of\u00edcio ao Tribunal Regional Eleitoral do Paran\u00e1 (TRE-PE) pedindo responsabiliza\u00e7\u00e3o dos envolvidos na exposi\u00e7\u00e3o de seus dados fiscais e banc\u00e1rios, que foram anexados ao registro de candidatura ao Senado do ex-procurador da Rep\u00fablica Deltan Dallagnol (Novo).<\/strong><img decoding=\"async\" src=\"https:\/\/agenciabrasil.ebc.com.br\/ebc.png?id=1701658&#038;o=rss\"><img decoding=\"async\" src=\"https:\/\/agenciabrasil.ebc.com.br\/ebc.gif?id=1701658&#038;o=rss\"><\/p>\n<p>No of\u00edcio, endere\u00e7ado ao desembargador Luciano Carrasco Falavinha Souza, presidente do TRE paranaense, Zanin pede a responsabiliza\u00e7\u00e3o \u201cinclusive no \u00e2mbito criminal\u201d. O ministro notificou ainda as presid\u00eancias do Supremo Tribunal Federal (STF) e do Tribunal Superior Eleitoral (TSE) sobre o caso.<\/p>\n<p>O ministro cita reportagem do portal <em>Metr\u00f3poles<\/em> segundo a qual seus dados foram expostos pela defesa de Dallagnol, que anexou os documentos para contestar uma impugna\u00e7\u00e3o da candidatura.<\/p>\n<p>As informa\u00e7\u00f5es foram obtidas em 2019, quando Dallagnol era chefe da Lava Jato no Paran\u00e1 e Zanin era advogado do hoje presidente Luiz In\u00e1cio Lula da Silva. A quebra de sigilo fora determinada pelo ent\u00e3o juiz Marcelo Bretas, respons\u00e1vel pelo bra\u00e7o da Lava Jato no Rio de Janeiro.<\/p>\n<p>Na ocasi\u00e3o, tamb\u00e9m foram quebrados os sigilos fiscal e banc\u00e1rio da advogada Valeska Teixeira Zanin Martins, esposa do ministro do Supremo, sob o pretexto de apurar supostos desvios de verbas do Sistema S. Tais dados tamb\u00e9m foram expostos.<\/p>\n<p>Em nota enviada \u00e0 imprensa, <strong>a defesa de Deltan Dallagnol disse que os dados referentes \u00e0 quebra de sigilo de Zanin constavam em reclama\u00e7\u00f5es abertas pelo pr\u00f3prio Zanin contra o ent\u00e3o procurador no Conselho Nacional do Minist\u00e9rio P\u00fablico (CNMP)<\/strong>. Tais procedimentos tramitavam sob prote\u00e7\u00e3o de sigilo judicial.<\/p>\n<p>Os advogados alegam que o material \u00e9 relevante para demonstrar a regularidade da candidatura de Dallagnol e por isso foi apresentado de forma integral para que a Justi\u00e7a Eleitoral pudesse avali\u00e1-lo \u201cde forma transparente e zelosa\u201d. \u00a0<\/p>\n<p>As quebras de sigilo contra Zanin e esposa acabariam anuladas pela Justi\u00e7a Federal, por falta de provas das acusa\u00e7\u00f5es. As reclama\u00e7\u00f5es abertas contra Dallagnol no CNMP tamb\u00e9m n\u00e3o resultaram em puni\u00e7\u00f5es e foram arquivadas.<\/p>\n<p>\u201cO desdobramento das reclama\u00e7\u00f5es prova que eram insubsistentes. O seu conte\u00fado comprova que jamais se converteriam em demiss\u00e3o. E isso prova que n\u00e3o podem fundamentar o afastamento do candidato das elei\u00e7\u00f5es\u201d, argumenta a defesa do ex-procurador.<\/p>\n<p>&#8220;A defesa do candidato jamais teve a inten\u00e7\u00e3o de expor dados do ent\u00e3o advogado, mas sim de exercer com plenitude o direito pol\u00edtico de candidatura, demonstrando cabalmente sua elegibilidade&#8221;, complementa o texto.<\/p>\n<p>Ainda neste s\u00e1bado, ap\u00f3s a revela\u00e7\u00e3o sobre a exposi\u00e7\u00e3o dos dados de Zanin, a relatora do registro de candidatura de Dallagnol, desembargadora Vanessa Jamus Marchi, imp\u00f4s novo sigilo sobre os documentos.<\/p>\n","protected":false},"excerpt":{"rendered":"<p>O ministro Cristiano Zanin (foto), do Supremo Tribunal Federal (STF), enviou neste s\u00e1bado (5) um of\u00edcio ao Tribunal Regional Eleitoral do Paran\u00e1 (TRE-PE) pedindo responsabiliza\u00e7\u00e3o dos envolvidos na exposi\u00e7\u00e3o de seus dados fiscais e banc\u00e1rios, que foram anexados ao registro de candidatura ao Senado do ex-procurador da Rep\u00fablica Deltan Dallagnol (Novo). No of\u00edcio, endere\u00e7ado ao [&hellip;]<\/p>\n","protected":false},"author":56,"featured_media":46110,"comment_status":"open","ping_status":"open","sticky":false,"template":"","format":"standard","meta":{"site-sidebar-layout":"default","site-content-layout":"","ast-site-content-layout":"default","site-content-style":"default","site-sidebar-style":"default","ast-global-header-display":"","ast-banner-title-visibility":"","ast-main-header-display":"","ast-hfb-above-header-display":"","ast-hfb-below-header-display":"","ast-hfb-mobile-header-display":"","site-post-title":"","ast-breadcrumbs-content":"","ast-featured-img":"","footer-sml-layout":"","ast-disable-related-posts":"","theme-transparent-header-meta":"","adv-header-id-meta":"","stick-header-meta":"","header-above-stick-meta":"","header-main-stick-meta":"","header-below-stick-meta":"","astra-migrate-meta-layouts":"default","ast-page-background-enabled":"default","ast-page-background-meta":{"desktop":{"background-color":"var(--ast-global-color-4)","background-image":"","background-repeat":"repeat","background-position":"center center","background-size":"auto","background-attachment":"scroll","background-type":"","background-media":"","overlay-type":"","overlay-color":"","overlay-opacity":"","overlay-gradient":""},"tablet":{"background-color":"","background-image":"","background-repeat":"repeat","background-position":"center center","background-size":"auto","background-attachment":"scroll","background-type":"","background-media":"","overlay-type":"","overlay-color":"","overlay-opacity":"","overlay-gradient":""},"mobile":{"background-color":"","background-image":"","background-repeat":"repeat","background-position":"center center","background-size":"auto","background-attachment":"scroll","background-type":"","background-media":"","overlay-type":"","overlay-color":"","overlay-opacity":"","overlay-gradient":""}},"ast-content-background-meta":{"desktop":{"background-color":"var(--ast-global-color-5)","background-image":"","background-repeat":"repeat","background-position":"center center","background-size":"auto","background-attachment":"scroll","background-type":"","background-media":"","overlay-type":"","overlay-color":"","overlay-opacity":"","overlay-gradient":""},"tablet":{"background-color":"var(--ast-global-color-5)","background-image":"","background-repeat":"repeat","background-position":"center center","background-size":"auto","background-attachment":"scroll","background-type":"","background-media":"","overlay-type":"","overlay-color":"","overlay-opacity":"","overlay-gradient":""},"mobile":{"background-color":"var(--ast-global-color-5)","background-image":"","background-repeat":"repeat","background-position":"center center","background-size":"auto","background-attachment":"scroll","background-type":"","background-media":"","overlay-type":"","overlay-color":"","overlay-opacity":"","overlay-gradient":""}},"footnotes":""},"categories":[3],"tags":[],"class_list":["post-46109","post","type-post","status-publish","format-standard","has-post-thumbnail","hentry","category-seguranca-e-justica"],"_links":{"self":[{"href":"https:\/\/colunadahora.com.br\/index.php?rest_route=\/wp\/v2\/posts\/46109","targetHints":{"allow":["GET"]}}],"collection":[{"href":"https:\/\/colunadahora.com.br\/index.php?rest_route=\/wp\/v2\/posts"}],"about":[{"href":"https:\/\/colunadahora.com.br\/index.php?rest_route=\/wp\/v2\/types\/post"}],"author":[{"embeddable":true,"href":"https:\/\/colunadahora.com.br\/index.php?rest_route=\/wp\/v2\/users\/56"}],"replies":[{"embeddable":true,"href":"https:\/\/colunadahora.com.br\/index.php?rest_route=%2Fwp%2Fv2%2Fcomments&post=46109"}],"version-history":[{"count":0,"href":"https:\/\/colunadahora.com.br\/index.php?rest_route=\/wp\/v2\/posts\/46109\/revisions"}],"wp:featuredmedia":[{"embeddable":true,"href":"https:\/\/colunadahora.com.br\/index.php?rest_route=\/wp\/v2\/media\/46110"}],"wp:attachment":[{"href":"https:\/\/colunadahora.com.br\/index.php?rest_route=%2Fwp%2Fv2%2Fmedia&parent=46109"}],"wp:term":[{"taxonomy":"category","embeddable":true,"href":"https:\/\/colunadahora.com.br\/index.php?rest_route=%2Fwp%2Fv2%2Fcategories&post=46109"},{"taxonomy":"post_tag","embeddable":true,"href":"https:\/\/colunadahora.com.br\/index.php?rest_route=%2Fwp%2Fv2%2Ftags&post=46109"}],"curies":[{"name":"wp","href":"https:\/\/api.w.org\/{rel}","templated":true}]}}