{"id":46095,"date":"2026-09-05T16:18:50","date_gmt":"2026-09-05T19:18:50","guid":{"rendered":"https:\/\/colunadahora.com.br\/?p=46095"},"modified":"2026-09-05T16:18:50","modified_gmt":"2026-09-05T19:18:50","slug":"justica-condena-pais-a-indenizar-filho-expulso-por-orientacao-sexual","status":"publish","type":"post","link":"https:\/\/colunadahora.com.br\/?p=46095","title":{"rendered":"Justi\u00e7a condena pais a indenizar filho expulso por orienta\u00e7\u00e3o sexual"},"content":{"rendered":"<p><strong>A Justi\u00e7a de Santa Catarina condenou os pais de um adolescente por abandono afetivo, depois de ele revelar sua orienta\u00e7\u00e3o sexual. Eles ter\u00e3o de pagar uma indeniza\u00e7\u00e3o de R$ 100 mil por danos morais.\u00a0\u00a0<\/strong><img decoding=\"async\" src=\"https:\/\/agenciabrasil.ebc.com.br\/ebc.png?id=1701651&#038;o=rss\"><img decoding=\"async\" src=\"https:\/\/agenciabrasil.ebc.com.br\/ebc.gif?id=1701651&#038;o=rss\"><\/p>\n<p><strong>O jovem foi amea\u00e7ado e expulso de casa, tendo sua vida privada exposta pelo pai nas redes sociais.<\/strong><\/p>\n<p>Segundo o Minist\u00e9rio P\u00fablico (MP) catarinense,\u00a0o Conselho Tutelar interferiu\u00a0e acolheu\u00a0o jovem em agosto de 2025. Em seguida, o\u00a0MP obteve liminar que determinou\u00a0a retirada dos conte\u00fados discriminat\u00f3rios postados pelo pai da v\u00edtima e estabeleceu\u00a0uma\u00a0multa di\u00e1ria de R$ 2 mil, caso voltasse a veicul\u00e1-los.<\/p>\n<p>Uma per\u00edcia psicol\u00f3gica, realizada enquanto a a\u00e7\u00e3o do MP tramitava, apontou\u00a0para a <strong>exist\u00eancia de pr\u00e1ticas autorit\u00e1rias, neglig\u00eancia afetiva, viol\u00eancia psicol\u00f3gica e rejei\u00e7\u00e3o relacionada \u00e0 orienta\u00e7\u00e3o do jovem em sua casa<\/strong>. O laudo destacou sentimentos de abandono e inseguran\u00e7a afetiva como consequ\u00eancias do tratamento dado pelos pais a ele.<\/p>\n<p>O promotor Tito Gabriel Cosato Barreiro, da 1\u00aa Promotoria de Justi\u00e7a da Comarca de Jaguaruna, afirmou no processo que \u201ca responsabiliza\u00e7\u00e3o reconhecida pela Justi\u00e7a n\u00e3o decorre da aus\u00eancia de amor, algo que n\u00e3o pode ser exigido pelo Estado, mas do descumprimento dos deveres jur\u00eddicos de cuidado, prote\u00e7\u00e3o e acolhimento impostos aos pais.<\/p>\n<p>Conforme acrescentou, todo jovem tem o direito a prote\u00e7\u00e3o e a respeito assegurado pela Constitui\u00e7\u00e3o Federal e pelo Estatuto da Crian\u00e7a e do Adolescente (ECA).<\/p>\n<p>Diversas organiza\u00e7\u00f5es n\u00e3o governamentais elaboram anualmente <a href=\"https:\/\/www.fundobrasil.org.br\/blog\/as-dificuldades-enfrentadas-pelas-pessoas-lgbtqia\/\" target=\"_blank\">relat\u00f3rios que documentam como o preconceito atinge a vida de membros da comunidade LGBTQIA+<\/a>.\u00a0<\/p>\n<p>Segundo o\u00a0Grupo Gay da Bahia, em 2023, foram registrados o\u00a0homic\u00eddio de 204 e\u00a020 suic\u00eddios.\u00a0Estima-se que os n\u00fameros podem ser superiores, j\u00e1 que a maioria dos casos \u00e9 conhecida por meio dos ve\u00edculos de comunica\u00e7\u00e3o.\u00a0<\/p>\n<p>A Associa\u00e7\u00e3o Brasileira de L\u00e9sbicas, Gays, Bissexuais, Travestis, Transexuais e Intersexos (ABGLT), em colabora\u00e7\u00e3o interinstitucional, <a href=\"https:\/\/www.abglt.org\/observatorio\" target=\"_blank\">identificou, de janeiro a mar\u00e7o de 2026, 50 casos de viol\u00eancia, sendo 30 (60%)\u00a0motivados por LGBTIfobia<\/a>. Quanto aos outros 20 (40%), n\u00e3o h\u00e1 confirma\u00e7\u00e3o que sejam\u00a0atrelados a esse tipo de \u00f3dio, devido \u00e0 falta de informa\u00e7\u00f5es.\u00a0<\/p>\n<p>Em 2019, o Supremo Tribunal Federal (STF) equiparou a homofobia e transfobia a\u00a0crimes de racismo,\u00a0por conta da inexist\u00eancia de uma lei espec\u00edfica definida pelo Congresso Nacional. Em 2024, a Corte igualou ofensas contra os LGBTQIA+ a inj\u00faria racial.<\/p>\n","protected":false},"excerpt":{"rendered":"<p>A Justi\u00e7a de Santa Catarina condenou os pais de um adolescente por abandono afetivo, depois de ele revelar sua orienta\u00e7\u00e3o sexual. Eles ter\u00e3o de pagar uma indeniza\u00e7\u00e3o de R$ 100 mil por danos morais.\u00a0\u00a0 O jovem foi amea\u00e7ado e expulso de casa, tendo sua vida privada exposta pelo pai nas redes sociais. Segundo o Minist\u00e9rio [&hellip;]<\/p>\n","protected":false},"author":470,"featured_media":46096,"comment_status":"open","ping_status":"open","sticky":false,"template":"","format":"standard","meta":{"site-sidebar-layout":"default","site-content-layout":"","ast-site-content-layout":"default","site-content-style":"default","site-sidebar-style":"default","ast-global-header-display":"","ast-banner-title-visibility":"","ast-main-header-display":"","ast-hfb-above-header-display":"","ast-hfb-below-header-display":"","ast-hfb-mobile-header-display":"","site-post-title":"","ast-breadcrumbs-content":"","ast-featured-img":"","footer-sml-layout":"","ast-disable-related-posts":"","theme-transparent-header-meta":"","adv-header-id-meta":"","stick-header-meta":"","header-above-stick-meta":"","header-main-stick-meta":"","header-below-stick-meta":"","astra-migrate-meta-layouts":"default","ast-page-background-enabled":"default","ast-page-background-meta":{"desktop":{"background-color":"var(--ast-global-color-4)","background-image":"","background-repeat":"repeat","background-position":"center center","background-size":"auto","background-attachment":"scroll","background-type":"","background-media":"","overlay-type":"","overlay-color":"","overlay-opacity":"","overlay-gradient":""},"tablet":{"background-color":"","background-image":"","background-repeat":"repeat","background-position":"center center","background-size":"auto","background-attachment":"scroll","background-type":"","background-media":"","overlay-type":"","overlay-color":"","overlay-opacity":"","overlay-gradient":""},"mobile":{"background-color":"","background-image":"","background-repeat":"repeat","background-position":"center center","background-size":"auto","background-attachment":"scroll","background-type":"","background-media":"","overlay-type":"","overlay-color":"","overlay-opacity":"","overlay-gradient":""}},"ast-content-background-meta":{"desktop":{"background-color":"var(--ast-global-color-5)","background-image":"","background-repeat":"repeat","background-position":"center center","background-size":"auto","background-attachment":"scroll","background-type":"","background-media":"","overlay-type":"","overlay-color":"","overlay-opacity":"","overlay-gradient":""},"tablet":{"background-color":"var(--ast-global-color-5)","background-image":"","background-repeat":"repeat","background-position":"center center","background-size":"auto","background-attachment":"scroll","background-type":"","background-media":"","overlay-type":"","overlay-color":"","overlay-opacity":"","overlay-gradient":""},"mobile":{"background-color":"var(--ast-global-color-5)","background-image":"","background-repeat":"repeat","background-position":"center center","background-size":"auto","background-attachment":"scroll","background-type":"","background-media":"","overlay-type":"","overlay-color":"","overlay-opacity":"","overlay-gradient":""}},"footnotes":""},"categories":[3],"tags":[],"class_list":["post-46095","post","type-post","status-publish","format-standard","has-post-thumbnail","hentry","category-seguranca-e-justica"],"_links":{"self":[{"href":"https:\/\/colunadahora.com.br\/index.php?rest_route=\/wp\/v2\/posts\/46095","targetHints":{"allow":["GET"]}}],"collection":[{"href":"https:\/\/colunadahora.com.br\/index.php?rest_route=\/wp\/v2\/posts"}],"about":[{"href":"https:\/\/colunadahora.com.br\/index.php?rest_route=\/wp\/v2\/types\/post"}],"author":[{"embeddable":true,"href":"https:\/\/colunadahora.com.br\/index.php?rest_route=\/wp\/v2\/users\/470"}],"replies":[{"embeddable":true,"href":"https:\/\/colunadahora.com.br\/index.php?rest_route=%2Fwp%2Fv2%2Fcomments&post=46095"}],"version-history":[{"count":0,"href":"https:\/\/colunadahora.com.br\/index.php?rest_route=\/wp\/v2\/posts\/46095\/revisions"}],"wp:featuredmedia":[{"embeddable":true,"href":"https:\/\/colunadahora.com.br\/index.php?rest_route=\/wp\/v2\/media\/46096"}],"wp:attachment":[{"href":"https:\/\/colunadahora.com.br\/index.php?rest_route=%2Fwp%2Fv2%2Fmedia&parent=46095"}],"wp:term":[{"taxonomy":"category","embeddable":true,"href":"https:\/\/colunadahora.com.br\/index.php?rest_route=%2Fwp%2Fv2%2Fcategories&post=46095"},{"taxonomy":"post_tag","embeddable":true,"href":"https:\/\/colunadahora.com.br\/index.php?rest_route=%2Fwp%2Fv2%2Ftags&post=46095"}],"curies":[{"name":"wp","href":"https:\/\/api.w.org\/{rel}","templated":true}]}}