{"id":46081,"date":"2026-09-05T12:19:56","date_gmt":"2026-09-05T15:19:56","guid":{"rendered":"https:\/\/colunadahora.com.br\/?p=46081"},"modified":"2026-09-05T12:19:56","modified_gmt":"2026-09-05T15:19:56","slug":"veja-alteracoes-no-transito-de-brasilia-para-desfile-do-7-de-setembro","status":"publish","type":"post","link":"https:\/\/colunadahora.com.br\/?p=46081","title":{"rendered":"Veja altera\u00e7\u00f5es no tr\u00e2nsito de Bras\u00edlia para desfile do 7 de Setembro"},"content":{"rendered":"<p><strong>Em raz\u00e3o do <a href=\"https:\/\/agenciabrasil.ebc.com.br\/tags\/7-de-setembro\" target=\"_blank\">Desfile C\u00edvico de 7 de Setembro<\/a>, na pr\u00f3xima segunda-feira (7), em Bras\u00edlia, o tr\u00e2nsito na capital federal j\u00e1 passa por\u00a0altera\u00e7\u00f5es.<\/strong><img decoding=\"async\" src=\"https:\/\/agenciabrasil.ebc.com.br\/ebc.png?id=1701615&#038;o=rss\"><img decoding=\"async\" src=\"https:\/\/agenciabrasil.ebc.com.br\/ebc.gif?id=1701615&#038;o=rss\"><\/p>\n<p>Neste s\u00e1bado (5), na <a href=\"https:\/\/agenciabrasil.ebc.com.br\/tags\/esplanada-dos-ministerios-2\" target=\"_blank\">Esplanada dos Minist\u00e9rios<\/a>, a partir das 16h, a liga\u00e7\u00e3o das vias S1\/N1, pr\u00f3ximo ao <a href=\"https:\/\/museu.cultura.df.gov.br\/\" target=\"_blank\">Museu da Rep\u00fablica<\/a>, ser\u00e1 fechada para demarca\u00e7\u00e3o dos locais destinados aos ambulantes. A partir das 23h, ser\u00e3o instaladas\u00a0barreiras de concreto para fechamento das vias e demais sinaliza\u00e7\u00f5es de desvios.<\/p>\n<p>Nessa\u00a0sexta-feira (4), dois pain\u00e9is de mensagens foram instalados no Eixo Monumental, perto da\u00a0Torre de TV, para orientar\u00a0os condutores sobre a suspens\u00e3o do tr\u00e1fego no fim de semana. Outro aviso foi colocado pr\u00f3ximo \u00e0 Rodovi\u00e1ria do Plano Piloto para informar que, neste\u00a0domingo, o acesso ser\u00e1 liberado apenas para \u00f4nibus.<\/p>\n<p>No domingo (6), o tr\u00e1fego de ve\u00edculos na Esplanada dos Minist\u00e9rios ser\u00e1 bloqueado a partir das 16h. A circula\u00e7\u00e3o\u00a0de ve\u00edculos nas vias S2, S3 ser\u00e1 controlada, at\u00e9 o t\u00e9rmino do desfile e a total evacua\u00e7\u00e3o do local.<\/p>\n<h2>Pedestres<\/h2>\n<p>Durante toda a segunda-feira, agentes de tr\u00e2nsito v\u00e3o auxiliar nas travessias de pedestres que v\u00e3o participar do desfile. O acesso de ve\u00edculos e pedestres n\u00e3o autorizados \u00e0 \u00e1rea do desfile pela via S2 ser\u00e1 impedido, assim como o estacionamento em locais proibidos ou que prejudiquem a fluidez nas vias.<\/p>\n<p>De acordo com o governo do Distrito Federal, haver\u00e1 patrulhamento nas vias S2, S3 e proximidades, com guincho e empilhadeira na chamada Cidade da Seguran\u00e7a, montada no Complexo do Rep\u00fablica e em outros pontos estrat\u00e9gicos da Esplanada, com equipe pronta a atender \u00e0 necessidade de remo\u00e7\u00e3o de ve\u00edculos.<\/p>\n<h2>Bras\u00edlia Air Show<\/h2>\n<p><strong>Ainda no domingo, das 9h \u00e0s 17h, a <a href=\"https:\/\/www.fab.mil.br\/\" target=\"_blank\">For\u00e7a A\u00e9rea Brasileira (FAB) <\/a>promover\u00e1 o evento <a href=\"https:\/\/www.portoesabertosbabr.com\/\" target=\"_blank\">Bras\u00edlia Air Show<\/a>, na Base A\u00e9rea de Bras\u00edlia.<\/strong> A expectativa \u00e9 que 80 mil pessoas passem pelo local. Haver\u00e1 demonstra\u00e7\u00f5es a\u00e9reas, exposi\u00e7\u00e3o de aeronaves e atra\u00e7\u00f5es interativas,\u00a0com foco em tecnologia e\u00a0inova\u00e7\u00e3o. A finalidade \u00e9 aproximar o o p\u00fablico do universo da avia\u00e7\u00e3o civil e militar.<br \/>\n\u00a0<\/p>\n<blockquote class=\"instagram-media\" data-instgrm-permalink=\"https:\/\/www.instagram.com\/reel\/Dc4SYMdxW7q\/?utm_source=ig_embed&#038;utm_campaign=loading\" data-instgrm-version=\"14\">\n<div>\n<div>\n<div>\u00a0<\/div>\n<div>\n<div>\u00a0<\/div>\n<div>\u00a0<\/div>\n<\/div>\n<\/div>\n<div>\u00a0<\/div>\n<div><a href=\"https:\/\/www.instagram.com\/reel\/Dc4SYMdxW7q\/?utm_source=ig_embed&#038;utm_campaign=loading\" target=\"_blank\"><svg height=\"50px\" version=\"1.1\" viewbox=\"0 0 60 60\" width=\"50px\" xmlns=\"https:\/\/www.w3.org\/2000\/svg\" xmlns:xlink=\"https:\/\/www.w3.org\/1999\/xlink\"><g fill=\"none\" fill-rule=\"evenodd\" stroke=\"none\" stroke-width=\"1\"><g fill=\"#000000\" transform=\"translate(-511.000000, -20.000000)\"><g><path d=\"M556.869,30.41 C554.814,30.41 553.148,32.076 553.148,34.131 C553.148,36.186 554.814,37.852 556.869,37.852 C558.924,37.852 560.59,36.186 560.59,34.131 C560.59,32.076 558.924,30.41 556.869,30.41 M541,60.657 C535.114,60.657 530.342,55.887 530.342,50 C530.342,44.114 535.114,39.342 541,39.342 C546.887,39.342 551.658,44.114 551.658,50 C551.658,55.887 546.887,60.657 541,60.657 M541,33.886 C532.1,33.886 524.886,41.1 524.886,50 C524.886,58.899 532.1,66.113 541,66.113 C549.9,66.113 557.115,58.899 557.115,50 C557.115,41.1 549.9,33.886 541,33.886 M565.378,62.101 C565.244,65.022 564.756,66.606 564.346,67.663 C563.803,69.06 563.154,70.057 562.106,71.106 C561.058,72.155 560.06,72.803 558.662,73.347 C557.607,73.757 556.021,74.244 553.102,74.378 C549.944,74.521 548.997,74.552 541,74.552 C533.003,74.552 532.056,74.521 528.898,74.378 C525.979,74.244 524.393,73.757 523.338,73.347 C521.94,72.803 520.942,72.155 519.894,71.106 C518.846,70.057 518.197,69.06 517.654,67.663 C517.244,66.606 516.755,65.022 516.623,62.101 C516.479,58.943 516.448,57.996 516.448,50 C516.448,42.003 516.479,41.056 516.623,37.899 C516.755,34.978 517.244,33.391 517.654,32.338 C518.197,30.938 518.846,29.942 519.894,28.894 C520.942,27.846 521.94,27.196 523.338,26.654 C524.393,26.244 525.979,25.756 528.898,25.623 C532.057,25.479 533.004,25.448 541,25.448 C548.997,25.448 549.943,25.479 553.102,25.623 C556.021,25.756 557.607,26.244 558.662,26.654 C560.06,27.196 561.058,27.846 562.106,28.894 C563.154,29.942 563.803,30.938 564.346,32.338 C564.756,33.391 565.244,34.978 565.378,37.899 C565.522,41.056 565.552,42.003 565.552,50 C565.552,57.996 565.522,58.943 565.378,62.101 M570.82,37.631 C570.674,34.438 570.167,32.258 569.425,30.349 C568.659,28.377 567.633,26.702 565.965,25.035 C564.297,23.368 562.623,22.342 560.652,21.575 C558.743,20.834 556.562,20.326 553.369,20.18 C550.169,20.033 549.148,20 541,20 C532.853,20 531.831,20.033 528.631,20.18 C525.438,20.326 523.257,20.834 521.349,21.575 C519.376,22.342 517.703,23.368 516.035,25.035 C514.368,26.702 513.342,28.377 512.574,30.349 C511.834,32.258 511.326,34.438 511.181,37.631 C511.035,40.831 511,41.851 511,50 C511,58.147 511.035,59.17 511.181,62.369 C511.326,65.562 511.834,67.743 512.574,69.651 C513.342,71.625 514.368,73.296 516.035,74.965 C517.703,76.634 519.376,77.658 521.349,78.425 C523.257,79.167 525.438,79.673 528.631,79.82 C531.831,79.965 532.853,80.001 541,80.001 C549.148,80.001 550.169,79.965 553.369,79.82 C556.562,79.673 558.743,79.167 560.652,78.425 C562.623,77.658 564.297,76.634 565.965,74.965 C567.633,73.296 568.659,71.625 569.425,69.651 C570.167,67.743 570.674,65.562 570.82,62.369 C570.966,59.17 571,58.147 571,50 C571,41.851 570.966,40.831 570.82,37.631\"><\/path><\/g><\/g><\/g><\/svg><\/a><\/div>\n<div>\n<div><a href=\"https:\/\/www.instagram.com\/reel\/Dc4SYMdxW7q\/?utm_source=ig_embed&#038;utm_campaign=loading\" target=\"_blank\">Ver essa foto no Instagram<\/a><\/div>\n<\/div>\n<div>\u00a0<\/div>\n<div>\n<div>\n<div>\u00a0<\/div>\n<div>\u00a0<\/div>\n<div>\u00a0<\/div>\n<\/div>\n<div>\n<div>\u00a0<\/div>\n<div>\u00a0<\/div>\n<\/div>\n<div>\n<div>\u00a0<\/div>\n<div>\u00a0<\/div>\n<div>\u00a0<\/div>\n<\/div>\n<\/div>\n<div>\n<div>\u00a0<\/div>\n<div>\u00a0<\/div>\n<\/div>\n<p><a href=\"https:\/\/www.instagram.com\/reel\/Dc4SYMdxW7q\/?utm_source=ig_embed&#038;utm_campaign=loading\" target=\"_blank\">Um post compartilhado por Age\u0302ncia Brasil (@agencia.brasil)<\/a><\/p>\n<\/div>\n<\/blockquote>\n<p><script async=\"\" src=\"\/\/www.instagram.com\/embed.js\"><\/script><\/p>\n<p>Com isso, a rotat\u00f3ria na quadra 14, conjunto 1, do Park Way, no sentido marginal da Estrada Parque Aeroporto, DF-047, ser\u00e1 fechada. Tamb\u00e9m ser\u00e1 fechada a al\u00e7a de liga\u00e7\u00e3o da DF-025, que d\u00e1 acesso \u00e0 marginal da Estrada Parque Aeroporto.<\/p>\n<p>O local ser\u00e1 sinalizado com cones, destinando duas faixas para o acesso \u00e0 Base A\u00e9rea e duas para seguir em dire\u00e7\u00e3o ao aeroporto.<\/p>\n","protected":false},"excerpt":{"rendered":"<p>Em raz\u00e3o do Desfile C\u00edvico de 7 de Setembro, na pr\u00f3xima segunda-feira (7), em Bras\u00edlia, o tr\u00e2nsito na capital federal j\u00e1 passa por\u00a0altera\u00e7\u00f5es. Neste s\u00e1bado (5), na Esplanada dos Minist\u00e9rios, a partir das 16h, a liga\u00e7\u00e3o das vias S1\/N1, pr\u00f3ximo ao Museu da Rep\u00fablica, ser\u00e1 fechada para demarca\u00e7\u00e3o dos locais destinados aos ambulantes. A partir [&hellip;]<\/p>\n","protected":false},"author":1,"featured_media":46082,"comment_status":"open","ping_status":"open","sticky":false,"template":"","format":"standard","meta":{"site-sidebar-layout":"default","site-content-layout":"","ast-site-content-layout":"default","site-content-style":"default","site-sidebar-style":"default","ast-global-header-display":"","ast-banner-title-visibility":"","ast-main-header-display":"","ast-hfb-above-header-display":"","ast-hfb-below-header-display":"","ast-hfb-mobile-header-display":"","site-post-title":"","ast-breadcrumbs-content":"","ast-featured-img":"","footer-sml-layout":"","ast-disable-related-posts":"","theme-transparent-header-meta":"","adv-header-id-meta":"","stick-header-meta":"","header-above-stick-meta":"","header-main-stick-meta":"","header-below-stick-meta":"","astra-migrate-meta-layouts":"default","ast-page-background-enabled":"default","ast-page-background-meta":{"desktop":{"background-color":"var(--ast-global-color-4)","background-image":"","background-repeat":"repeat","background-position":"center center","background-size":"auto","background-attachment":"scroll","background-type":"","background-media":"","overlay-type":"","overlay-color":"","overlay-opacity":"","overlay-gradient":""},"tablet":{"background-color":"","background-image":"","background-repeat":"repeat","background-position":"center center","background-size":"auto","background-attachment":"scroll","background-type":"","background-media":"","overlay-type":"","overlay-color":"","overlay-opacity":"","overlay-gradient":""},"mobile":{"background-color":"","background-image":"","background-repeat":"repeat","background-position":"center center","background-size":"auto","background-attachment":"scroll","background-type":"","background-media":"","overlay-type":"","overlay-color":"","overlay-opacity":"","overlay-gradient":""}},"ast-content-background-meta":{"desktop":{"background-color":"var(--ast-global-color-5)","background-image":"","background-repeat":"repeat","background-position":"center center","background-size":"auto","background-attachment":"scroll","background-type":"","background-media":"","overlay-type":"","overlay-color":"","overlay-opacity":"","overlay-gradient":""},"tablet":{"background-color":"var(--ast-global-color-5)","background-image":"","background-repeat":"repeat","background-position":"center center","background-size":"auto","background-attachment":"scroll","background-type":"","background-media":"","overlay-type":"","overlay-color":"","overlay-opacity":"","overlay-gradient":""},"mobile":{"background-color":"var(--ast-global-color-5)","background-image":"","background-repeat":"repeat","background-position":"center center","background-size":"auto","background-attachment":"scroll","background-type":"","background-media":"","overlay-type":"","overlay-color":"","overlay-opacity":"","overlay-gradient":""}},"footnotes":""},"categories":[1],"tags":[],"class_list":["post-46081","post","type-post","status-publish","format-standard","has-post-thumbnail","hentry","category-sem-categoria"],"_links":{"self":[{"href":"https:\/\/colunadahora.com.br\/index.php?rest_route=\/wp\/v2\/posts\/46081","targetHints":{"allow":["GET"]}}],"collection":[{"href":"https:\/\/colunadahora.com.br\/index.php?rest_route=\/wp\/v2\/posts"}],"about":[{"href":"https:\/\/colunadahora.com.br\/index.php?rest_route=\/wp\/v2\/types\/post"}],"author":[{"embeddable":true,"href":"https:\/\/colunadahora.com.br\/index.php?rest_route=\/wp\/v2\/users\/1"}],"replies":[{"embeddable":true,"href":"https:\/\/colunadahora.com.br\/index.php?rest_route=%2Fwp%2Fv2%2Fcomments&post=46081"}],"version-history":[{"count":0,"href":"https:\/\/colunadahora.com.br\/index.php?rest_route=\/wp\/v2\/posts\/46081\/revisions"}],"wp:featuredmedia":[{"embeddable":true,"href":"https:\/\/colunadahora.com.br\/index.php?rest_route=\/wp\/v2\/media\/46082"}],"wp:attachment":[{"href":"https:\/\/colunadahora.com.br\/index.php?rest_route=%2Fwp%2Fv2%2Fmedia&parent=46081"}],"wp:term":[{"taxonomy":"category","embeddable":true,"href":"https:\/\/colunadahora.com.br\/index.php?rest_route=%2Fwp%2Fv2%2Fcategories&post=46081"},{"taxonomy":"post_tag","embeddable":true,"href":"https:\/\/colunadahora.com.br\/index.php?rest_route=%2Fwp%2Fv2%2Ftags&post=46081"}],"curies":[{"name":"wp","href":"https:\/\/api.w.org\/{rel}","templated":true}]}}