{"id":46070,"date":"2026-09-05T10:19:19","date_gmt":"2026-09-05T13:19:19","guid":{"rendered":"https:\/\/colunadahora.com.br\/?p=46070"},"modified":"2026-09-05T10:19:19","modified_gmt":"2026-09-05T13:19:19","slug":"saude-mental-apos-perda-gestacional-requer-atencao-de-profissionais","status":"publish","type":"post","link":"https:\/\/colunadahora.com.br\/?p=46070","title":{"rendered":"Sa\u00fade mental ap\u00f3s perda gestacional requer aten\u00e7\u00e3o de profissionais"},"content":{"rendered":"<\/p>\n<p><a class=\"\" href=\"https:\/\/agenciabrasil.ebc.com.br\/saude\/noticia\/2026-09\/saude-mental-apos-perda-gestacional-requer-atencao-de-profissionais\"><br \/>\n                    <img decoding=\"async\" src=\"https:\/\/cdn.jsdelivr.net\/gh\/sergiosdlima\/assets-ebc@1.0.0\/abr\/assets\/images\/logo-agenciabrasil.svg\" alt=\"Logo Ag\u00eancia Brasil\"><br \/>\n\t\t\t\t<\/a><\/p>\n<p>Nascida em\u00a0uma fam\u00edlia grande em Manaus, Kalyane Ribeiro n\u00e3o imaginava que teria dificuldades para engravidar. Mas, aos 32 anos, ap\u00f3s um ano e meio de tentativas, ela passou pela perda gestacional precoce, uma interrup\u00e7\u00e3o involunt\u00e1ria da gravidez que pode ocorrer at\u00e9 a 20\u00aa semana da gesta\u00e7\u00e3o.<img decoding=\"async\" src=\"https:\/\/agenciabrasil.ebc.com.br\/ebc.png?id=1701556&#038;o=rss\"><img decoding=\"async\" src=\"https:\/\/agenciabrasil.ebc.com.br\/ebc.gif?id=1701556&#038;o=rss\"><\/p>\n<p>\u201cEu sempre falo para as pessoas que quando a gente passa por uma perda gestacional, mesmo que seja precoce, a gente entra em um buraco. Parece que a gente abre uma porta para um lugar com poucas pessoas\u00a0dentro, e as pessoas que est\u00e3o do lado de fora n\u00e3o conseguem saber o que tem l\u00e1\u201d, disse.\u00a0<\/p>\n<\/p>\n<h3>Not\u00edcias relacionadas:<\/h3>\n<ul>\n<li><a href=\"https:\/\/agenciabrasil.ebc.com.br\/direitos-humanos\/noticia\/2026-08\/gravidez-reduz-oportunidades-e-autonomia-de-meninas-mostra-pesquisa\">Gravidez reduz oportunidades e autonomia de meninas, mostra pesquisa.<\/a><\/li>\n<li><a href=\"https:\/\/agenciabrasil.ebc.com.br\/saude\/noticia\/2026-08\/nova-diretriz-muda-tratamento-da-tireoide-na-gestacao\">Nova diretriz muda tratamento da tireoide na gesta\u00e7\u00e3o.<\/a><\/li>\n<li><a href=\"https:\/\/agenciabrasil.ebc.com.br\/politica\/noticia\/2026-09\/pesquisa-analisa-propostas-dirigidas-mulheres-em-planos-de-governo\">Pesquisa analisa propostas dirigidas \u00e0s mulheres em planos de governo.<\/a><\/li>\n<\/ul>\n<p>O cuidado e a aten\u00e7\u00e3o com a sa\u00fade mental ap\u00f3s a perda gestacional, como a vivida por Kalyane, s\u00e3o ainda negligenciados, segundo a Federa\u00e7\u00e3o Brasileira das Associa\u00e7\u00f5es de Ginecologia e Obstetr\u00edcia (Febrasgo). <strong>Neste Setembro Amarelo, campanha nacional de conscientiza\u00e7\u00e3o sobre a preven\u00e7\u00e3o ao suic\u00eddio no Brasil, a associa\u00e7\u00e3o chama aten\u00e7\u00e3o para a quest\u00e3o<\/strong>.<\/p>\n<p>Muitas vezes, a perda gestacional \u00e9 negligenciada por familiares, amigos e at\u00e9 mesmo por profissionais de sa\u00fade, conta Kalyane.<\/p>\n<blockquote>\n<p>\u201cAs pessoas do mundo real, aqui fora, elas n\u00e3o querem saber. Voc\u00ea s\u00f3 escuta um \u2018voc\u00ea vai ter que tentar de novo, vai dar certo\u2019. S\u00f3 que n\u00e3o \u00e9 uma quest\u00e3o de substituir o filho, n\u00e9? A gente n\u00e3o t\u00e1 procurando um substituto\u201d, diz.<\/p>\n<\/blockquote>\n<h2>Trauma<\/h2>\n<p>A perda gestacional constitui um evento traum\u00e1tico e exige acolhimento e assist\u00eancia especializada, ressalta o vice-presidente da Comiss\u00e3o Nacional Especializada em Assist\u00eancia ao Abortamento, Parto e Puerp\u00e9rio da Febrasgo, o obstetra Romulo Negrini.<\/p>\n<p>&#8220;<strong>Independentemente da idade gestacional, a perda pode provocar tristeza profunda, sensa\u00e7\u00e3o de vazio, culpa, ansiedade, dificuldade para dormir, irritabilidade e perda do interesse pelas atividades do dia a dia<\/strong>. Sofrer intensamente nesse momento \u00e9 uma rea\u00e7\u00e3o humana esperada e n\u00e3o significa, por si s\u00f3, que a mulher tenha desenvolvido uma doen\u00e7a psiqui\u00e1trica&#8221;, diz Negrini.<\/p>\n<p>De acordo com o obstetra Eduardo Felix Martins Santana, entre 15% e 20% das gesta\u00e7\u00f5es n\u00e3o evoluem. O integrante da Comiss\u00e3o da Febrasgo e professor da Universidade Federal de S\u00e3o Paulo (Unifesp) e do curso de P\u00f3s-Gradua\u00e7\u00e3o do Hospital Israelita Albert Einstein ressalta a necessidade de apoio durante o luto.<\/p>\n<p>\u201c\u00c9 um desafio passar por isso e \u00e9 muito importante que a mulher n\u00e3o passe por isso sozinha\u201d, enfatiza Santana.<\/p>\n<p>A psiquiatra Andr\u00e9a Cristina Galastri, professora do Instituto de Educa\u00e7\u00e3o M\u00e9dica (Idomed), acrescenta que quest\u00f5es hormonais que fazem parte do processo da perda tamb\u00e9m impactam a sa\u00fade mental.\u00a0As altera\u00e7\u00f5es hormonais duram cerca de 15 dias, de acordo com a m\u00e9dica.<\/p>\n<p>\u201cOs horm\u00f4nios aumentam durante a gravidez e no p\u00f3s-parto da mulher. Os horm\u00f4nios s\u00e3o para manter a placenta, para manter o feto vi\u00e1vel. Ent\u00e3o, quando a mulher tem a perda da gesta\u00e7\u00e3o, os horm\u00f4nios tamb\u00e9m caem. Ent\u00e3o, junto \u00e0 queda hormonal, que seria igual a uma TPM [tens\u00e3o pr\u00e9-menstrual], s\u00f3 que maior, tem a quest\u00e3o da sensibilidade da perda\u201d, explica.<\/p>\n<h2>Alerta<\/h2>\n<p>Segundo Galastri, o quadro se agrava quando o estado persiste, e a mulher apresenta ansiedade, depress\u00e3o e chega a achar que\u00a0n\u00e3o tem mais raz\u00e3o para viver ou se considerar um fracasso. \u201cA\u00ed, o quadro j\u00e1 est\u00e1 bem grave\u201d, afirmou a m\u00e9dica.<\/p>\n<p>Se ela come\u00e7a a perder fun\u00e7\u00e3o, para de comer, n\u00e3o consegue mais dormir, o choro n\u00e3o para em nenhum momento do dia e aquilo vai durando mais de 15 dias, mais de um m\u00eas, a\u00ed j\u00e1 se tem um problema mais grave, pass\u00edvel de tratamento, descreve.<\/p>\n<blockquote>\n<p>\u201cO sofrimento \u00e9 esperado e \u00e9 natural. Mas a paralisia da vida, n\u00e3o\u201d, afirmou a m\u00e9dica.<\/p>\n<\/blockquote>\n<p>Quando se chega ao ponto de ter um sofrimento que desencadeia uma depress\u00e3o posterior, ou um luto patol\u00f3gico, a indica\u00e7\u00e3o \u00e9 psicoterapia e medica\u00e7\u00e3o, para reajustar a parte bioqu\u00edmica que o estresse altera.<\/p>\n<h2>Papel dos m\u00e9dicos<\/h2>\n<p>O obstetra Eduardo Felix Martins Santana defende que, para lidar com uma mulher que tenha passado pela experi\u00eancia de perda gestacional, a primeira regra \u00e9 aproxim\u00e1-la do cuidado, envolvendo o cuidado m\u00e9dico, familiar e dos amigos.<\/p>\n<p>A pessoa vai passar por diferentes est\u00e1gios de aceita\u00e7\u00e3o, nega\u00e7\u00e3o, raiva, tristeza profunda. \u201cE a verdade \u00e9 que, para todos eles, a gente precisa de acolhimento\u201d, ressalta.<\/p>\n<p>Para Santana, \u00e9 preciso que haja uma proatividade dos m\u00e9dicos, dos \u00f3rg\u00e3os que regulamentam os profissionais m\u00e9dicos e das sociedades m\u00e9dicas. Ele destaca que, na Febrasgo, existe essa comiss\u00e3o que presta assist\u00eancia ao abortamento, parto e p\u00f3s-parto.<\/p>\n<p>\u201cExiste essa preocupa\u00e7\u00e3o. O problema est\u00e1 em difundir isso para todo o Brasil. \u00c9 um desafio muito grande\u201d.<\/p>\n<blockquote>\n<p>\u201cA gente precisa que os m\u00e9dicos corram atr\u00e1s tamb\u00e9m dessa assist\u00eancia e se preocupem com esse estado. Porque se formos esperar a paciente retornar ao consult\u00f3rio quando j\u00e1 est\u00e1 deprimida, vamos perder muita gente\u201d.<\/p>\n<\/blockquote>\n<h2>Rede de apoio<\/h2>\n<p>Hoje aos 34 anos, Kalyane atua na \u00e1rea de marketing em Campinas, no estado de S\u00e3o Paulo, onde vive com o marido. Ela conta que encontrou for\u00e7a, al\u00e9m da ajuda profissional, tamb\u00e9m nas experi\u00eancias de outras mulheres.<\/p>\n<p>\u00a0<\/p>\n<div class=\"dnd-widget-wrapper context-cheio_8colunas type-image\">\n<div class=\"dnd-atom-rendered\"><!-- scald=473437:cheio_8colunas --><br \/>\n            <img decoding=\"async\" src=\"https:\/\/agenciabrasil.ebc.com.br\/sites\/default\/files\/thumbnails\/image\/loading_v2.gif\" data-echo=\"https:\/\/imagens.ebc.com.br\/elN6KYPCSWs7dQfKooQd4H1lD70=\/754x0\/smart\/https:\/\/agenciabrasil.ebc.com.br\/sites\/default\/files\/thumbnails\/image\/2026\/09\/04\/whatsapp_image_2026-09-04_at_09.31.49.jpeg?itok=pnQ8tAsi\" alt=\"04\/09\/2026 - Rio de Janeiro \u2013 Vinda de uma fam\u00edlia grande em Manaus, Kalyane Ribeiro n\u00e3o imaginava que teria dificuldades para engravidar. Mas aos 32 anos, ap\u00f3s um ano e meio de tentativas, ela passou pela perda gestacional precoce, uma interrup\u00e7\u00e3o involunt\u00e1ria da gravidez que pode ocorrer at\u00e9 \u00e0 d\u00e9cima segunda ou a vig\u00e9sima semana da gesta\u00e7\u00e3o. Foto: Kalyane Ribeiro\/Arquivo Pessoal\" title=\"Kalyane Ribeiro\/Arquivo Pessoal\"><br \/>\n        <noscript><img decoding=\"async\" src=\"https:\/\/imagens.ebc.com.br\/elN6KYPCSWs7dQfKooQd4H1lD70=\/754x0\/smart\/https:\/\/agenciabrasil.ebc.com.br\/sites\/default\/files\/thumbnails\/image\/2026\/09\/04\/whatsapp_image_2026-09-04_at_09.31.49.jpeg?itok=pnQ8tAsi\" alt=\"04\/09\/2026 - Rio de Janeiro \u2013 Vinda de uma fam\u00edlia grande em Manaus, Kalyane Ribeiro n\u00e3o imaginava que teria dificuldades para engravidar. Mas aos 32 anos, ap\u00f3s um ano e meio de tentativas, ela passou pela perda gestacional precoce, uma interrup\u00e7\u00e3o involunt\u00e1ria da gravidez que pode ocorrer at\u00e9 \u00e0 d\u00e9cima segunda ou a vig\u00e9sima semana da gesta\u00e7\u00e3o. Foto: Kalyane Ribeiro\/Arquivo Pessoal\" title=\"Kalyane Ribeiro\/Arquivo Pessoal\"><\/noscript><br \/>\n    <!-- END scald=473437 --><\/div>\n<div class=\"dnd-caption-wrapper\">\n<h6 class=\"meta\">Kayane Ribeiro criou comunidade na internet para reunir mulheres que viveram essa experi\u00eancia.\u00a0Foto:\u00a0<strong>Kalyane Ribeiro\/Arquivo Pessoal<\/strong><!--END copyright=473437--><\/h6>\n<\/div>\n<\/div>\n<p>Por n\u00e3o encontrarem espa\u00e7os de acolhimento onde realmente possam se sentir ouvidas, diversas mulheres procuram comunidades online onde podem conversar, trocar experi\u00eancias e falar sobre assuntos mais cotidianos. Kalyane \u00e9 respons\u00e1vel por uma dessas comunidades, que nasceu da sua presen\u00e7a nas redes sociais.\u00a0<\/p>\n<p>\u201cN\u00e3o \u00e9 todo mundo que est\u00e1 preparado para ouvir e lidar com esse sentimento. Eu abri essa conta no TikTok\u00a0e comecei a me conectar com as mulheres que passaram por isso\u201d.\u00a0<\/p>\n<blockquote>\n<p>\u201cChegaram mulheres de todas as faixas et\u00e1rias, desde meninas de 13 anos que passaram por perda gestacional, \u00e0s vezes, meninas que engravidaram de seus abusadores e mesmo assim queriam continuar com essa gravidez, at\u00e9 mulheres que tiveram uma perna gestacional h\u00e1 mais de 20 anos e nunca tiveram a oportunidade de conversar sobre isso com outras pessoas\u201d.\u00a0<\/p>\n<\/blockquote>\n<p>Desses encontros e conversas, surgiu o livro <em>Ainda me Sinto M\u00e3e<\/em>\u00a0\u2014 mesmo nome da p\u00e1gina nas redes sociais \u2014, uma s\u00e9rie de textos escritos por Kalyane, que j\u00e1 atuou profissionalmente como pedagoga, acerca das experi\u00eancias vividas por ela e outras mulheres com a perda gestacional.\u00a0<\/p>\n<h2>Onde buscar ajuda<\/h2>\n<p><strong>Pessoas com pensamentos e sentimentos de querer acabar com a pr\u00f3pria vida devem buscar acolhimento em sua rede de apoio, como familiares,\u00a0amigos, educadores\u00a0e tamb\u00e9m em servi\u00e7os de sa\u00fade<\/strong>.<\/p>\n<p>De acordo com o Minist\u00e9rio da Sa\u00fade, \u00e9\u00a0muito importante conversar com algu\u00e9m de confian\u00e7a\u00a0e n\u00e3o\u00a0hesitar\u00a0em pedir ajuda, inclusive para servi\u00e7os de sa\u00fade.<\/p>\n<p><strong>Servi\u00e7os de sa\u00fade que podem ser procurados para atendimento:\u00a0<\/strong><\/p>\n<ul>\n<li>Centros de Aten\u00e7\u00e3o Psicossocial (Caps)\u00a0e Unidades B\u00e1sicas de Sa\u00fade (Sa\u00fade da fam\u00edlia, Postos e Centros de Sa\u00fade);<\/li>\n<li>UPA 24H, SAMU 192, Pronto Socorro; Hospitais;<\/li>\n<li>Centro de Valoriza\u00e7\u00e3o da Vida \u2013 188 (liga\u00e7\u00e3o gratuita).<\/li>\n<\/ul>\n<p><strong>O <a href=\"http:\/\/www.cvv.org.br\/\">Centro de Valoriza\u00e7\u00e3o da Vida (CVV)<\/a> realiza apoio emocional e preven\u00e7\u00e3o do suic\u00eddio, atendendo volunt\u00e1ria e gratuitamente todas as pessoas que querem e precisam conversar, sob total sigilo, por telefone (188), <a href=\"https:\/\/cvv.org.br\/e-mail\/\">e-mail<\/a>, <a href=\"https:\/\/cvv.org.br\/chat\/\">chat<\/a> e voip 24 horas todos os dias.<\/strong><\/p>\n<p><em>*Estagi\u00e1ria sob supervis\u00e3o de Mariana Tokarnia.<\/em><\/p>\n","protected":false},"excerpt":{"rendered":"<p>Nascida em\u00a0uma fam\u00edlia grande em Manaus, Kalyane Ribeiro n\u00e3o imaginava que teria dificuldades para engravidar. Mas, aos 32 anos, ap\u00f3s um ano e meio de tentativas, ela passou pela perda gestacional precoce, uma interrup\u00e7\u00e3o involunt\u00e1ria da gravidez que pode ocorrer at\u00e9 a 20\u00aa semana da gesta\u00e7\u00e3o. \u201cEu sempre falo para as pessoas que quando a [&hellip;]<\/p>\n","protected":false},"author":560,"featured_media":46071,"comment_status":"open","ping_status":"open","sticky":false,"template":"","format":"standard","meta":{"site-sidebar-layout":"default","site-content-layout":"","ast-site-content-layout":"default","site-content-style":"default","site-sidebar-style":"default","ast-global-header-display":"","ast-banner-title-visibility":"","ast-main-header-display":"","ast-hfb-above-header-display":"","ast-hfb-below-header-display":"","ast-hfb-mobile-header-display":"","site-post-title":"","ast-breadcrumbs-content":"","ast-featured-img":"","footer-sml-layout":"","ast-disable-related-posts":"","theme-transparent-header-meta":"","adv-header-id-meta":"","stick-header-meta":"","header-above-stick-meta":"","header-main-stick-meta":"","header-below-stick-meta":"","astra-migrate-meta-layouts":"default","ast-page-background-enabled":"default","ast-page-background-meta":{"desktop":{"background-color":"var(--ast-global-color-4)","background-image":"","background-repeat":"repeat","background-position":"center center","background-size":"auto","background-attachment":"scroll","background-type":"","background-media":"","overlay-type":"","overlay-color":"","overlay-opacity":"","overlay-gradient":""},"tablet":{"background-color":"","background-image":"","background-repeat":"repeat","background-position":"center center","background-size":"auto","background-attachment":"scroll","background-type":"","background-media":"","overlay-type":"","overlay-color":"","overlay-opacity":"","overlay-gradient":""},"mobile":{"background-color":"","background-image":"","background-repeat":"repeat","background-position":"center center","background-size":"auto","background-attachment":"scroll","background-type":"","background-media":"","overlay-type":"","overlay-color":"","overlay-opacity":"","overlay-gradient":""}},"ast-content-background-meta":{"desktop":{"background-color":"var(--ast-global-color-5)","background-image":"","background-repeat":"repeat","background-position":"center center","background-size":"auto","background-attachment":"scroll","background-type":"","background-media":"","overlay-type":"","overlay-color":"","overlay-opacity":"","overlay-gradient":""},"tablet":{"background-color":"var(--ast-global-color-5)","background-image":"","background-repeat":"repeat","background-position":"center center","background-size":"auto","background-attachment":"scroll","background-type":"","background-media":"","overlay-type":"","overlay-color":"","overlay-opacity":"","overlay-gradient":""},"mobile":{"background-color":"var(--ast-global-color-5)","background-image":"","background-repeat":"repeat","background-position":"center center","background-size":"auto","background-attachment":"scroll","background-type":"","background-media":"","overlay-type":"","overlay-color":"","overlay-opacity":"","overlay-gradient":""}},"footnotes":""},"categories":[11],"tags":[],"class_list":["post-46070","post","type-post","status-publish","format-standard","has-post-thumbnail","hentry","category-saude-e-bem-estar"],"_links":{"self":[{"href":"https:\/\/colunadahora.com.br\/index.php?rest_route=\/wp\/v2\/posts\/46070","targetHints":{"allow":["GET"]}}],"collection":[{"href":"https:\/\/colunadahora.com.br\/index.php?rest_route=\/wp\/v2\/posts"}],"about":[{"href":"https:\/\/colunadahora.com.br\/index.php?rest_route=\/wp\/v2\/types\/post"}],"author":[{"embeddable":true,"href":"https:\/\/colunadahora.com.br\/index.php?rest_route=\/wp\/v2\/users\/560"}],"replies":[{"embeddable":true,"href":"https:\/\/colunadahora.com.br\/index.php?rest_route=%2Fwp%2Fv2%2Fcomments&post=46070"}],"version-history":[{"count":0,"href":"https:\/\/colunadahora.com.br\/index.php?rest_route=\/wp\/v2\/posts\/46070\/revisions"}],"wp:featuredmedia":[{"embeddable":true,"href":"https:\/\/colunadahora.com.br\/index.php?rest_route=\/wp\/v2\/media\/46071"}],"wp:attachment":[{"href":"https:\/\/colunadahora.com.br\/index.php?rest_route=%2Fwp%2Fv2%2Fmedia&parent=46070"}],"wp:term":[{"taxonomy":"category","embeddable":true,"href":"https:\/\/colunadahora.com.br\/index.php?rest_route=%2Fwp%2Fv2%2Fcategories&post=46070"},{"taxonomy":"post_tag","embeddable":true,"href":"https:\/\/colunadahora.com.br\/index.php?rest_route=%2Fwp%2Fv2%2Ftags&post=46070"}],"curies":[{"name":"wp","href":"https:\/\/api.w.org\/{rel}","templated":true}]}}