{"id":46049,"date":"2026-09-04T18:18:34","date_gmt":"2026-09-04T21:18:34","guid":{"rendered":"https:\/\/colunadahora.com.br\/?p=46049"},"modified":"2026-09-04T18:18:34","modified_gmt":"2026-09-04T21:18:34","slug":"governos-federal-e-do-rio-se-unem-para-combater-crime-organizado","status":"publish","type":"post","link":"https:\/\/colunadahora.com.br\/?p=46049","title":{"rendered":"Governos federal e do Rio se unem para combater crime organizado"},"content":{"rendered":"<p><strong>O Minist\u00e9rio da Justi\u00e7a e Seguran\u00e7a P\u00fablica (MJSP) e o governo do Rio de Janeiro firmaram uma parceria com o objetivo de refor\u00e7ar a presen\u00e7a do poder p\u00fablico em \u00e1reas dominadas por organiza\u00e7\u00f5es criminosas e aumentar a prote\u00e7\u00e3o de importantes corredores de circula\u00e7\u00e3o do estado.<\/strong> Os dois acordos de coopera\u00e7\u00e3o t\u00e9cnica foram assinados nesta quinta-feira (3) pelo governador em exerc\u00edcio, desembargador Ricardo Couto, e pelo ministro da Justi\u00e7a e Seguran\u00e7a P\u00fablica, Wellington C\u00e9sar Lima e Silva.<img decoding=\"async\" src=\"https:\/\/agenciabrasil.ebc.com.br\/ebc.png?id=1701564&#038;o=rss\"><img decoding=\"async\" src=\"https:\/\/agenciabrasil.ebc.com.br\/ebc.gif?id=1701564&#038;o=rss\"><\/p>\n<p>A parceria prev\u00ea troca de informa\u00e7\u00f5es, apoio operacional e integra\u00e7\u00e3o de tecnologias para enfraquecer as estruturas financeiras e patrimoniais utilizadas pelo crime organizado.<\/p>\n<p>Segundo <strong>Ricardo Couto<\/strong>, a soma de esfor\u00e7os entre Estado e Uni\u00e3o amplia a capacidade de atua\u00e7\u00e3o das for\u00e7as de seguran\u00e7a por meio de intelig\u00eancia, tecnologia e a\u00e7\u00f5es integradas. A coopera\u00e7\u00e3o poder\u00e1 contar com o apoio da For\u00e7a Nacional, da Pol\u00edcia Federal, da Pol\u00edcia Rodovi\u00e1ria Federal e da Pol\u00edcia Penal Federal.<\/p>\n<p>De acordo com o ministro <strong>Wellington C\u00e9sar Lima e Silva<\/strong>, tamb\u00e9m est\u00e1 prevista a integra\u00e7\u00e3o dos sistemas penitenci\u00e1rios federal e estadual. A medida inclui protocolos para isolar lideran\u00e7as criminosas e impedir a comunica\u00e7\u00e3o entre presos e grupos que atuam nas comunidades.<\/p>\n<p>O enfrentamento das bases econ\u00f4micas do crime ter\u00e1 a participa\u00e7\u00e3o de \u00f3rg\u00e3os como a Receita Federal, o Conselho de Controle de Atividades Financeiras, o Banco Central e ag\u00eancias reguladoras. O objetivo \u00e9 identificar, bloquear e recuperar recursos ligados \u00e0s organiza\u00e7\u00f5es criminosas.<\/p>\n<h3>Seguran\u00e7a de vias<\/h3>\n<p>A atua\u00e7\u00e3o conjunta tamb\u00e9m vai refor\u00e7ar a seguran\u00e7a em vias estrat\u00e9gicas, como a Avenida Brasil, as Linhas Amarela e Vermelha, al\u00e9m dos acessos ao Porto do Rio e ao Aeroporto Internacional Tom Jobim.<\/p>\n<p>A estrat\u00e9gia prev\u00ea ainda o uso de ferramentas tecnol\u00f3gicas, como cercamento eletr\u00f4nico, leitores autom\u00e1ticos de placas, drones e centros integrados de comando e controle, para reduzir roubos de cargas e ve\u00edculos e fortalecer as investiga\u00e7\u00f5es contra quadrilhas que atuam nessas regi\u00f5es.<\/p>\n<p><em>*Com informa\u00e7\u00f5es da Ag\u00eancia Brasil<\/em><\/p>\n<p>  <span class=\"hms hms-format-m-ss\">2:35<\/span><\/p>\n","protected":false},"excerpt":{"rendered":"<p>O Minist\u00e9rio da Justi\u00e7a e Seguran\u00e7a P\u00fablica (MJSP) e o governo do Rio de Janeiro firmaram uma parceria com o objetivo de refor\u00e7ar a presen\u00e7a do poder p\u00fablico em \u00e1reas dominadas por organiza\u00e7\u00f5es criminosas e aumentar a prote\u00e7\u00e3o de importantes corredores de circula\u00e7\u00e3o do estado. Os dois acordos de coopera\u00e7\u00e3o t\u00e9cnica foram assinados nesta quinta-feira [&hellip;]<\/p>\n","protected":false},"author":1,"featured_media":46050,"comment_status":"open","ping_status":"open","sticky":false,"template":"","format":"standard","meta":{"site-sidebar-layout":"default","site-content-layout":"","ast-site-content-layout":"default","site-content-style":"default","site-sidebar-style":"default","ast-global-header-display":"","ast-banner-title-visibility":"","ast-main-header-display":"","ast-hfb-above-header-display":"","ast-hfb-below-header-display":"","ast-hfb-mobile-header-display":"","site-post-title":"","ast-breadcrumbs-content":"","ast-featured-img":"","footer-sml-layout":"","ast-disable-related-posts":"","theme-transparent-header-meta":"","adv-header-id-meta":"","stick-header-meta":"","header-above-stick-meta":"","header-main-stick-meta":"","header-below-stick-meta":"","astra-migrate-meta-layouts":"default","ast-page-background-enabled":"default","ast-page-background-meta":{"desktop":{"background-color":"var(--ast-global-color-4)","background-image":"","background-repeat":"repeat","background-position":"center center","background-size":"auto","background-attachment":"scroll","background-type":"","background-media":"","overlay-type":"","overlay-color":"","overlay-opacity":"","overlay-gradient":""},"tablet":{"background-color":"","background-image":"","background-repeat":"repeat","background-position":"center center","background-size":"auto","background-attachment":"scroll","background-type":"","background-media":"","overlay-type":"","overlay-color":"","overlay-opacity":"","overlay-gradient":""},"mobile":{"background-color":"","background-image":"","background-repeat":"repeat","background-position":"center center","background-size":"auto","background-attachment":"scroll","background-type":"","background-media":"","overlay-type":"","overlay-color":"","overlay-opacity":"","overlay-gradient":""}},"ast-content-background-meta":{"desktop":{"background-color":"var(--ast-global-color-5)","background-image":"","background-repeat":"repeat","background-position":"center center","background-size":"auto","background-attachment":"scroll","background-type":"","background-media":"","overlay-type":"","overlay-color":"","overlay-opacity":"","overlay-gradient":""},"tablet":{"background-color":"var(--ast-global-color-5)","background-image":"","background-repeat":"repeat","background-position":"center center","background-size":"auto","background-attachment":"scroll","background-type":"","background-media":"","overlay-type":"","overlay-color":"","overlay-opacity":"","overlay-gradient":""},"mobile":{"background-color":"var(--ast-global-color-5)","background-image":"","background-repeat":"repeat","background-position":"center center","background-size":"auto","background-attachment":"scroll","background-type":"","background-media":"","overlay-type":"","overlay-color":"","overlay-opacity":"","overlay-gradient":""}},"footnotes":""},"categories":[3],"tags":[],"class_list":["post-46049","post","type-post","status-publish","format-standard","has-post-thumbnail","hentry","category-seguranca-e-justica"],"_links":{"self":[{"href":"https:\/\/colunadahora.com.br\/index.php?rest_route=\/wp\/v2\/posts\/46049","targetHints":{"allow":["GET"]}}],"collection":[{"href":"https:\/\/colunadahora.com.br\/index.php?rest_route=\/wp\/v2\/posts"}],"about":[{"href":"https:\/\/colunadahora.com.br\/index.php?rest_route=\/wp\/v2\/types\/post"}],"author":[{"embeddable":true,"href":"https:\/\/colunadahora.com.br\/index.php?rest_route=\/wp\/v2\/users\/1"}],"replies":[{"embeddable":true,"href":"https:\/\/colunadahora.com.br\/index.php?rest_route=%2Fwp%2Fv2%2Fcomments&post=46049"}],"version-history":[{"count":0,"href":"https:\/\/colunadahora.com.br\/index.php?rest_route=\/wp\/v2\/posts\/46049\/revisions"}],"wp:featuredmedia":[{"embeddable":true,"href":"https:\/\/colunadahora.com.br\/index.php?rest_route=\/wp\/v2\/media\/46050"}],"wp:attachment":[{"href":"https:\/\/colunadahora.com.br\/index.php?rest_route=%2Fwp%2Fv2%2Fmedia&parent=46049"}],"wp:term":[{"taxonomy":"category","embeddable":true,"href":"https:\/\/colunadahora.com.br\/index.php?rest_route=%2Fwp%2Fv2%2Fcategories&post=46049"},{"taxonomy":"post_tag","embeddable":true,"href":"https:\/\/colunadahora.com.br\/index.php?rest_route=%2Fwp%2Fv2%2Ftags&post=46049"}],"curies":[{"name":"wp","href":"https:\/\/api.w.org\/{rel}","templated":true}]}}