{"id":46030,"date":"2026-09-04T14:15:10","date_gmt":"2026-09-04T17:15:10","guid":{"rendered":"https:\/\/colunadahora.com.br\/?p=46030"},"modified":"2026-09-04T14:17:24","modified_gmt":"2026-09-04T17:17:24","slug":"coluna-da-hora-jornalista-geri-anderson-aprosoja-pede-acao-imediata-contra-risco-de-super-el-nino-em-rondonia","status":"publish","type":"post","link":"https:\/\/colunadahora.com.br\/?p=46030","title":{"rendered":"COLUNA DA HORA, JORNALISTA G\u00c9RI ANDERSON &#8211; APROSOJA PEDE A\u00c7\u00c3O IMEDIATA DO GOVERNO CONTRA RISCO DE \u201cSUPER EL NI\u00d1O\u201d EM ROND\u00d4NIA"},"content":{"rendered":"<div class=\"\" style=\"text-align: center;\" data-turn-id-container=\"042c7119-50a9-449c-903b-f5afaa64a0e8\" data-is-intersecting=\"true\"><img fetchpriority=\"high\" decoding=\"async\" class=\"alignnone wp-image-46031\" src=\"https:\/\/colunadahora.com.br\/wp-content\/uploads\/2026\/09\/APROSOJA1-300x150.jpg\" alt=\"\" width=\"522\" height=\"261\" srcset=\"https:\/\/colunadahora.com.br\/wp-content\/uploads\/2026\/09\/APROSOJA1-300x150.jpg 300w, https:\/\/colunadahora.com.br\/wp-content\/uploads\/2026\/09\/APROSOJA1-260x130.jpg 260w, https:\/\/colunadahora.com.br\/wp-content\/uploads\/2026\/09\/APROSOJA1-600x300.jpg 600w, https:\/\/colunadahora.com.br\/wp-content\/uploads\/2026\/09\/APROSOJA1.jpg 750w\" sizes=\"(max-width: 522px) 100vw, 522px\" \/><\/div>\n<div class=\"\" data-turn-id-container=\"request-WEB:32128722-091d-48e7-9785-bf885bd4f6cb-0\" data-is-intersecting=\"true\">\n<section class=\"text-token-text-primary w-full focus:outline-none has-data-writing-block:pointer-events-none [&amp;:has([data-writing-block])&gt;*]:pointer-events-auto R6Vx5W_threadScrollVars scroll-mb-[calc(var(--scroll-root-safe-area-inset-bottom,0px)+var(--thread-response-height))] scroll-mt-[calc(var(--header-height)+min(200px,max(70px,20svh)))]\" dir=\"auto\" data-turn-id=\"request-WEB:32128722-091d-48e7-9785-bf885bd4f6cb-0\" data-turn-id-container=\"request-WEB:32128722-091d-48e7-9785-bf885bd4f6cb-0\" data-testid=\"conversation-turn-2\" data-turn=\"assistant\">\n<div class=\"text-base my-auto mx-auto pb-3 [--thread-content-margin:var(--thread-content-margin-xs,calc(var(--spacing)*4))] @w-sm\/main:[--thread-content-margin:var(--thread-content-margin-sm,calc(var(--spacing)*6))] @w-lg\/main:[--thread-content-margin:var(--thread-content-margin-lg,calc(var(--spacing)*16))] px-(--thread-content-margin)\">\n<div class=\"[--thread-content-max-width:40rem] @w-lg\/main:[--thread-content-max-width:48rem] mx-auto max-w-(--thread-content-max-width) flex-1 group\/turn-messages focus-visible:outline-hidden relative flex w-full min-w-0 flex-col agent-turn\" data-conversation-screenshot-content=\"\">\n<div class=\"flex max-w-full flex-col gap-4 grow\">\n<div class=\"min-h-8 text-message relative flex w-full flex-col items-end gap-2 text-start break-words whitespace-normal outline-none keyboard-focused:focus-ring [.text-message+&amp;]:mt-1\" dir=\"auto\" tabindex=\"0\" data-message-author-role=\"assistant\" data-message-id=\"dfade31b-20f0-4471-8563-77839f8bd654\" data-message-model-slug=\"gpt-5-6\" data-turn-start-message=\"true\">\n<div class=\"flex w-full flex-col gap-1 empty:hidden\">\n<div class=\"markdown prose dark:prose-invert wrap-break-word w-full light markdown-new-styling\">\n<p style=\"text-align: center;\" data-start=\"80\" data-end=\"252\"><em>Entidade alerta para poss\u00edvel impacto sobre a safra 2026\/2027, abastecimento de \u00e1gua, inc\u00eandios e navega\u00e7\u00e3o no Rio Madeira e cobra plano integrado do Governo do Estado.<\/em><\/p>\n<p data-start=\"254\" data-end=\"547\">A Associa\u00e7\u00e3o dos Produtores de Soja e Milho de Rond\u00f4nia (Aprosoja RO) pediu ao Governo do Estado a ado\u00e7\u00e3o imediata de medidas preventivas para reduzir os poss\u00edveis impactos do El Ni\u00f1o 2026\/2027 sobre a produ\u00e7\u00e3o agropecu\u00e1ria, o abastecimento de comunidades e a navega\u00e7\u00e3o no Rio Madeira.<\/p>\n<p data-start=\"549\" data-end=\"946\">O alerta ganhou for\u00e7a ap\u00f3s a NOAA apontar, em agosto, o fortalecimento do fen\u00f4meno e elevada probabilidade de um evento de forte intensidade entre o segundo semestre de 2026 e o in\u00edcio de 2027. O Painel El Ni\u00f1o do Governo Federal tamb\u00e9m confirmou a ocorr\u00eancia e chamou aten\u00e7\u00e3o para a possibilidade de temperaturas acima da m\u00e9dia e irregularidade das chuvas em parte do Centro-Norte brasileiro.<\/p>\n<p data-start=\"948\" data-end=\"1218\">Em Rond\u00f4nia, os sinais j\u00e1 preocupam o setor produtivo. Dados do Monitor de Secas da ANA, referentes a julho, indicaram que a \u00e1rea afetada pela seca passou de 59% para 63% do territ\u00f3rio estadual, sendo que 24% do Estado apresentava classifica\u00e7\u00e3o de seca moderada.<\/p>\n<h3 data-section-id=\"1hcskp2\" data-start=\"1220\" data-end=\"1246\"><span role=\"text\"><strong data-start=\"1224\" data-end=\"1246\">RISCO PARA A SAFRA<\/strong><\/span><\/h3>\n<p data-start=\"1248\" data-end=\"1472\">Para os produtores, o principal temor est\u00e1 na irregularidade das chuvas durante a implanta\u00e7\u00e3o da safra 2026\/2027. A falta de umidade adequada pode provocar falhas na germina\u00e7\u00e3o, redu\u00e7\u00e3o do estande e necessidade de replantio.<\/p>\n<p data-start=\"1474\" data-end=\"1743\">O problema pode se agravar nas fases reprodutivas das lavouras, comprometendo a forma\u00e7\u00e3o e o enchimento dos gr\u00e3os. No caso da soja, eventual atraso no ciclo tamb\u00e9m pode reduzir a janela de plantio do milho de segunda safra, aumentando a exposi\u00e7\u00e3o da cultura \u00e0 estiagem.<\/p>\n<p data-start=\"1745\" data-end=\"1942\">Al\u00e9m da queda de produtividade, a Aprosoja alerta para a possibilidade de aumento dos custos com sementes, diesel, m\u00e1quinas, m\u00e3o de obra, irriga\u00e7\u00e3o, transporte de \u00e1gua e suplementa\u00e7\u00e3o dos rebanhos.<\/p>\n<p data-start=\"1944\" data-end=\"2171\">A entidade, entretanto, ressalta que ainda n\u00e3o existe estimativa oficial consolidada das poss\u00edveis perdas financeiras em Rond\u00f4nia e defende a cria\u00e7\u00e3o de uma metodologia estadual para registrar e validar eventuais preju\u00edzos.<\/p>\n<h3 data-section-id=\"plni8c\" data-start=\"2173\" data-end=\"2207\"><span role=\"text\"><strong data-start=\"2177\" data-end=\"2207\">RIO MADEIRA ENTRA NO RADAR<\/strong><\/span><\/h3>\n<p data-start=\"2209\" data-end=\"2447\">Outro ponto considerado estrat\u00e9gico \u00e9 a navega\u00e7\u00e3o no Rio Madeira. A Defesa Civil de Porto Velho informou, em 25 de agosto, cota de 4,20 metros, em um cen\u00e1rio que exige aten\u00e7\u00e3o diante da possibilidade de novas redu\u00e7\u00f5es do n\u00edvel do rio.<\/p>\n<p data-start=\"2449\" data-end=\"2642\">A hidrovia movimentou 12,1 milh\u00f5es de toneladas em 2025, incluindo aproximadamente 7 milh\u00f5es de toneladas de soja e 3 milh\u00f5es de milho, al\u00e9m de combust\u00edveis, alimentos e outras mercadorias.<\/p>\n<p data-start=\"2644\" data-end=\"2837\">A experi\u00eancia de 2024 mostrou que n\u00edveis cr\u00edticos podem reduzir o tamanho dos comboios, provocar transbordos, aumentar custos log\u00edsticos e at\u00e9 interromper temporariamente a navega\u00e7\u00e3o comercial.<\/p>\n<h3 data-section-id=\"quwa75\" data-start=\"2839\" data-end=\"2885\"><span role=\"text\"><strong data-start=\"2843\" data-end=\"2885\">APROSOJA QUER SALA DE CRISE PERMANENTE<\/strong><\/span><\/h3>\n<p data-start=\"2887\" data-end=\"3210\">Diante do cen\u00e1rio, a entidade defende uma estrutura permanente de monitoramento, coordenada pela Defesa Civil Estadual e integrada por \u00f3rg\u00e3os como Casa Civil, Sedam, Seagri, Idaron, Emater, SOPH, Corpo de Bombeiros, Caerd, munic\u00edpios, \u00f3rg\u00e3os federais, Marinha, operadores log\u00edsticos e representantes do setor produtivo.<\/p>\n<p data-start=\"3212\" data-end=\"3475\">Entre as medidas propostas est\u00e3o a cria\u00e7\u00e3o de um painel semanal de monitoramento, protocolo para levantamento de perdas agr\u00edcolas, plano log\u00edstico para o Madeira, refor\u00e7o no abastecimento de \u00e1gua e prepara\u00e7\u00e3o das estruturas de preven\u00e7\u00e3o e combate a inc\u00eandios.<\/p>\n<p data-start=\"3477\" data-end=\"3754\">A Aprosoja tamb\u00e9m pede que o Estado deixe preparados os instrumentos t\u00e9cnicos necess\u00e1rios para uma eventual decreta\u00e7\u00e3o de situa\u00e7\u00e3o de emerg\u00eancia, caso danos e preju\u00edzos concretos sejam posteriormente comprovados, sem antecipar uma declara\u00e7\u00e3o baseada apenas em progn\u00f3sticos.<\/p>\n<h3 data-section-id=\"1x359zw\" data-start=\"3756\" data-end=\"3780\"><span role=\"text\"><strong data-start=\"3760\" data-end=\"3780\">\u201cPREVENIR AGORA\u201d<\/strong><\/span><\/h3>\n<p data-start=\"3782\" data-end=\"4033\">A entidade reconhece iniciativas j\u00e1 adotadas pelo Estado e pela Uni\u00e3o, como as discuss\u00f5es t\u00e9cnicas sobre o fen\u00f4meno clim\u00e1tico, o Plano de Conting\u00eancia para Eventos Hidrol\u00f3gicos Extremos da SOPH e o contrato federal de dragagem cont\u00ednua do Rio Madeira.<\/p>\n<p data-start=\"4035\" data-end=\"4193\">Mas, para a Aprosoja, as a\u00e7\u00f5es precisam sair de iniciativas isoladas e formar um \u00fanico plano de resposta, com respons\u00e1veis, prazos e indicadores p\u00fablicos. O presidente da entidade, Jair Roberto Gollo, defende que a prepara\u00e7\u00e3o aconte\u00e7a antes que os preju\u00edzos apare\u00e7am.<\/p>\n<p data-start=\"4035\" data-end=\"4193\">Para a institui\u00e7\u00e3o representativa dos produtores em Rond\u00f4nia, diante desse cen\u00e1rio, \u00e9 v\u00e1lido afirmar que n\u00e3o se trata de decretar emerg\u00eancia antes da hora, mas de preparar o Estado para n\u00e3o correr atr\u00e1s do preju\u00edzo depois que ele acontecer.<\/p>\n<\/div>\n<p data-start=\"4035\" data-end=\"4193\">Fonte: <strong>APROSOJA<\/strong><\/p>\n<p data-start=\"4035\" data-end=\"4193\">Texto:<\/p>\n<p style=\"text-align: center;\" data-start=\"4035\" data-end=\"4193\"><img decoding=\"async\" class=\"alignnone size-medium wp-image-46009\" src=\"https:\/\/colunadahora.com.br\/wp-content\/uploads\/2026\/09\/EU-COLOR-1-273x300.png\" alt=\"\" width=\"273\" height=\"300\" srcset=\"https:\/\/colunadahora.com.br\/wp-content\/uploads\/2026\/09\/EU-COLOR-1-273x300.png 273w, https:\/\/colunadahora.com.br\/wp-content\/uploads\/2026\/09\/EU-COLOR-1-931x1024.png 931w, https:\/\/colunadahora.com.br\/wp-content\/uploads\/2026\/09\/EU-COLOR-1-768x844.png 768w, https:\/\/colunadahora.com.br\/wp-content\/uploads\/2026\/09\/EU-COLOR-1-133x146.png 133w, https:\/\/colunadahora.com.br\/wp-content\/uploads\/2026\/09\/EU-COLOR-1-600x660.png 600w, https:\/\/colunadahora.com.br\/wp-content\/uploads\/2026\/09\/EU-COLOR-1.png 1196w\" sizes=\"(max-width: 273px) 100vw, 273px\" \/><\/p>\n<\/div>\n<\/div>\n<\/div>\n<\/div>\n<\/div>\n<\/section>\n<\/div>\n","protected":false},"excerpt":{"rendered":"<p>Entidade alerta para poss\u00edvel impacto sobre a safra 2026\/2027, abastecimento de \u00e1gua, inc\u00eandios e navega\u00e7\u00e3o no Rio Madeira e cobra plano integrado do Governo do Estado. A Associa\u00e7\u00e3o dos Produtores de Soja e Milho de Rond\u00f4nia (Aprosoja RO) pediu ao Governo do Estado a ado\u00e7\u00e3o imediata de medidas preventivas para reduzir os poss\u00edveis impactos do [&hellip;]<\/p>\n","protected":false},"author":1,"featured_media":46032,"comment_status":"open","ping_status":"closed","sticky":false,"template":"","format":"standard","meta":{"site-sidebar-layout":"default","site-content-layout":"","ast-site-content-layout":"default","site-content-style":"default","site-sidebar-style":"default","ast-global-header-display":"","ast-banner-title-visibility":"","ast-main-header-display":"","ast-hfb-above-header-display":"","ast-hfb-below-header-display":"","ast-hfb-mobile-header-display":"","site-post-title":"","ast-breadcrumbs-content":"","ast-featured-img":"","footer-sml-layout":"","ast-disable-related-posts":"","theme-transparent-header-meta":"default","adv-header-id-meta":"","stick-header-meta":"","header-above-stick-meta":"","header-main-stick-meta":"","header-below-stick-meta":"","astra-migrate-meta-layouts":"set","ast-page-background-enabled":"default","ast-page-background-meta":{"desktop":{"background-color":"var(--ast-global-color-4)","background-image":"","background-repeat":"repeat","background-position":"center center","background-size":"auto","background-attachment":"scroll","background-type":"","background-media":"","overlay-type":"","overlay-color":"","overlay-opacity":"","overlay-gradient":""},"tablet":{"background-color":"","background-image":"","background-repeat":"repeat","background-position":"center center","background-size":"auto","background-attachment":"scroll","background-type":"","background-media":"","overlay-type":"","overlay-color":"","overlay-opacity":"","overlay-gradient":""},"mobile":{"background-color":"","background-image":"","background-repeat":"repeat","background-position":"center center","background-size":"auto","background-attachment":"scroll","background-type":"","background-media":"","overlay-type":"","overlay-color":"","overlay-opacity":"","overlay-gradient":""}},"ast-content-background-meta":{"desktop":{"background-color":"var(--ast-global-color-5)","background-image":"","background-repeat":"repeat","background-position":"center center","background-size":"auto","background-attachment":"scroll","background-type":"","background-media":"","overlay-type":"","overlay-color":"","overlay-opacity":"","overlay-gradient":""},"tablet":{"background-color":"var(--ast-global-color-5)","background-image":"","background-repeat":"repeat","background-position":"center center","background-size":"auto","background-attachment":"scroll","background-type":"","background-media":"","overlay-type":"","overlay-color":"","overlay-opacity":"","overlay-gradient":""},"mobile":{"background-color":"var(--ast-global-color-5)","background-image":"","background-repeat":"repeat","background-position":"center center","background-size":"auto","background-attachment":"scroll","background-type":"","background-media":"","overlay-type":"","overlay-color":"","overlay-opacity":"","overlay-gradient":""}},"footnotes":""},"categories":[66,46],"tags":[],"class_list":["post-46030","post","type-post","status-publish","format-standard","has-post-thumbnail","hentry","category-agro","category-destaques-da-hora"],"_links":{"self":[{"href":"https:\/\/colunadahora.com.br\/index.php?rest_route=\/wp\/v2\/posts\/46030","targetHints":{"allow":["GET"]}}],"collection":[{"href":"https:\/\/colunadahora.com.br\/index.php?rest_route=\/wp\/v2\/posts"}],"about":[{"href":"https:\/\/colunadahora.com.br\/index.php?rest_route=\/wp\/v2\/types\/post"}],"author":[{"embeddable":true,"href":"https:\/\/colunadahora.com.br\/index.php?rest_route=\/wp\/v2\/users\/1"}],"replies":[{"embeddable":true,"href":"https:\/\/colunadahora.com.br\/index.php?rest_route=%2Fwp%2Fv2%2Fcomments&post=46030"}],"version-history":[{"count":2,"href":"https:\/\/colunadahora.com.br\/index.php?rest_route=\/wp\/v2\/posts\/46030\/revisions"}],"predecessor-version":[{"id":46034,"href":"https:\/\/colunadahora.com.br\/index.php?rest_route=\/wp\/v2\/posts\/46030\/revisions\/46034"}],"wp:featuredmedia":[{"embeddable":true,"href":"https:\/\/colunadahora.com.br\/index.php?rest_route=\/wp\/v2\/media\/46032"}],"wp:attachment":[{"href":"https:\/\/colunadahora.com.br\/index.php?rest_route=%2Fwp%2Fv2%2Fmedia&parent=46030"}],"wp:term":[{"taxonomy":"category","embeddable":true,"href":"https:\/\/colunadahora.com.br\/index.php?rest_route=%2Fwp%2Fv2%2Fcategories&post=46030"},{"taxonomy":"post_tag","embeddable":true,"href":"https:\/\/colunadahora.com.br\/index.php?rest_route=%2Fwp%2Fv2%2Ftags&post=46030"}],"curies":[{"name":"wp","href":"https:\/\/api.w.org\/{rel}","templated":true}]}}