{"id":45989,"date":"2026-09-04T07:19:59","date_gmt":"2026-09-04T10:19:59","guid":{"rendered":"https:\/\/colunadahora.com.br\/?p=45989"},"modified":"2026-09-04T07:19:59","modified_gmt":"2026-09-04T10:19:59","slug":"viva-maria-uma-mulher-na-linha-de-frente-pela-amazonia","status":"publish","type":"post","link":"https:\/\/colunadahora.com.br\/?p=45989","title":{"rendered":"Viva Maria: uma mulher na linha de frente pela Amaz\u00f4nia"},"content":{"rendered":"<p>Na Semana da Amaz\u00f4nia, que tem no 5 de setembro a data m\u00e1xima desse que \u00e9 o maior bioma brasileiro, o Viva Maria coloca no ar trechos da s\u00e9rie Somos Amaz\u00f4nia, uma produ\u00e7\u00e3o da nossa EBC (Empresa Brasil de Comunica\u00e7\u00e3o) com o WWF-Brasil. Ao todo, s\u00e3o cinco epis\u00f3dios que falam da import\u00e2ncia da conserva\u00e7\u00e3o a partir de cinco tem\u00e1ticas diferentes: pesca sustent\u00e1vel, unidades de conserva\u00e7\u00e3o, cadeias produtivas, pr\u00e1ticas agroflorestais e de restaura\u00e7\u00e3o florestal e, ainda, turismo sustent\u00e1vel.<img decoding=\"async\" src=\"https:\/\/agenciabrasil.ebc.com.br\/ebc.png?id=1701423&#038;o=rss\"><img decoding=\"async\" src=\"https:\/\/agenciabrasil.ebc.com.br\/ebc.gif?id=1701423&#038;o=rss\"><\/p>\n<p>Amaz\u00f4nia, terra que orgulha o Brasil. Tem floresta, tem riqueza, tem \u00e1gua, tem tradi\u00e7\u00e3o, tem cultura e, o que \u00e9 melhor: tem gente.<\/p>\n<p>Precisa conhecer, fazer turismo sustent\u00e1vel de base comunit\u00e1ria para sentir o verdadeiro gosto do peixe, da farinha, do a\u00e7a\u00ed. O ambientalista Ricardo Mello refor\u00e7a o convite.<\/p>\n<blockquote>\n<p>Se as pessoas puderem ir para a Amaz\u00f4nia, v\u00e3o se surpreender. Voc\u00ea v\u00ea paisagens lindas que voc\u00ea nem imagina que existem no Brasil. E o turismo \u00e9 isso: \u00e9 poder entender, ver, sentir, interagir com as pessoas de uma forma que s\u00f3 \u00e9 poss\u00edvel indo l\u00e1. Vai l\u00e1, sinta o sabor da farinha, pega o peixe tamb\u00e9m, que \u00e9 superimportante na regi\u00e3o, frutos da Amaz\u00f4nia. A\u00ed voc\u00ea est\u00e1 sentindo realmente o verdadeiro sabor da Amaz\u00f4nia e est\u00e1 conectado com a Amaz\u00f4nia. Somos Amaz\u00f4nia, uma campanha do WWF-Brasil.<\/p>\n<\/blockquote>\n<p>N\u00e3o importa a regi\u00e3o em que voc\u00ea mora. Na certeza de que Somos Amaz\u00f4nia, queremos convidar voc\u00ea a conhecer os personagens dessa s\u00e9rie, que tem nas mulheres seu maior protagonismo. A come\u00e7ar por Aldeiza Lago. Ela \u00e9 a guerreira que toma conta do Mosaico do Apu\u00ed, um conjunto de \u00e1reas protegidas de responsabilidade do governo do Amazonas, que fica bem ao lado da Barra de S\u00e3o Manoel e do Parque Nacional do Juruena. Aldeiza Lago \u00e9 gerente de unidade de conserva\u00e7\u00e3o e \u00e9 respons\u00e1vel por nove unidades de conserva\u00e7\u00e3o do estado, que ficam no sul do Amazonas, no Mosaico do Apu\u00ed. Al\u00e9m disso, Aldeiza ainda trabalha nas comunidades tradicionais e com as mulheres dessas comunidades, \u00e9 claro. Viva Maria!<\/p>\n<blockquote>\n<p>Eu sou Aldeiza Lago, eu sou amazonense, adoro minha origem, sou descendente ind\u00edgena. E estou ocupando hoje o cargo de gerente de unidade de conserva\u00e7\u00e3o, sou respons\u00e1vel por nove unidades de conserva\u00e7\u00e3o do estado do Amazonas que ficam no sul do Amazonas, que \u00e9 aqui no Apu\u00ed. Tenho esse trabalho de gerente de unidade, mas tamb\u00e9m tenho outros trabalhos paralelos, n\u00e9, com mulheres, com comunidades tradicionais, com a parte social do munic\u00edpio, n\u00e9, que \u00e9 uma coisa que eu me identifico muito.<\/p>\n<\/blockquote>\n<p>Como \u00e9 que voc\u00ea se encontrou profissionalmente nesse trabalho que sabemos demanda muita persist\u00eancia, muita paci\u00eancia, e disposi\u00e7\u00e3o de luta?<\/p>\n<blockquote>\n<p>Num primeiro momento, eu confesso que eu tive muito medo. Fiquei assim: &#8220;Nossa!&#8221; Quando eu me deparei com a situa\u00e7\u00e3o, com o tamanho da \u00e1rea, que s\u00e3o 2 milh\u00f5es e meio de hectares, n\u00e9, tem s\u00f3 as peculiaridades&#8230; Mas quando eu cheguei na comunidade tradicional, que eu olhei para aquelas pessoas, que eu vi assim: &#8220;Poxa, eu acho que eu posso fazer algo para melhorar a qualidade de vida dessas pessoas&#8221;.<\/p>\n<\/blockquote>\n<blockquote>\n<p>Ou a qualidade de vida pode at\u00e9 n\u00e3o n\u00e3o chegar tanto, n\u00e3o posso tamb\u00e9m achar que posso melhorar, mas eu posso contribuir assim para eles terem algumas coisas boas na vida, n\u00e9? Ent\u00e3o, nesse momento eu vi que eu acho que eu estava no local certo.\u00a0Eu tenho um perfil de trabalho como gerente de unidade de conserva\u00e7\u00e3o que eu acho que eu ainda deixo um pouco a desejar.<\/p>\n<\/blockquote>\n<blockquote>\n<p>Eu gosto de trabalhar a parte social, socioecon\u00f4mica, e a parte de a\u00e7\u00e3o de monitoramento, que seria um pouco a fiscaliza\u00e7\u00e3o, eu ainda tenho umas travas, mas eu consigo desempenhar, com certeza. Hoje a gente luta para isso, n\u00e9? A gente vai quebrando as barreiras de vez em quando.<\/p>\n<\/blockquote>\n<p>Agora eu queria que voc\u00ea compartilhasse com a gente um dia de campo. Como \u00e9 que \u00e9 o seu trabalho no dia a dia? Sai da SEMA, vai para onde, faz o qu\u00ea?<\/p>\n<blockquote>\n<p>Aqui a gente tem uma dificuldade log\u00edstica. Ent\u00e3o, as nossas unidades, nossas comunidades, eu ando de carro 100 km de estrada de ch\u00e3o. Ent\u00e3o, assim, geralmente eu sou a \u00fanica mulher na equipe, n\u00e9? Isso n\u00e3o encontro como uma dificuldade, ao contr\u00e1rio, n\u00e3o me coloco na situa\u00e7\u00e3o fr\u00e1gil, acho que eu me igualo a eles, n\u00e9, em qualquer situa\u00e7\u00e3o.<\/p>\n<\/blockquote>\n<blockquote>\n<p>Depois que a gente anda esses 100 km, n\u00e9, de estrada de ch\u00e3o, geralmente a gente pega uma voadeira, passa dias. \u00c0s vezes a gente passa dois dias, tr\u00eas dias na voadeira. Ou ent\u00e3o, quando a unidade \u00e9 mais pr\u00f3xima, a comunidade \u00e9 mais pr\u00f3xima da atividade, a gente passa assim quatro horas, que \u00e9 o que vai acontecer indo para a Barra de S\u00e3o Manoel.<\/p>\n<\/blockquote>\n<p>Agora, para quem n\u00e3o conhece voadeira, \u00e9 bom explicar, n\u00e9?<\/p>\n<blockquote>\n<p>Voadeira \u00e9 o nosso meio de transporte na \u00e1gua, n\u00e9, que \u00e9 voadeira de alum\u00ednio. Geralmente a nossa, ela mede 8 metros e \u00e9 um motor 40, mas nem sempre foi assim. Eu j\u00e1 andei de ub\u00e1. O que que \u00e9 o ub\u00e1? \u00c9 um barco de madeira. Ent\u00e3o, o que eu fa\u00e7o hoje em 2 horas, 12 anos atr\u00e1s eu fazia em 8, 12 horas, n\u00e9? E agora eu fa\u00e7o em 4. Passei do rabeta, como se chama aqui, que \u00e9 um motor bem artesanal, e j\u00e1 pelo um 15, pelo um 25, pelo um 30, e agora a gente t\u00e1 no 40. Olha a\u00ed a evolu\u00e7\u00e3o! Ent\u00e3o tamo indo. [risos]<\/p>\n<\/blockquote>\n<p>Nossa, chegada ao s\u00e9culo XXI verdadeiramente, n\u00e9? Agora, qual foi a comunidade mais distante que voc\u00ea j\u00e1 visitou e que cen\u00e1rio voc\u00ea encontrou l\u00e1?<\/p>\n<blockquote>\n<p>A gente se depara com v\u00e1rias situa\u00e7\u00f5es, n\u00e9? A gente trabalha aqui com comunidades tradicionais, que \u00e9 comunidade ribeirinhas, a gente trabalha com os ind\u00edgenas, n\u00e9? A gente vai fazer visita nos ind\u00edgenas. Quando a gente passa para as comunidades, geralmente passa por algumas comunidades ind\u00edgenas. Ent\u00e3o j\u00e1 visitei v\u00e1rias. Eu j\u00e1 tive comunidades que eu passei dois, tr\u00eas dias para chegar nessa comunidade, dentro do estado do Amazonas.<\/p>\n<\/blockquote>\n<blockquote>\n<p>Ent\u00e3o voc\u00ea v\u00ea a dist\u00e2ncia que a gente anda, n\u00e9? E para a gente chegar a essas pessoas, geralmente a gente passa por alguns conflitos, a gente passa pelas a\u00e7\u00f5es de grilagem de terra, n\u00e9, de pesca ilegal. Ent\u00e3o esse nosso trabalho requer um cuidado e uma aten\u00e7\u00e3o especial para a gente exercer esse trabalho que a gente vem desempenhando.<\/p>\n<\/blockquote>\n<p>Agora, algum perigo, alguma situa\u00e7\u00e3o de risco assim que tenha deixado voc\u00ea em p\u00e2nico ou em alerta?<\/p>\n<blockquote>\n<p>J\u00e1 passamos por v\u00e1rios. A gente faz a\u00e7\u00f5es de fiscaliza\u00e7\u00e3o, a gente acompanha alguns fiscais, porque a gente n\u00e3o tem autonomia como fiscal, n\u00e9? A gente \u00e9 s\u00f3 gestor de unidade de conserva\u00e7\u00e3o. Mas a gente j\u00e1 passou por situa\u00e7\u00f5es que a gente \u00e0s vezes n\u00e3o comenta, n\u00e9, para n\u00e3o gerar assim um disse-me-disse. Mas a gente j\u00e1 teve a\u00e7\u00f5es de fiscaliza\u00e7\u00e3o, a gente se deparou com grilagem de terra, a gente se depara com garimpo, n\u00e9, a gente recebe amea\u00e7as&#8230;<\/p>\n<\/blockquote>\n<blockquote>\n<p>Nossa, a gente \u00e0s vezes chega numa placa que t\u00e1 demarcando a nossa unidade, ela t\u00e1 toda grifada de bala, [risos], ou ent\u00e3o a gente chega dentro da unidade, a gente se depara com mans\u00f5es dentro da nossa unidade e a gente tem que fazer a a\u00e7\u00e3o, a gente tem que ir l\u00e1, a gente tem que conversar&#8230; Ent\u00e3o, assim, realmente a gente j\u00e1 teve situa\u00e7\u00f5es que eu posso te dizer que a gente pensou um pouco, mas a gente sempre d\u00e1 conta do recado.<\/p>\n<\/blockquote>\n<p>Brava guerreira, Aldeiza Lago! Honra e gl\u00f3ria das Amaz\u00f4nias. Viva Maria!<\/p>\n<p>  <span class=\"hms hms-format-m-ss\">7:51<\/span><\/p>\n","protected":false},"excerpt":{"rendered":"<p>Na Semana da Amaz\u00f4nia, que tem no 5 de setembro a data m\u00e1xima desse que \u00e9 o maior bioma brasileiro, o Viva Maria coloca no ar trechos da s\u00e9rie Somos Amaz\u00f4nia, uma produ\u00e7\u00e3o da nossa EBC (Empresa Brasil de Comunica\u00e7\u00e3o) com o WWF-Brasil. Ao todo, s\u00e3o cinco epis\u00f3dios que falam da import\u00e2ncia da conserva\u00e7\u00e3o a [&hellip;]<\/p>\n","protected":false},"author":186,"featured_media":45990,"comment_status":"open","ping_status":"open","sticky":false,"template":"","format":"standard","meta":{"site-sidebar-layout":"default","site-content-layout":"","ast-site-content-layout":"default","site-content-style":"default","site-sidebar-style":"default","ast-global-header-display":"","ast-banner-title-visibility":"","ast-main-header-display":"","ast-hfb-above-header-display":"","ast-hfb-below-header-display":"","ast-hfb-mobile-header-display":"","site-post-title":"","ast-breadcrumbs-content":"","ast-featured-img":"","footer-sml-layout":"","ast-disable-related-posts":"","theme-transparent-header-meta":"","adv-header-id-meta":"","stick-header-meta":"","header-above-stick-meta":"","header-main-stick-meta":"","header-below-stick-meta":"","astra-migrate-meta-layouts":"default","ast-page-background-enabled":"default","ast-page-background-meta":{"desktop":{"background-color":"var(--ast-global-color-4)","background-image":"","background-repeat":"repeat","background-position":"center center","background-size":"auto","background-attachment":"scroll","background-type":"","background-media":"","overlay-type":"","overlay-color":"","overlay-opacity":"","overlay-gradient":""},"tablet":{"background-color":"","background-image":"","background-repeat":"repeat","background-position":"center center","background-size":"auto","background-attachment":"scroll","background-type":"","background-media":"","overlay-type":"","overlay-color":"","overlay-opacity":"","overlay-gradient":""},"mobile":{"background-color":"","background-image":"","background-repeat":"repeat","background-position":"center center","background-size":"auto","background-attachment":"scroll","background-type":"","background-media":"","overlay-type":"","overlay-color":"","overlay-opacity":"","overlay-gradient":""}},"ast-content-background-meta":{"desktop":{"background-color":"var(--ast-global-color-5)","background-image":"","background-repeat":"repeat","background-position":"center center","background-size":"auto","background-attachment":"scroll","background-type":"","background-media":"","overlay-type":"","overlay-color":"","overlay-opacity":"","overlay-gradient":""},"tablet":{"background-color":"var(--ast-global-color-5)","background-image":"","background-repeat":"repeat","background-position":"center center","background-size":"auto","background-attachment":"scroll","background-type":"","background-media":"","overlay-type":"","overlay-color":"","overlay-opacity":"","overlay-gradient":""},"mobile":{"background-color":"var(--ast-global-color-5)","background-image":"","background-repeat":"repeat","background-position":"center center","background-size":"auto","background-attachment":"scroll","background-type":"","background-media":"","overlay-type":"","overlay-color":"","overlay-opacity":"","overlay-gradient":""}},"footnotes":""},"categories":[6],"tags":[],"class_list":["post-45989","post","type-post","status-publish","format-standard","has-post-thumbnail","hentry","category-meio-ambiente-e-sustentabilidade"],"_links":{"self":[{"href":"https:\/\/colunadahora.com.br\/index.php?rest_route=\/wp\/v2\/posts\/45989","targetHints":{"allow":["GET"]}}],"collection":[{"href":"https:\/\/colunadahora.com.br\/index.php?rest_route=\/wp\/v2\/posts"}],"about":[{"href":"https:\/\/colunadahora.com.br\/index.php?rest_route=\/wp\/v2\/types\/post"}],"author":[{"embeddable":true,"href":"https:\/\/colunadahora.com.br\/index.php?rest_route=\/wp\/v2\/users\/186"}],"replies":[{"embeddable":true,"href":"https:\/\/colunadahora.com.br\/index.php?rest_route=%2Fwp%2Fv2%2Fcomments&post=45989"}],"version-history":[{"count":0,"href":"https:\/\/colunadahora.com.br\/index.php?rest_route=\/wp\/v2\/posts\/45989\/revisions"}],"wp:featuredmedia":[{"embeddable":true,"href":"https:\/\/colunadahora.com.br\/index.php?rest_route=\/wp\/v2\/media\/45990"}],"wp:attachment":[{"href":"https:\/\/colunadahora.com.br\/index.php?rest_route=%2Fwp%2Fv2%2Fmedia&parent=45989"}],"wp:term":[{"taxonomy":"category","embeddable":true,"href":"https:\/\/colunadahora.com.br\/index.php?rest_route=%2Fwp%2Fv2%2Fcategories&post=45989"},{"taxonomy":"post_tag","embeddable":true,"href":"https:\/\/colunadahora.com.br\/index.php?rest_route=%2Fwp%2Fv2%2Ftags&post=45989"}],"curies":[{"name":"wp","href":"https:\/\/api.w.org\/{rel}","templated":true}]}}