{"id":45981,"date":"2026-09-03T22:19:17","date_gmt":"2026-09-04T01:19:17","guid":{"rendered":"https:\/\/colunadahora.com.br\/?p=45981"},"modified":"2026-09-03T22:19:17","modified_gmt":"2026-09-04T01:19:17","slug":"moraes-encaminha-a-fachin-pedido-de-investigacao-contra-mendonca","status":"publish","type":"post","link":"https:\/\/colunadahora.com.br\/?p=45981","title":{"rendered":"Moraes encaminha a Fachin pedido de investiga\u00e7\u00e3o contra Mendon\u00e7a"},"content":{"rendered":"<p><strong>O ministro Alexandre de Moraes, do Supremo Tribunal Federal (STF), retirou nesta quinta-feira (3) o sigilo de decis\u00e3o que aponta supostas irregularidades na atua\u00e7\u00e3o do ministro Andr\u00e9 Mendon\u00e7a na relatoria de processos relacionados \u00e0s opera\u00e7\u00f5es Sem Desconto e Compliance Zero.<\/strong><img decoding=\"async\" src=\"https:\/\/agenciabrasil.ebc.com.br\/ebc.png?id=1701507&#038;o=rss\"><img decoding=\"async\" src=\"https:\/\/agenciabrasil.ebc.com.br\/ebc.gif?id=1701507&#038;o=rss\"><\/p>\n<p>Moraes encaminhou a decis\u00e3o e os relat\u00f3rios de intelig\u00eancia da Pol\u00edcia Federal que a fundamentam ao presidente da Corte, ministro Edson Fachin.<\/p>\n<p>A decis\u00e3o foi tomada no \u00e2mbito do Inqu\u00e9rito 4.781, instaurado em 2019 para apurar not\u00edcias fraudulentas, denuncia\u00e7\u00f5es caluniosas, amea\u00e7as e outras infra\u00e7\u00f5es contra integrantes do Supremo, al\u00e9m de poss\u00edveis esquemas de financiamento e divulga\u00e7\u00e3o de <em>fake news<\/em> em massa nas redes sociais.<\/p>\n<p>Na decis\u00e3o, Moraes determinou que o conjunto de documentos seja encaminhado a Fachin \u201cpara as provid\u00eancias que entender necess\u00e1rias\u201d. Tamb\u00e9m determinou que a Procuradoria-Geral da Rep\u00fablica seja comunicada.<\/p>\n","protected":false},"excerpt":{"rendered":"<p>O ministro Alexandre de Moraes, do Supremo Tribunal Federal (STF), retirou nesta quinta-feira (3) o sigilo de decis\u00e3o que aponta supostas irregularidades na atua\u00e7\u00e3o do ministro Andr\u00e9 Mendon\u00e7a na relatoria de processos relacionados \u00e0s opera\u00e7\u00f5es Sem Desconto e Compliance Zero. Moraes encaminhou a decis\u00e3o e os relat\u00f3rios de intelig\u00eancia da Pol\u00edcia Federal que a fundamentam [&hellip;]<\/p>\n","protected":false},"author":8,"featured_media":45982,"comment_status":"open","ping_status":"open","sticky":false,"template":"","format":"standard","meta":{"site-sidebar-layout":"default","site-content-layout":"","ast-site-content-layout":"default","site-content-style":"default","site-sidebar-style":"default","ast-global-header-display":"","ast-banner-title-visibility":"","ast-main-header-display":"","ast-hfb-above-header-display":"","ast-hfb-below-header-display":"","ast-hfb-mobile-header-display":"","site-post-title":"","ast-breadcrumbs-content":"","ast-featured-img":"","footer-sml-layout":"","ast-disable-related-posts":"","theme-transparent-header-meta":"","adv-header-id-meta":"","stick-header-meta":"","header-above-stick-meta":"","header-main-stick-meta":"","header-below-stick-meta":"","astra-migrate-meta-layouts":"default","ast-page-background-enabled":"default","ast-page-background-meta":{"desktop":{"background-color":"var(--ast-global-color-4)","background-image":"","background-repeat":"repeat","background-position":"center center","background-size":"auto","background-attachment":"scroll","background-type":"","background-media":"","overlay-type":"","overlay-color":"","overlay-opacity":"","overlay-gradient":""},"tablet":{"background-color":"","background-image":"","background-repeat":"repeat","background-position":"center center","background-size":"auto","background-attachment":"scroll","background-type":"","background-media":"","overlay-type":"","overlay-color":"","overlay-opacity":"","overlay-gradient":""},"mobile":{"background-color":"","background-image":"","background-repeat":"repeat","background-position":"center center","background-size":"auto","background-attachment":"scroll","background-type":"","background-media":"","overlay-type":"","overlay-color":"","overlay-opacity":"","overlay-gradient":""}},"ast-content-background-meta":{"desktop":{"background-color":"var(--ast-global-color-5)","background-image":"","background-repeat":"repeat","background-position":"center center","background-size":"auto","background-attachment":"scroll","background-type":"","background-media":"","overlay-type":"","overlay-color":"","overlay-opacity":"","overlay-gradient":""},"tablet":{"background-color":"var(--ast-global-color-5)","background-image":"","background-repeat":"repeat","background-position":"center center","background-size":"auto","background-attachment":"scroll","background-type":"","background-media":"","overlay-type":"","overlay-color":"","overlay-opacity":"","overlay-gradient":""},"mobile":{"background-color":"var(--ast-global-color-5)","background-image":"","background-repeat":"repeat","background-position":"center center","background-size":"auto","background-attachment":"scroll","background-type":"","background-media":"","overlay-type":"","overlay-color":"","overlay-opacity":"","overlay-gradient":""}},"footnotes":""},"categories":[3],"tags":[],"class_list":["post-45981","post","type-post","status-publish","format-standard","has-post-thumbnail","hentry","category-seguranca-e-justica"],"_links":{"self":[{"href":"https:\/\/colunadahora.com.br\/index.php?rest_route=\/wp\/v2\/posts\/45981","targetHints":{"allow":["GET"]}}],"collection":[{"href":"https:\/\/colunadahora.com.br\/index.php?rest_route=\/wp\/v2\/posts"}],"about":[{"href":"https:\/\/colunadahora.com.br\/index.php?rest_route=\/wp\/v2\/types\/post"}],"author":[{"embeddable":true,"href":"https:\/\/colunadahora.com.br\/index.php?rest_route=\/wp\/v2\/users\/8"}],"replies":[{"embeddable":true,"href":"https:\/\/colunadahora.com.br\/index.php?rest_route=%2Fwp%2Fv2%2Fcomments&post=45981"}],"version-history":[{"count":0,"href":"https:\/\/colunadahora.com.br\/index.php?rest_route=\/wp\/v2\/posts\/45981\/revisions"}],"wp:featuredmedia":[{"embeddable":true,"href":"https:\/\/colunadahora.com.br\/index.php?rest_route=\/wp\/v2\/media\/45982"}],"wp:attachment":[{"href":"https:\/\/colunadahora.com.br\/index.php?rest_route=%2Fwp%2Fv2%2Fmedia&parent=45981"}],"wp:term":[{"taxonomy":"category","embeddable":true,"href":"https:\/\/colunadahora.com.br\/index.php?rest_route=%2Fwp%2Fv2%2Fcategories&post=45981"},{"taxonomy":"post_tag","embeddable":true,"href":"https:\/\/colunadahora.com.br\/index.php?rest_route=%2Fwp%2Fv2%2Ftags&post=45981"}],"curies":[{"name":"wp","href":"https:\/\/api.w.org\/{rel}","templated":true}]}}