{"id":45963,"date":"2026-09-03T19:17:45","date_gmt":"2026-09-03T22:17:45","guid":{"rendered":"https:\/\/colunadahora.com.br\/?p=45963"},"modified":"2026-09-03T19:17:45","modified_gmt":"2026-09-03T22:17:45","slug":"fortaleza-recebe-oitava-edicao-do-fenacce-a-partir-desta-sexta-feira","status":"publish","type":"post","link":"https:\/\/colunadahora.com.br\/?p=45963","title":{"rendered":"Fortaleza recebe oitava edi\u00e7\u00e3o do Fenacce a partir desta sexta-feira"},"content":{"rendered":"<p>A oitava edi\u00e7\u00e3o do Fenacce, Festival Nacional de Artesanato e Cultura do Cear\u00e1, ser\u00e1 aberta nesta sexta-feira (4), \u00e0s 15h. O evento vai at\u00e9 o dia 13 deste m\u00eas, no Centro de Eventos do Cear\u00e1. <strong>O tema \u00e9 &#8220;Cultura que transforma&#8221;, e as atividades abrangem artesanato, cultura, m\u00fasica, gastronomia e oportunidades de neg\u00f3cios.<\/strong><img decoding=\"async\" src=\"https:\/\/agenciabrasil.ebc.com.br\/ebc.png?id=1701486&#038;o=rss\"><img decoding=\"async\" src=\"https:\/\/agenciabrasil.ebc.com.br\/ebc.gif?id=1701486&#038;o=rss\"><\/p>\n<p><strong>Stella Pavan<\/strong>, promotora do Fenacce, fala sobre a iniciativa:<\/p>\n<blockquote>\n<p>&#8220;Mais de tr\u00eas mil artes\u00e3os do Brasil inteiro, onde teremos palestras, shows, gastronomia e cultura; tudo isso em um \u00fanico lugar. Todos os estados brasileiros e o melhor do artesanato.&#8221;<\/p>\n<\/blockquote>\n<h3>Programa\u00e7\u00e3o<\/h3>\n<p>Nesta sexta-feira, \u00e0s 19h, o p\u00fablico poder\u00e1 conferir o show de Suzy Navarro no palco principal. No s\u00e1bado (5), a partir do meio-dia, o projeto Almo\u00e7o Convida apresenta o musical Nova Cor. \u00c0s 19h30, haver\u00e1 show de Marcos Lessa e convidados. No domingo (6), haver\u00e1 oficinas de argila, modelagem, t\u00e9cnicas com fios e tecidos, fuxico, croch\u00ea e reaproveitamento de materiais. Na Arena Senac, o p\u00fablico poder\u00e1 acompanhar atividades gastron\u00f4micas, com foco em preparos que valorizam ingredientes e sabores brasileiros.<\/p>\n<p>A programa\u00e7\u00e3o completa pode ser conferida nas <a href=\"https:\/\/www.instagram.com\/fenacce\/\" target=\"_blank\">redes sociais do Fenacce<\/a>: Festival Nacional de Artesanato e Cultura do Cear\u00e1.<\/p>\n<p>  <span class=\"hms hms-format-m-ss\">1:23<\/span><\/p>\n","protected":false},"excerpt":{"rendered":"<p>A oitava edi\u00e7\u00e3o do Fenacce, Festival Nacional de Artesanato e Cultura do Cear\u00e1, ser\u00e1 aberta nesta sexta-feira (4), \u00e0s 15h. O evento vai at\u00e9 o dia 13 deste m\u00eas, no Centro de Eventos do Cear\u00e1. O tema \u00e9 &#8220;Cultura que transforma&#8221;, e as atividades abrangem artesanato, cultura, m\u00fasica, gastronomia e oportunidades de neg\u00f3cios. Stella Pavan, [&hellip;]<\/p>\n","protected":false},"author":1,"featured_media":45964,"comment_status":"open","ping_status":"open","sticky":false,"template":"","format":"standard","meta":{"site-sidebar-layout":"default","site-content-layout":"","ast-site-content-layout":"default","site-content-style":"default","site-sidebar-style":"default","ast-global-header-display":"","ast-banner-title-visibility":"","ast-main-header-display":"","ast-hfb-above-header-display":"","ast-hfb-below-header-display":"","ast-hfb-mobile-header-display":"","site-post-title":"","ast-breadcrumbs-content":"","ast-featured-img":"","footer-sml-layout":"","ast-disable-related-posts":"","theme-transparent-header-meta":"","adv-header-id-meta":"","stick-header-meta":"","header-above-stick-meta":"","header-main-stick-meta":"","header-below-stick-meta":"","astra-migrate-meta-layouts":"default","ast-page-background-enabled":"default","ast-page-background-meta":{"desktop":{"background-color":"var(--ast-global-color-4)","background-image":"","background-repeat":"repeat","background-position":"center center","background-size":"auto","background-attachment":"scroll","background-type":"","background-media":"","overlay-type":"","overlay-color":"","overlay-opacity":"","overlay-gradient":""},"tablet":{"background-color":"","background-image":"","background-repeat":"repeat","background-position":"center center","background-size":"auto","background-attachment":"scroll","background-type":"","background-media":"","overlay-type":"","overlay-color":"","overlay-opacity":"","overlay-gradient":""},"mobile":{"background-color":"","background-image":"","background-repeat":"repeat","background-position":"center center","background-size":"auto","background-attachment":"scroll","background-type":"","background-media":"","overlay-type":"","overlay-color":"","overlay-opacity":"","overlay-gradient":""}},"ast-content-background-meta":{"desktop":{"background-color":"var(--ast-global-color-5)","background-image":"","background-repeat":"repeat","background-position":"center center","background-size":"auto","background-attachment":"scroll","background-type":"","background-media":"","overlay-type":"","overlay-color":"","overlay-opacity":"","overlay-gradient":""},"tablet":{"background-color":"var(--ast-global-color-5)","background-image":"","background-repeat":"repeat","background-position":"center center","background-size":"auto","background-attachment":"scroll","background-type":"","background-media":"","overlay-type":"","overlay-color":"","overlay-opacity":"","overlay-gradient":""},"mobile":{"background-color":"var(--ast-global-color-5)","background-image":"","background-repeat":"repeat","background-position":"center center","background-size":"auto","background-attachment":"scroll","background-type":"","background-media":"","overlay-type":"","overlay-color":"","overlay-opacity":"","overlay-gradient":""}},"footnotes":""},"categories":[5],"tags":[],"class_list":["post-45963","post","type-post","status-publish","format-standard","has-post-thumbnail","hentry","category-cultura-e-entretenimento"],"_links":{"self":[{"href":"https:\/\/colunadahora.com.br\/index.php?rest_route=\/wp\/v2\/posts\/45963","targetHints":{"allow":["GET"]}}],"collection":[{"href":"https:\/\/colunadahora.com.br\/index.php?rest_route=\/wp\/v2\/posts"}],"about":[{"href":"https:\/\/colunadahora.com.br\/index.php?rest_route=\/wp\/v2\/types\/post"}],"author":[{"embeddable":true,"href":"https:\/\/colunadahora.com.br\/index.php?rest_route=\/wp\/v2\/users\/1"}],"replies":[{"embeddable":true,"href":"https:\/\/colunadahora.com.br\/index.php?rest_route=%2Fwp%2Fv2%2Fcomments&post=45963"}],"version-history":[{"count":0,"href":"https:\/\/colunadahora.com.br\/index.php?rest_route=\/wp\/v2\/posts\/45963\/revisions"}],"wp:featuredmedia":[{"embeddable":true,"href":"https:\/\/colunadahora.com.br\/index.php?rest_route=\/wp\/v2\/media\/45964"}],"wp:attachment":[{"href":"https:\/\/colunadahora.com.br\/index.php?rest_route=%2Fwp%2Fv2%2Fmedia&parent=45963"}],"wp:term":[{"taxonomy":"category","embeddable":true,"href":"https:\/\/colunadahora.com.br\/index.php?rest_route=%2Fwp%2Fv2%2Fcategories&post=45963"},{"taxonomy":"post_tag","embeddable":true,"href":"https:\/\/colunadahora.com.br\/index.php?rest_route=%2Fwp%2Fv2%2Ftags&post=45963"}],"curies":[{"name":"wp","href":"https:\/\/api.w.org\/{rel}","templated":true}]}}