{"id":45961,"date":"2026-09-03T18:19:11","date_gmt":"2026-09-03T21:19:11","guid":{"rendered":"https:\/\/colunadahora.com.br\/?p=45961"},"modified":"2026-09-03T18:19:11","modified_gmt":"2026-09-03T21:19:11","slug":"mp-da-taxa-das-blusinhas-e-aprovada-na-camara-e-vai-ao-senado","status":"publish","type":"post","link":"https:\/\/colunadahora.com.br\/?p=45961","title":{"rendered":"MP da &#8220;taxa das blusinhas&#8221; \u00e9 aprovada na C\u00e2mara e vai ao Senado"},"content":{"rendered":"<\/p>\n<p><a class=\"\" href=\"https:\/\/agenciabrasil.ebc.com.br\/politica\/noticia\/2026-09\/mp-da-taxa-das-blusinhas-e-aprovada-na-camara-e-vai-ao-senado\"><br \/>\n                    <img decoding=\"async\" src=\"https:\/\/cdn.jsdelivr.net\/gh\/sergiosdlima\/assets-ebc@1.0.0\/abr\/assets\/images\/logo-agenciabrasil.svg\" alt=\"Logo Ag\u00eancia Brasil\"><br \/>\n\t\t\t\t<\/a><\/p>\n<p><strong>O plen\u00e1rio da <a href=\"https:\/\/www.camara.leg.br\/\" target=\"_blank\">C\u00e2mara dos Deputados <\/a>aprovou, nesta quinta-feira (3), em vota\u00e7\u00e3o simb\u00f3lica, a <a href=\"https:\/\/agenciabrasil.ebc.com.br\/tags\/taxa-das-blusinhas\" target=\"_blank\">Medida Provis\u00f3ria (MP) da chamada &#8220;taxa das blusinhas&#8221;<\/a>. O texto zera\u00a0a al\u00edquota do Imposto de Importa\u00e7\u00e3o, atualmente de 20%, para compras internacionais de at\u00e9 US$ 50\u00a0(cerca de R$ 257) feitas pela internet e enviadas ao pa\u00eds por meio de remessas postais.<\/strong>\u00a0O texto segue agora para o Senado e precisa ser aprovado nas duas Casas at\u00e9 8 de setembro para n\u00e3o perder a validade.<strong>\u00a0<\/strong><img decoding=\"async\" src=\"https:\/\/agenciabrasil.ebc.com.br\/ebc.png?id=1701474&#038;o=rss\"><img decoding=\"async\" src=\"https:\/\/agenciabrasil.ebc.com.br\/ebc.gif?id=1701474&#038;o=rss\"><\/p>\n<p>Segundo o\u00a0presidente da C\u00e2mara, Hugo Motta (Republicanos-PB), as compras de at\u00e9 50 d\u00f3lares representam alternativa importante de consumo, especialmente para a popula\u00e7\u00e3o de menor renda.<\/p>\n<blockquote>\n<h3>Not\u00edcias relacionadas:<\/h3>\n<ul>\n<li><a href=\"https:\/\/agenciabrasil.ebc.com.br\/politica\/noticia\/2026-09\/comissao-aprova-mp-da-taxa-das-blusinhas-texto-segue-plenarios\">Comiss\u00e3o aprova MP da taxa das blusinhas: texto segue a plen\u00e1rios.<\/a><\/li>\n<li><a href=\"https:\/\/agenciabrasil.ebc.com.br\/politica\/noticia\/2026-09\/ajustes-no-texto-adiam-votacao-da-mp-da-taxa-das-blusinhas\">Ajustes no texto adiam vota\u00e7\u00e3o da MP da &#8220;taxa das blusinhas&#8221;.<\/a><\/li>\n<li><a href=\"https:\/\/agenciabrasil.ebc.com.br\/politica\/noticia\/2026-08\/votacao-da-mp-que-zera-taxa-das-blusinhas-e-adiada-para-terca\">Vota\u00e7\u00e3o da MP que zera &#8220;taxa das blusinhas&#8221; \u00e9 adiada para ter\u00e7a.<\/a><\/li>\n<\/ul>\n<p>&#8220;S\u00e3o brasileiros que enfrentam diariamente a press\u00e3o sobre o or\u00e7amento dom\u00e9stico e encontram nesse com\u00e9rcio uma forma de adquirir produtos do cotidiano a pre\u00e7os mais acess\u00edveis&#8221;, destacou o parlamentar ao final da vota\u00e7\u00e3o.\u00a0\n<\/p><\/blockquote>\n<p>De acordo com Motta, as preocupa\u00e7\u00f5es da ind\u00fastria e do varejo nacionais, <a href=\"https:\/\/agenciabrasil.ebc.com.br\/economia\/noticia\/2026-04\/taxa-das-blusinhas-preservou-135-mil-empregos-estima-cni\" target=\"_blank\">setores que s\u00e3o contr\u00e1rios ao fim da taxa<\/a>, ser\u00e3o debatidas para conciliar a prote\u00e7\u00e3o do poder de compra das fam\u00edlias e manter a competitividade da produ\u00e7\u00e3o brasileira.<\/p>\n<h2>Altera\u00e7\u00f5es no texto<\/h2>\n<p>Durante a tramita\u00e7\u00e3o, o texto foi modificado pela relatora na comiss\u00e3o especial mista, a senadora Leila Barros (PDT-DF).\u00a0<\/p>\n<p>Uma das novidades introduzidas na medida \u00e9 a emenda que zera o imposto de importa\u00e7\u00e3o de medicamentos que n\u00e3o tenham similar no Brasil.<\/p>\n<p>O texto aprovado pela C\u00e2mara tamb\u00e9m prev\u00ea uma redu\u00e7\u00e3o de 60% para 30% da al\u00edquota de importa\u00e7\u00e3o para compras de at\u00e9 US$ 3 mil por remessas postais vindas do exterior.\u00a0<\/p>\n<p>Outro ponto inclu\u00eddo \u00e9 a previs\u00e3o de avalia\u00e7\u00e3o peri\u00f3dica, pelo Minist\u00e9rio da Fazenda, dos efeitos econ\u00f4micos da isen\u00e7\u00e3o tarif\u00e1ria.<\/p>\n<p><strong>Parlamentares da oposi\u00e7\u00e3o criticaram o teor da medida por dar vantagem a empresas estrangeiras em detrimento da ind\u00fastria nacional.<\/strong><\/p>\n<blockquote>\n<p>&#8220;O exato benef\u00edcio fiscal que est\u00e1 sendo dado para o mesm\u00edssimo produto com o mesm\u00edssimo pre\u00e7o precisa ser dado para o brasileiro, para quem produz aqui, para quem ainda acredita no Brasil&#8221;, afirmou o deputado federal Gilson Marques (Novo-SC).<\/p>\n<\/blockquote>\n","protected":false},"excerpt":{"rendered":"<p>O plen\u00e1rio da C\u00e2mara dos Deputados aprovou, nesta quinta-feira (3), em vota\u00e7\u00e3o simb\u00f3lica, a Medida Provis\u00f3ria (MP) da chamada &#8220;taxa das blusinhas&#8221;. O texto zera\u00a0a al\u00edquota do Imposto de Importa\u00e7\u00e3o, atualmente de 20%, para compras internacionais de at\u00e9 US$ 50\u00a0(cerca de R$ 257) feitas pela internet e enviadas ao pa\u00eds por meio de remessas postais.\u00a0O [&hellip;]<\/p>\n","protected":false},"author":27,"featured_media":45962,"comment_status":"open","ping_status":"open","sticky":false,"template":"","format":"standard","meta":{"site-sidebar-layout":"default","site-content-layout":"","ast-site-content-layout":"default","site-content-style":"default","site-sidebar-style":"default","ast-global-header-display":"","ast-banner-title-visibility":"","ast-main-header-display":"","ast-hfb-above-header-display":"","ast-hfb-below-header-display":"","ast-hfb-mobile-header-display":"","site-post-title":"","ast-breadcrumbs-content":"","ast-featured-img":"","footer-sml-layout":"","ast-disable-related-posts":"","theme-transparent-header-meta":"","adv-header-id-meta":"","stick-header-meta":"","header-above-stick-meta":"","header-main-stick-meta":"","header-below-stick-meta":"","astra-migrate-meta-layouts":"default","ast-page-background-enabled":"default","ast-page-background-meta":{"desktop":{"background-color":"var(--ast-global-color-4)","background-image":"","background-repeat":"repeat","background-position":"center center","background-size":"auto","background-attachment":"scroll","background-type":"","background-media":"","overlay-type":"","overlay-color":"","overlay-opacity":"","overlay-gradient":""},"tablet":{"background-color":"","background-image":"","background-repeat":"repeat","background-position":"center center","background-size":"auto","background-attachment":"scroll","background-type":"","background-media":"","overlay-type":"","overlay-color":"","overlay-opacity":"","overlay-gradient":""},"mobile":{"background-color":"","background-image":"","background-repeat":"repeat","background-position":"center center","background-size":"auto","background-attachment":"scroll","background-type":"","background-media":"","overlay-type":"","overlay-color":"","overlay-opacity":"","overlay-gradient":""}},"ast-content-background-meta":{"desktop":{"background-color":"var(--ast-global-color-5)","background-image":"","background-repeat":"repeat","background-position":"center center","background-size":"auto","background-attachment":"scroll","background-type":"","background-media":"","overlay-type":"","overlay-color":"","overlay-opacity":"","overlay-gradient":""},"tablet":{"background-color":"var(--ast-global-color-5)","background-image":"","background-repeat":"repeat","background-position":"center center","background-size":"auto","background-attachment":"scroll","background-type":"","background-media":"","overlay-type":"","overlay-color":"","overlay-opacity":"","overlay-gradient":""},"mobile":{"background-color":"var(--ast-global-color-5)","background-image":"","background-repeat":"repeat","background-position":"center center","background-size":"auto","background-attachment":"scroll","background-type":"","background-media":"","overlay-type":"","overlay-color":"","overlay-opacity":"","overlay-gradient":""}},"footnotes":""},"categories":[4],"tags":[],"class_list":["post-45961","post","type-post","status-publish","format-standard","has-post-thumbnail","hentry","category-politica"],"_links":{"self":[{"href":"https:\/\/colunadahora.com.br\/index.php?rest_route=\/wp\/v2\/posts\/45961","targetHints":{"allow":["GET"]}}],"collection":[{"href":"https:\/\/colunadahora.com.br\/index.php?rest_route=\/wp\/v2\/posts"}],"about":[{"href":"https:\/\/colunadahora.com.br\/index.php?rest_route=\/wp\/v2\/types\/post"}],"author":[{"embeddable":true,"href":"https:\/\/colunadahora.com.br\/index.php?rest_route=\/wp\/v2\/users\/27"}],"replies":[{"embeddable":true,"href":"https:\/\/colunadahora.com.br\/index.php?rest_route=%2Fwp%2Fv2%2Fcomments&post=45961"}],"version-history":[{"count":0,"href":"https:\/\/colunadahora.com.br\/index.php?rest_route=\/wp\/v2\/posts\/45961\/revisions"}],"wp:featuredmedia":[{"embeddable":true,"href":"https:\/\/colunadahora.com.br\/index.php?rest_route=\/wp\/v2\/media\/45962"}],"wp:attachment":[{"href":"https:\/\/colunadahora.com.br\/index.php?rest_route=%2Fwp%2Fv2%2Fmedia&parent=45961"}],"wp:term":[{"taxonomy":"category","embeddable":true,"href":"https:\/\/colunadahora.com.br\/index.php?rest_route=%2Fwp%2Fv2%2Fcategories&post=45961"},{"taxonomy":"post_tag","embeddable":true,"href":"https:\/\/colunadahora.com.br\/index.php?rest_route=%2Fwp%2Fv2%2Ftags&post=45961"}],"curies":[{"name":"wp","href":"https:\/\/api.w.org\/{rel}","templated":true}]}}