{"id":45943,"date":"2026-09-03T15:38:58","date_gmt":"2026-09-03T18:38:58","guid":{"rendered":"https:\/\/colunadahora.com.br\/?p=45943"},"modified":"2026-09-03T15:42:03","modified_gmt":"2026-09-03T18:42:03","slug":"portal-coluna-da-hora-candidatura-de-sandra-moraes-suplente-de-fernando-maximo-e-mae-do-prefeito-de-porto-velho-e-questionada-pelo-mpe-por-condenacao-no-tce-ro","status":"publish","type":"post","link":"https:\/\/colunadahora.com.br\/?p=45943","title":{"rendered":"PORTAL COLUNA DA HORA &#8211; CANDIDATURA DE SANDRA MORAES, SUPLENTE DE FERNANDO M\u00c1XIMO E M\u00c3E DO PREFEITO DE PORTO VELHO, \u00c9 QUESTIONADA PELO MPE POR CONDENA\u00c7\u00c3O NO TCE-RO"},"content":{"rendered":"<p class=\"isSelectedEnd\" style=\"text-align: center;\"><em>A elei\u00e7\u00e3o de 2026 acaba de ganhar um ingrediente que ningu\u00e9m do grupo de <strong>L\u00e9o Moraes<\/strong>, prefeito de Porto Velho e um dos pol\u00edticos de maior influ\u00eancia eleitoral do Estado, gostaria de enfrentar neste momento<\/em><\/p>\n<p>&nbsp;<\/p>\n<p class=\"isSelectedEnd\">A candidatura de Sandra Maria Barreto de Moraes, m\u00e3e do prefeito e candidata a 1\u00aa suplente de senador do candidato Fernando M\u00e1ximo, est\u00e1 sob forte questionamento jur\u00eddico. O Minist\u00e9rio P\u00fablico Eleitoral pediu o indeferimento do registro com base em condena\u00e7\u00e3o do Tribunal de Contas de Rond\u00f4nia.<\/p>\n<p class=\"isSelectedEnd\">O epis\u00f3dio \u00e9 antigo, mas voltou \u00e0 mesa justamente agora. O TCE-RO responsabilizou Sandra por excesso de consumo de combust\u00edvel em seu gabinete quando era vereadora. Foram 451,79 litros acima da quota, com dano ao er\u00e1rio calculado em R$ 1.048,15, al\u00e9m de multa individual de R$ 589,73.<\/p>\n<p>&nbsp;<\/p>\n<p><a href=\"https:\/\/colunadahora.com.br\/wp-content\/uploads\/2026\/09\/Impugnacao-Sandra-Moraes.pdf\">CONFIRA AQUI O DOCUMENTO DA IMPUGNA\u00c7\u00c3O<\/a>:<\/p>\n<p><a href=\"https:\/\/colunadahora.com.br\/wp-content\/uploads\/2026\/09\/Impugnacao-Sandra-Moraes.pdf\">Impugna\u00e7\u00e3o Sandra Moraes<\/a><\/p>\n<p>&nbsp;<\/p>\n<p class=\"isSelectedEnd\">O MPE entende que os fatos podem enquadr\u00e1-la na hip\u00f3tese de inelegibilidade prevista na Lei da Ficha Limpa e sustenta que o prazo de oito anos ainda alcan\u00e7aria as elei\u00e7\u00f5es de 2026. \u00c9 aqui que o caso deixa de ser apenas jur\u00eddico e ganha dimens\u00e3o pol\u00edtica.<\/p>\n<p><strong>L\u00c9O NO OLHO DO FURAC\u00c3O<\/strong><\/p>\n<p class=\"isSelectedEnd\">Sandra responde pelo pr\u00f3prio passado pol\u00edtico e administrativo. L\u00e9o Moraes, por\u00e9m, ter\u00e1 de conviver com o inevit\u00e1vel peso eleitoral de ter a pr\u00f3pria m\u00e3e no destaque de uma batalha judicial durante uma elei\u00e7\u00e3o em que sua influ\u00eancia pol\u00edtica ser\u00e1 colocada \u00e0 prova.<\/p>\n<p>Sandra Moraes e L\u00e9o Moraes<!--TgQPHd|||[]--> s\u00e3o figuras importantes da pol\u00edtica de Rond\u00f4nia, unidos por um forte la\u00e7o familiar de m\u00e3e e filho<!--TgQPHd|||[]-->. Ambos constru\u00edram suas trajet\u00f3rias na capital, Porto Velho, perpetuando o hist\u00f3rico pol\u00edtico da fam\u00edlia Moraes na regi\u00e3o.<\/p>\n<p class=\"isSelectedEnd\">Por enquanto, n\u00e3o h\u00e1 decis\u00e3o definitiva da Justi\u00e7a Eleitoral. H\u00e1 um pedido do Minist\u00e9rio P\u00fablico. Mas uma coisa j\u00e1 mudou, j\u00e1 que o sobrenome Moraes \u00e9 um peso nas urnas de Porto Velho, agora tamb\u00e9m est\u00e1 sob os holofotes da Justi\u00e7a Eleitoral.<\/p>\n<p>&nbsp;<\/p>\n<p><strong>FONTE:<\/strong> COLUNA DA HORA \/ JORNALISTA G\u00c9RI ANDERSON<\/p>\n","protected":false},"excerpt":{"rendered":"<p>A elei\u00e7\u00e3o de 2026 acaba de ganhar um ingrediente que ningu\u00e9m do grupo de L\u00e9o Moraes, prefeito de Porto Velho e um dos pol\u00edticos de maior influ\u00eancia eleitoral do Estado, gostaria de enfrentar neste momento &nbsp; A candidatura de Sandra Maria Barreto de Moraes, m\u00e3e do prefeito e candidata a 1\u00aa suplente de senador do [&hellip;]<\/p>\n","protected":false},"author":1,"featured_media":45944,"comment_status":"open","ping_status":"closed","sticky":false,"template":"","format":"standard","meta":{"site-sidebar-layout":"default","site-content-layout":"","ast-site-content-layout":"default","site-content-style":"default","site-sidebar-style":"default","ast-global-header-display":"","ast-banner-title-visibility":"","ast-main-header-display":"","ast-hfb-above-header-display":"","ast-hfb-below-header-display":"","ast-hfb-mobile-header-display":"","site-post-title":"","ast-breadcrumbs-content":"","ast-featured-img":"","footer-sml-layout":"","ast-disable-related-posts":"","theme-transparent-header-meta":"default","adv-header-id-meta":"","stick-header-meta":"","header-above-stick-meta":"","header-main-stick-meta":"","header-below-stick-meta":"","astra-migrate-meta-layouts":"set","ast-page-background-enabled":"default","ast-page-background-meta":{"desktop":{"background-color":"var(--ast-global-color-4)","background-image":"","background-repeat":"repeat","background-position":"center center","background-size":"auto","background-attachment":"scroll","background-type":"","background-media":"","overlay-type":"","overlay-color":"","overlay-opacity":"","overlay-gradient":""},"tablet":{"background-color":"","background-image":"","background-repeat":"repeat","background-position":"center center","background-size":"auto","background-attachment":"scroll","background-type":"","background-media":"","overlay-type":"","overlay-color":"","overlay-opacity":"","overlay-gradient":""},"mobile":{"background-color":"","background-image":"","background-repeat":"repeat","background-position":"center center","background-size":"auto","background-attachment":"scroll","background-type":"","background-media":"","overlay-type":"","overlay-color":"","overlay-opacity":"","overlay-gradient":""}},"ast-content-background-meta":{"desktop":{"background-color":"var(--ast-global-color-5)","background-image":"","background-repeat":"repeat","background-position":"center center","background-size":"auto","background-attachment":"scroll","background-type":"","background-media":"","overlay-type":"","overlay-color":"","overlay-opacity":"","overlay-gradient":""},"tablet":{"background-color":"var(--ast-global-color-5)","background-image":"","background-repeat":"repeat","background-position":"center center","background-size":"auto","background-attachment":"scroll","background-type":"","background-media":"","overlay-type":"","overlay-color":"","overlay-opacity":"","overlay-gradient":""},"mobile":{"background-color":"var(--ast-global-color-5)","background-image":"","background-repeat":"repeat","background-position":"center center","background-size":"auto","background-attachment":"scroll","background-type":"","background-media":"","overlay-type":"","overlay-color":"","overlay-opacity":"","overlay-gradient":""}},"footnotes":""},"categories":[46,67],"tags":[],"class_list":["post-45943","post","type-post","status-publish","format-standard","has-post-thumbnail","hentry","category-destaques-da-hora","category-eleicoes-2026-ro"],"_links":{"self":[{"href":"https:\/\/colunadahora.com.br\/index.php?rest_route=\/wp\/v2\/posts\/45943","targetHints":{"allow":["GET"]}}],"collection":[{"href":"https:\/\/colunadahora.com.br\/index.php?rest_route=\/wp\/v2\/posts"}],"about":[{"href":"https:\/\/colunadahora.com.br\/index.php?rest_route=\/wp\/v2\/types\/post"}],"author":[{"embeddable":true,"href":"https:\/\/colunadahora.com.br\/index.php?rest_route=\/wp\/v2\/users\/1"}],"replies":[{"embeddable":true,"href":"https:\/\/colunadahora.com.br\/index.php?rest_route=%2Fwp%2Fv2%2Fcomments&post=45943"}],"version-history":[{"count":3,"href":"https:\/\/colunadahora.com.br\/index.php?rest_route=\/wp\/v2\/posts\/45943\/revisions"}],"predecessor-version":[{"id":45948,"href":"https:\/\/colunadahora.com.br\/index.php?rest_route=\/wp\/v2\/posts\/45943\/revisions\/45948"}],"wp:featuredmedia":[{"embeddable":true,"href":"https:\/\/colunadahora.com.br\/index.php?rest_route=\/wp\/v2\/media\/45944"}],"wp:attachment":[{"href":"https:\/\/colunadahora.com.br\/index.php?rest_route=%2Fwp%2Fv2%2Fmedia&parent=45943"}],"wp:term":[{"taxonomy":"category","embeddable":true,"href":"https:\/\/colunadahora.com.br\/index.php?rest_route=%2Fwp%2Fv2%2Fcategories&post=45943"},{"taxonomy":"post_tag","embeddable":true,"href":"https:\/\/colunadahora.com.br\/index.php?rest_route=%2Fwp%2Fv2%2Ftags&post=45943"}],"curies":[{"name":"wp","href":"https:\/\/api.w.org\/{rel}","templated":true}]}}