{"id":45928,"date":"2026-09-03T13:19:25","date_gmt":"2026-09-03T16:19:25","guid":{"rendered":"https:\/\/colunadahora.com.br\/?p=45928"},"modified":"2026-09-03T13:19:25","modified_gmt":"2026-09-03T16:19:25","slug":"mendonca-diz-que-deixara-sociedade-no-instituto-iter","status":"publish","type":"post","link":"https:\/\/colunadahora.com.br\/?p=45928","title":{"rendered":"Mendon\u00e7a diz que deixar\u00e1 sociedade no Instituto Iter"},"content":{"rendered":"<\/p>\n<p><a class=\"\" href=\"https:\/\/agenciabrasil.ebc.com.br\/justica\/noticia\/2026-09\/mendonca-diz-que-deixara-sociedade-no-instituto-iter\"><br \/>\n                    <img decoding=\"async\" src=\"https:\/\/cdn.jsdelivr.net\/gh\/sergiosdlima\/assets-ebc@1.0.0\/abr\/assets\/images\/logo-agenciabrasil.svg\" alt=\"Logo Ag\u00eancia Brasil\"><br \/>\n\t\t\t\t<\/a><\/p>\n<p><strong>O ministro Andr\u00e9 Mendon\u00e7a, do Supremo Tribunal Federal (STF), anunciou nesta quinta-feira (3), que vai deixar a sociedade no Instituto Iter, institui\u00e7\u00e3o de ensino privada que oferece cursos de capacita\u00e7\u00e3o e p\u00f3s-gradua\u00e7\u00e3o executiva.<\/strong><img decoding=\"async\" src=\"https:\/\/agenciabrasil.ebc.com.br\/ebc.png?id=1701460&#038;o=rss\"><img decoding=\"async\" src=\"https:\/\/agenciabrasil.ebc.com.br\/ebc.gif?id=1701460&#038;o=rss\"><\/p>\n<p>Em nota, Mendon\u00e7a afirma\u00a0que nunca recebeu lucros advindos do instituto que ajudou a fundar, em novembro de 2023, quase dois anos ap\u00f3s ele ter tomado posse como ministro da mais alta Corte de justi\u00e7a do pa\u00eds.<\/p>\n<\/p>\n<h3>Not\u00edcias relacionadas:<\/h3>\n<ul>\n<li><a href=\"https:\/\/agenciabrasil.ebc.com.br\/politica\/noticia\/2026-09\/ccj-do-senado-aprova-texto-base-da-pec-da-seguranca-publica\">CCJ do Senado aprova texto-base da PEC da Seguran\u00e7a P\u00fablica.<\/a><\/li>\n<li><a href=\"https:\/\/agenciabrasil.ebc.com.br\/politica\/noticia\/2026-09\/senado-oposicao-obstrui-e-fim-da-escala-6x1-nao-vai-plenario\">Senado: oposi\u00e7\u00e3o obstrui e fim da escala 6&#215;1 n\u00e3o vai a plen\u00e1rio.<\/a><\/li>\n<\/ul>\n<p><strong>Mendon\u00e7a disse que ceder\u00e1 suas cotas, bem como as de sua esposa, Janei Mendon\u00e7a, de maneira que eventuais valores decorrentes da participa\u00e7\u00e3o do casal na empresa sejam destinadas para fins sociais e educacionais.<\/strong><\/p>\n<p>Ainda segundo Mendon\u00e7a, o Iter ser\u00e1 transformado em entidade sem fins\u00a0lucrativos, \u201crefor\u00e7ando sua voca\u00e7\u00e3o exclusivamente educacional e social\u201d, \u00e0 qual \u201co ministro permanecer\u00e1 prestando servi\u00e7os exclusivamente acad\u00eamicos, na qualidade de professor\u201d. No site do Iter, Mendon\u00e7a\u00a0\u00e9 apontado como professor do curso <em>Arte e a Ci\u00eancia da Orat\u00f3ria<\/em>.\u00a0<\/p>\n<p><strong>De acordo com o ministro, a decis\u00e3o de transformar o Iter em entidade sem fins lucrativos foi tomada em conjunto com o presidente do instituto, Victor Godoy Veiga.<\/strong><\/p>\n<p>Mendon\u00e7a e Veiga foram ministros de Estado durante o governo de Jair Bolsonaro. O primeiro, comandou o Minist\u00e9rio da Justi\u00e7a e Seguran\u00e7a P\u00fablica entre abril de 2020 e mar\u00e7o de 2021. Veiga chefiou o Minist\u00e9rio da Educa\u00e7\u00e3o de mar\u00e7o a 2022 e janeiro 2023.<\/p>\n<p>A Revista F\u00f3rum noticiou, esta manh\u00e3, em seu site, que, desde que foi fundado, o Iter firmou ao menos 55 contratos com \u00f3rg\u00e3os p\u00fablicos de 14 unidades federativas. Somados, os contratos envolvem valores da ordem de R$ 10,8 milh\u00f5es. De acordo com a apura\u00e7\u00e3o do jornalista Pl\u00ednio Teodoro, da F\u00f3rum, 54 desses contratos foram formalizados por meio de contrata\u00e7\u00e3o direta, sem a realiza\u00e7\u00e3o de licita\u00e7\u00e3o pr\u00e9via.<\/p>\n<p><strong>A reportagem da Ag\u00eancia Brasil entrou em contato com o Instituto Iter e aguarda uma resposta.<\/strong><\/p>\n","protected":false},"excerpt":{"rendered":"<p>O ministro Andr\u00e9 Mendon\u00e7a, do Supremo Tribunal Federal (STF), anunciou nesta quinta-feira (3), que vai deixar a sociedade no Instituto Iter, institui\u00e7\u00e3o de ensino privada que oferece cursos de capacita\u00e7\u00e3o e p\u00f3s-gradua\u00e7\u00e3o executiva. Em nota, Mendon\u00e7a afirma\u00a0que nunca recebeu lucros advindos do instituto que ajudou a fundar, em novembro de 2023, quase dois anos ap\u00f3s [&hellip;]<\/p>\n","protected":false},"author":62,"featured_media":45929,"comment_status":"open","ping_status":"open","sticky":false,"template":"","format":"standard","meta":{"site-sidebar-layout":"default","site-content-layout":"","ast-site-content-layout":"default","site-content-style":"default","site-sidebar-style":"default","ast-global-header-display":"","ast-banner-title-visibility":"","ast-main-header-display":"","ast-hfb-above-header-display":"","ast-hfb-below-header-display":"","ast-hfb-mobile-header-display":"","site-post-title":"","ast-breadcrumbs-content":"","ast-featured-img":"","footer-sml-layout":"","ast-disable-related-posts":"","theme-transparent-header-meta":"","adv-header-id-meta":"","stick-header-meta":"","header-above-stick-meta":"","header-main-stick-meta":"","header-below-stick-meta":"","astra-migrate-meta-layouts":"default","ast-page-background-enabled":"default","ast-page-background-meta":{"desktop":{"background-color":"var(--ast-global-color-4)","background-image":"","background-repeat":"repeat","background-position":"center center","background-size":"auto","background-attachment":"scroll","background-type":"","background-media":"","overlay-type":"","overlay-color":"","overlay-opacity":"","overlay-gradient":""},"tablet":{"background-color":"","background-image":"","background-repeat":"repeat","background-position":"center center","background-size":"auto","background-attachment":"scroll","background-type":"","background-media":"","overlay-type":"","overlay-color":"","overlay-opacity":"","overlay-gradient":""},"mobile":{"background-color":"","background-image":"","background-repeat":"repeat","background-position":"center center","background-size":"auto","background-attachment":"scroll","background-type":"","background-media":"","overlay-type":"","overlay-color":"","overlay-opacity":"","overlay-gradient":""}},"ast-content-background-meta":{"desktop":{"background-color":"var(--ast-global-color-5)","background-image":"","background-repeat":"repeat","background-position":"center center","background-size":"auto","background-attachment":"scroll","background-type":"","background-media":"","overlay-type":"","overlay-color":"","overlay-opacity":"","overlay-gradient":""},"tablet":{"background-color":"var(--ast-global-color-5)","background-image":"","background-repeat":"repeat","background-position":"center center","background-size":"auto","background-attachment":"scroll","background-type":"","background-media":"","overlay-type":"","overlay-color":"","overlay-opacity":"","overlay-gradient":""},"mobile":{"background-color":"var(--ast-global-color-5)","background-image":"","background-repeat":"repeat","background-position":"center center","background-size":"auto","background-attachment":"scroll","background-type":"","background-media":"","overlay-type":"","overlay-color":"","overlay-opacity":"","overlay-gradient":""}},"footnotes":""},"categories":[3],"tags":[],"class_list":["post-45928","post","type-post","status-publish","format-standard","has-post-thumbnail","hentry","category-seguranca-e-justica"],"_links":{"self":[{"href":"https:\/\/colunadahora.com.br\/index.php?rest_route=\/wp\/v2\/posts\/45928","targetHints":{"allow":["GET"]}}],"collection":[{"href":"https:\/\/colunadahora.com.br\/index.php?rest_route=\/wp\/v2\/posts"}],"about":[{"href":"https:\/\/colunadahora.com.br\/index.php?rest_route=\/wp\/v2\/types\/post"}],"author":[{"embeddable":true,"href":"https:\/\/colunadahora.com.br\/index.php?rest_route=\/wp\/v2\/users\/62"}],"replies":[{"embeddable":true,"href":"https:\/\/colunadahora.com.br\/index.php?rest_route=%2Fwp%2Fv2%2Fcomments&post=45928"}],"version-history":[{"count":0,"href":"https:\/\/colunadahora.com.br\/index.php?rest_route=\/wp\/v2\/posts\/45928\/revisions"}],"wp:featuredmedia":[{"embeddable":true,"href":"https:\/\/colunadahora.com.br\/index.php?rest_route=\/wp\/v2\/media\/45929"}],"wp:attachment":[{"href":"https:\/\/colunadahora.com.br\/index.php?rest_route=%2Fwp%2Fv2%2Fmedia&parent=45928"}],"wp:term":[{"taxonomy":"category","embeddable":true,"href":"https:\/\/colunadahora.com.br\/index.php?rest_route=%2Fwp%2Fv2%2Fcategories&post=45928"},{"taxonomy":"post_tag","embeddable":true,"href":"https:\/\/colunadahora.com.br\/index.php?rest_route=%2Fwp%2Fv2%2Ftags&post=45928"}],"curies":[{"name":"wp","href":"https:\/\/api.w.org\/{rel}","templated":true}]}}