{"id":45922,"date":"2026-09-03T11:59:59","date_gmt":"2026-09-03T14:59:59","guid":{"rendered":"https:\/\/colunadahora.com.br\/?p=45922"},"modified":"2026-09-03T14:31:32","modified_gmt":"2026-09-03T17:31:32","slug":"coluna-da-hora-jornalista-geri-anderson-hildon-o-tiozao-que-ainda-tem-muito-jogo-pela-frente","status":"publish","type":"post","link":"https:\/\/colunadahora.com.br\/?p=45922","title":{"rendered":"COLUNA DA HORA, JORNALISTA G\u00c9RI ANDERSON &#8211; UMA AN\u00c1LISE SOBRE HILDON CHAVES, O CANDIDATO \u201cTIOZ\u00c3O\u201d QUE AINDA TEM MUITO JOGO PELA FRENTE"},"content":{"rendered":"<p>&nbsp;<\/p>\n<div style=\"width: 464px;\" class=\"wp-video\"><video class=\"wp-video-shortcode\" id=\"video-45922-1\" width=\"464\" height=\"832\" preload=\"metadata\" controls=\"controls\"><source type=\"video\/mp4\" src=\"https:\/\/colunadahora.com.br\/wp-content\/uploads\/2026\/09\/hildon_euideal.mp4.mp4?_=1\" \/><a href=\"https:\/\/colunadahora.com.br\/wp-content\/uploads\/2026\/09\/hildon_euideal.mp4.mp4\">https:\/\/colunadahora.com.br\/wp-content\/uploads\/2026\/09\/hildon_euideal.mp4.mp4<\/a><\/video><\/div>\n<p>&nbsp;<\/p>\n<p><strong>Nem todo bom gestor nasce para o debate<\/strong><\/p>\n<p>Hildon Chaves, 58 anos, talvez esteja vivendo uma das campanhas mais diferentes de sua trajet\u00f3ria pol\u00edtica. Nos dois primeiros debates na disputa pelo Governo de Rond\u00f4nia, n\u00e3o foi o candidato que mais brilhou. Faltou agilidade em alguns momentos, faltou aquela resposta pronta e, principalmente, faltou transformar experi\u00eancia de gest\u00e3o em desempenho de televis\u00e3o.<\/p>\n<p><strong>Mas tem trajet\u00f3ria<\/strong><\/p>\n<p class=\"isSelectedEnd\">O desempenho ficou aqu\u00e9m do que se poderia esperar de algu\u00e9m com trajet\u00f3ria pol\u00edtica e administrativa consolidada. Em alguns momentos, faltou velocidade nas respostas e capacidade de transformar conhecimento t\u00e9cnico em um discurso mais direto para o eleitor. Isso, por\u00e9m, \u00e9 apenas uma parte da campanha.<\/p>\n<p><strong>O jogo s\u00f3 acaba quando termina<\/strong><\/p>\n<p>\u00c9 preciso reconhecer que Hildon n\u00e3o tem sido o melhor debatedor da campanha, mas uma elei\u00e7\u00e3o n\u00e3o termina quando acaba o debate. No programa de tv, contam rapidez, comunica\u00e7\u00e3o e capacidade de responder sob press\u00e3o. Na gest\u00e3o, entram planejamento, execu\u00e7\u00e3o, articula\u00e7\u00e3o pol\u00edtica, controle de recursos e capacidade de entregar resultados.<\/p>\n<p><strong>O Hildon de hoje n\u00e3o \u00e9 o de dez anos atr\u00e1s<\/strong><\/p>\n<p>Tamb\u00e9m seria injusto cobrar do candidato de hoje o mesmo Hildon de uma d\u00e9cada atr\u00e1s. O tempo passou, a pol\u00edtica mudou e ele mudou junto.<\/p>\n<p><strong>O que permanece \u00e9 a capacidade de racioc\u00ednio<\/strong><\/p>\n<p>Nas entrevistas, em conversas mais longas e quando consegue desenvolver uma ideia sem o cron\u00f4metro dos debates, Hildon demonstra que est\u00e1 com a cogni\u00e7\u00e3o em dia. Pensa, articula, lembra n\u00fameros, fala sobre problemas da administra\u00e7\u00e3o p\u00fablica e, sobretudo, consegue apresentar aquilo que talvez seja seu maior patrim\u00f4nio eleitoral, que, sem d\u00favida, \u00e9 sua experi\u00eancia acumulada.<\/p>\n<p><strong>O \u201ctioz\u00e3o\u201d tem curr\u00edculo<\/strong><\/p>\n<p>H\u00e1 uma diferen\u00e7a importante entre falar sobre gest\u00e3o e ter passado oito anos sentado na cadeira de prefeito. Hildon foi reeleito em Porto Velho e deixou uma marca administrativa constru\u00edda em dois mandatos. Obras, organiza\u00e7\u00e3o da m\u00e1quina p\u00fablica, investimentos e uma condu\u00e7\u00e3o que buscou manter as contas sob controle fazem parte desse legado. Pode-se discutir escolhas, prioridades e at\u00e9 resultados. Pol\u00edtica \u00e9 justamente isso. Mas \u00e9 dif\u00edcil discutir que Hildon tem o que mostrar.<\/p>\n<p><strong>Governar n\u00e3o \u00e9 ganhar debate<\/strong><\/p>\n<p>Talvez esteja a\u00ed o ponto central desta campanha. Debate \u00e9 importante. Muito importante. \u00c9 onde o eleitor observa preparo, equil\u00edbrio, capacidade de resposta e dom\u00ednio dos temas. Mas governar \u00e9 outra coisa.<\/p>\n<p><strong>Governar \u00e9 muito mais al\u00e9m<\/strong><\/p>\n<p>Governar exige tomar decis\u00f5es dif\u00edceis, administrar dinheiro p\u00fablico, enfrentar crises, montar equipes, cobrar resultados e fazer a m\u00e1quina funcionar quando ningu\u00e9m est\u00e1 olhando. E, nesse quesito, Hildon entra na disputa com uma experi\u00eancia que poucos advers\u00e1rios conseguem apresentar.<\/p>\n<p><strong>O desafio agora \u00e9 transformar legado em futuro<\/strong><\/p>\n<p>O problema de Hildon n\u00e3o parece ser falta de hist\u00f3ria para contar. \u00c9 conseguir contar de uma forma melhor.O eleitor precisa enxergar que aquele prefeito que administrou Porto Velho por oito anos n\u00e3o est\u00e1 tentando simplesmente repetir o passado. Est\u00e1 tentando levar a experi\u00eancia adquirida para um Estado que enfrenta problemas maiores e mais complexos.<\/p>\n<p><strong>Hildon n\u00e3o \u00e9 mais o mesmo de dez anos atr\u00e1s<\/strong><\/p>\n<p>\u00c9 mais velho, mais experiente, mais calejado e, gostem ou n\u00e3o, carrega oito anos de gest\u00e3o nas costas. Nos debates, ainda procura seu melhor momento. Nas entrevistas, por\u00e9m, mostra que o \u201ctioz\u00e3o\u201d, al\u00e9m de n\u00e3o estar fora do jogo, ainda bate um bol\u00e3o. E talvez a campanha esteja apenas come\u00e7ando a descobrir qual Hildon vai chegar \u00e0 reta final.<\/p>\n<p>&nbsp;<\/p>\n<p><img fetchpriority=\"high\" decoding=\"async\" class=\"alignnone size-medium wp-image-45803 aligncenter\" src=\"https:\/\/colunadahora.com.br\/wp-content\/uploads\/2026\/09\/EU-COLOR-273x300.png\" alt=\"\" width=\"273\" height=\"300\" srcset=\"https:\/\/colunadahora.com.br\/wp-content\/uploads\/2026\/09\/EU-COLOR-273x300.png 273w, https:\/\/colunadahora.com.br\/wp-content\/uploads\/2026\/09\/EU-COLOR-931x1024.png 931w, https:\/\/colunadahora.com.br\/wp-content\/uploads\/2026\/09\/EU-COLOR-768x844.png 768w, https:\/\/colunadahora.com.br\/wp-content\/uploads\/2026\/09\/EU-COLOR-133x146.png 133w, https:\/\/colunadahora.com.br\/wp-content\/uploads\/2026\/09\/EU-COLOR-600x660.png 600w, https:\/\/colunadahora.com.br\/wp-content\/uploads\/2026\/09\/EU-COLOR.png 1196w\" sizes=\"(max-width: 273px) 100vw, 273px\" \/><\/p>\n<p>&nbsp;<\/p>\n","protected":false},"excerpt":{"rendered":"<p>&nbsp; &nbsp; Nem todo bom gestor nasce para o debate Hildon Chaves, 58 anos, talvez esteja vivendo uma das campanhas mais diferentes de sua trajet\u00f3ria pol\u00edtica. Nos dois primeiros debates na disputa pelo Governo de Rond\u00f4nia, n\u00e3o foi o candidato que mais brilhou. Faltou agilidade em alguns momentos, faltou aquela resposta pronta e, principalmente, faltou [&hellip;]<\/p>\n","protected":false},"author":1,"featured_media":45939,"comment_status":"open","ping_status":"closed","sticky":false,"template":"","format":"standard","meta":{"site-sidebar-layout":"default","site-content-layout":"","ast-site-content-layout":"default","site-content-style":"default","site-sidebar-style":"default","ast-global-header-display":"","ast-banner-title-visibility":"","ast-main-header-display":"","ast-hfb-above-header-display":"","ast-hfb-below-header-display":"","ast-hfb-mobile-header-display":"","site-post-title":"","ast-breadcrumbs-content":"","ast-featured-img":"","footer-sml-layout":"","ast-disable-related-posts":"","theme-transparent-header-meta":"default","adv-header-id-meta":"","stick-header-meta":"","header-above-stick-meta":"","header-main-stick-meta":"","header-below-stick-meta":"","astra-migrate-meta-layouts":"set","ast-page-background-enabled":"default","ast-page-background-meta":{"desktop":{"background-color":"var(--ast-global-color-4)","background-image":"","background-repeat":"repeat","background-position":"center center","background-size":"auto","background-attachment":"scroll","background-type":"","background-media":"","overlay-type":"","overlay-color":"","overlay-opacity":"","overlay-gradient":""},"tablet":{"background-color":"","background-image":"","background-repeat":"repeat","background-position":"center center","background-size":"auto","background-attachment":"scroll","background-type":"","background-media":"","overlay-type":"","overlay-color":"","overlay-opacity":"","overlay-gradient":""},"mobile":{"background-color":"","background-image":"","background-repeat":"repeat","background-position":"center center","background-size":"auto","background-attachment":"scroll","background-type":"","background-media":"","overlay-type":"","overlay-color":"","overlay-opacity":"","overlay-gradient":""}},"ast-content-background-meta":{"desktop":{"background-color":"var(--ast-global-color-5)","background-image":"","background-repeat":"repeat","background-position":"center center","background-size":"auto","background-attachment":"scroll","background-type":"","background-media":"","overlay-type":"","overlay-color":"","overlay-opacity":"","overlay-gradient":""},"tablet":{"background-color":"var(--ast-global-color-5)","background-image":"","background-repeat":"repeat","background-position":"center center","background-size":"auto","background-attachment":"scroll","background-type":"","background-media":"","overlay-type":"","overlay-color":"","overlay-opacity":"","overlay-gradient":""},"mobile":{"background-color":"var(--ast-global-color-5)","background-image":"","background-repeat":"repeat","background-position":"center center","background-size":"auto","background-attachment":"scroll","background-type":"","background-media":"","overlay-type":"","overlay-color":"","overlay-opacity":"","overlay-gradient":""}},"footnotes":""},"categories":[46,67],"tags":[],"class_list":["post-45922","post","type-post","status-publish","format-standard","has-post-thumbnail","hentry","category-destaques-da-hora","category-eleicoes-2026-ro"],"_links":{"self":[{"href":"https:\/\/colunadahora.com.br\/index.php?rest_route=\/wp\/v2\/posts\/45922","targetHints":{"allow":["GET"]}}],"collection":[{"href":"https:\/\/colunadahora.com.br\/index.php?rest_route=\/wp\/v2\/posts"}],"about":[{"href":"https:\/\/colunadahora.com.br\/index.php?rest_route=\/wp\/v2\/types\/post"}],"author":[{"embeddable":true,"href":"https:\/\/colunadahora.com.br\/index.php?rest_route=\/wp\/v2\/users\/1"}],"replies":[{"embeddable":true,"href":"https:\/\/colunadahora.com.br\/index.php?rest_route=%2Fwp%2Fv2%2Fcomments&post=45922"}],"version-history":[{"count":5,"href":"https:\/\/colunadahora.com.br\/index.php?rest_route=\/wp\/v2\/posts\/45922\/revisions"}],"predecessor-version":[{"id":45940,"href":"https:\/\/colunadahora.com.br\/index.php?rest_route=\/wp\/v2\/posts\/45922\/revisions\/45940"}],"wp:featuredmedia":[{"embeddable":true,"href":"https:\/\/colunadahora.com.br\/index.php?rest_route=\/wp\/v2\/media\/45939"}],"wp:attachment":[{"href":"https:\/\/colunadahora.com.br\/index.php?rest_route=%2Fwp%2Fv2%2Fmedia&parent=45922"}],"wp:term":[{"taxonomy":"category","embeddable":true,"href":"https:\/\/colunadahora.com.br\/index.php?rest_route=%2Fwp%2Fv2%2Fcategories&post=45922"},{"taxonomy":"post_tag","embeddable":true,"href":"https:\/\/colunadahora.com.br\/index.php?rest_route=%2Fwp%2Fv2%2Ftags&post=45922"}],"curies":[{"name":"wp","href":"https:\/\/api.w.org\/{rel}","templated":true}]}}