{"id":45914,"date":"2026-09-03T10:19:15","date_gmt":"2026-09-03T13:19:15","guid":{"rendered":"https:\/\/colunadahora.com.br\/?p=45914"},"modified":"2026-09-03T10:31:48","modified_gmt":"2026-09-03T13:31:48","slug":"coluna-da-hora-jornalista-geri-anderson-passagem-mais-barata-nao-se-promete-no-palanque-marcos-rogerio-e-cobrado-e-fica-sem-resposta","status":"publish","type":"post","link":"https:\/\/colunadahora.com.br\/?p=45914","title":{"rendered":"COLUNA DA HORA, JORNALISTA G\u00c9RI ANDERSON &#8211; PASSAGEM A\u00c9REA MAIS BARATA N\u00c3O SE PROMETE NO PALANQUE: MARCOS ROG\u00c9RIO \u00c9 COBRADO E FICA SEM RESPOSTA"},"content":{"rendered":"<p><em>No debate da Rema TV, canal 5.1, a promessa de reduzir o pre\u00e7o das passagens a\u00e9reas em Rond\u00f4nia esbarrou na falta de explica\u00e7\u00e3o sobre como a medida seria colocada em pr\u00e1tica e qual seria o impacto para os cofres p\u00fablicos<\/em><\/p>\n<p><em>\u00a0<\/em><\/p>\n<p>Para quem vive em Rond\u00f4nia, viajar de avi\u00e3o n\u00e3o \u00e9 luxo. Muitas vezes, \u00e9 necessidade. \u00c9 o filho que precisa visitar os pais que moram longe. \u00c9 a m\u00e3e que quer rever os filhos que foram embora. \u00c9 a fam\u00edlia que espera o per\u00edodo de f\u00e9rias para finalmente conseguir viajar. \u00c9 o profissional que precisa se deslocar para trabalhar, participar de reuni\u00f5es ou buscar novas oportunidades.<\/p>\n<p>Mas, para grande parte dos rondonienses, o pre\u00e7o da passagem a\u00e9rea transforma uma simples viagem em uma decis\u00e3o dif\u00edcil. Foi justamente nesse ponto que a proposta apresentada pelo candidato Marcos Rog\u00e9rio durante a campanha foi colocada sob press\u00e3o no debate realizado pela Rema TV, canal 5.1.<\/p>\n<p>Marcos Rog\u00e9rio tem apresentado como proposta a redu\u00e7\u00e3o do ICMS incidente sobre o transporte a\u00e9reo como forma de tentar diminuir o valor das passagens nos destinos de entrada e sa\u00edda de Rond\u00f4nia. A ideia, apresentada nos debates como uma solu\u00e7\u00e3o para baratear os bilhetes, por\u00e9m, vem sendo questionada pela falta de detalhamento sobre sua execu\u00e7\u00e3o.<\/p>\n<p>Ele n\u00e3o fala, por exemplo, quanto o Estado deixaria de arrecadar com essa redu\u00e7\u00e3o. N\u00e3o aponta qual seria o impacto nas contas p\u00fablicas, que contrapartida seria exigida das companhias a\u00e9reas e como garantir que uma eventual redu\u00e7\u00e3o do imposto realmente chegaria ao bolso do passageiro. O motivo \u00e9 bem \u00f3bvio: ele n\u00e3o tem resposta para nenhuma dessas quest\u00f5es. Est\u00e1 fazendo politicagem na tv para tentar angariar votos com as dores desse p\u00fablico-alvo. Nem que para isso tenha que fazer populismo barato.<\/p>\n<p>Essas quest\u00f5es s\u00e3o fundamentais quando uma proposta envolve ren\u00fancia de receita p\u00fablica e o candidato Neto, do PT, as colocou na mesa de forma a desmascarar o oponente Marcos Rog\u00e9rio. S\u00f3 n\u00e3o foi tenso esse ponto no debate porque MR n\u00e3o esperava a rea\u00e7\u00e3o e ficou calado, vazio e sem resposta.<\/p>\n<p>Ao cobrar explica\u00e7\u00f5es sobre a operacionaliza\u00e7\u00e3o da medida, o advers\u00e1rio colocou a proposta diante da realidade: n\u00e3o basta dizer que vai reduzir imposto. \u00c9 preciso explicar quanto custa, de onde sair\u00e1 o dinheiro e qual mecanismo far\u00e1 com que a redu\u00e7\u00e3o chegue efetivamente ao consumidor.<\/p>\n<p>A cobran\u00e7a deixou a promessa sem a resposta que o eleitor espera de quem pretende administrar o Estado.<\/p>\n<p><strong>O passageiro quer saber o que muda na vida dele<\/strong><\/p>\n<p>No fim das contas, o cidad\u00e3o n\u00e3o est\u00e1 interessado apenas na disputa pol\u00edtica em torno do ICMS. Ele quer saber se vai conseguir comprar uma passagem por um pre\u00e7o que caiba no or\u00e7amento.<\/p>\n<p>Uma fam\u00edlia de quatro pessoas, por exemplo, pode ter de gastar milhares de reais para sair de Rond\u00f4nia e visitar parentes em outro estado. Para quem recebe sal\u00e1rio, trabalha por conta pr\u00f3pria ou vive de uma renda apertada, uma viagem pode significar meses de planejamento. Por isso, baratear as passagens a\u00e9reas \u00e9 uma proposta que merece ser discutida com seriedade.<\/p>\n<p>Mas justamente por atingir diretamente o bolso do cidad\u00e3o, n\u00e3o pode ficar restrita a uma frase de efeito utilizada em debates eleitorais. O eleitor rondoniense j\u00e1 aprendeu que promessa bonita n\u00e3o paga conta.<\/p>\n<p>Passagem a\u00e9rea mais barata \u00e9 uma necessidade real. Mas, para sair do discurso e virar benef\u00edcio para a popula\u00e7\u00e3o, precisa de planejamento, negocia\u00e7\u00e3o e gest\u00e3o.<\/p>\n<p>Foi isso que faltou quando Marcos Rog\u00e9rio foi colocado diante da pergunta sobre como executar a pr\u00f3pria promessa. E foi a\u00ed que a casa dele caiu ao vivo para milhares de telespectadores.<\/p>\n<p>No debate da Rema TV, Expedito Neto n\u00e3o discutiu apenas uma al\u00edquota de imposto. Colocou em discuss\u00e3o algo maior: a diferen\u00e7a entre prometer uma solu\u00e7\u00e3o e saber como faz\u00ea-la acontecer.<\/p>\n<p>&nbsp;<\/p>\n<p><img fetchpriority=\"high\" decoding=\"async\" class=\"size-medium wp-image-45803 aligncenter\" src=\"https:\/\/colunadahora.com.br\/wp-content\/uploads\/2026\/09\/EU-COLOR-273x300.png\" alt=\"\" width=\"273\" height=\"300\" srcset=\"https:\/\/colunadahora.com.br\/wp-content\/uploads\/2026\/09\/EU-COLOR-273x300.png 273w, https:\/\/colunadahora.com.br\/wp-content\/uploads\/2026\/09\/EU-COLOR-931x1024.png 931w, https:\/\/colunadahora.com.br\/wp-content\/uploads\/2026\/09\/EU-COLOR-768x844.png 768w, https:\/\/colunadahora.com.br\/wp-content\/uploads\/2026\/09\/EU-COLOR-133x146.png 133w, https:\/\/colunadahora.com.br\/wp-content\/uploads\/2026\/09\/EU-COLOR-600x660.png 600w, https:\/\/colunadahora.com.br\/wp-content\/uploads\/2026\/09\/EU-COLOR.png 1196w\" sizes=\"(max-width: 273px) 100vw, 273px\" \/><\/p>\n<p>&nbsp;<\/p>\n","protected":false},"excerpt":{"rendered":"<p>No debate da Rema TV, canal 5.1, a promessa de reduzir o pre\u00e7o das passagens a\u00e9reas em Rond\u00f4nia esbarrou na falta de explica\u00e7\u00e3o sobre como a medida seria colocada em pr\u00e1tica e qual seria o impacto para os cofres p\u00fablicos \u00a0 Para quem vive em Rond\u00f4nia, viajar de avi\u00e3o n\u00e3o \u00e9 luxo. Muitas vezes, \u00e9 [&hellip;]<\/p>\n","protected":false},"author":1,"featured_media":45915,"comment_status":"open","ping_status":"closed","sticky":false,"template":"","format":"standard","meta":{"site-sidebar-layout":"default","site-content-layout":"","ast-site-content-layout":"default","site-content-style":"default","site-sidebar-style":"default","ast-global-header-display":"","ast-banner-title-visibility":"","ast-main-header-display":"","ast-hfb-above-header-display":"","ast-hfb-below-header-display":"","ast-hfb-mobile-header-display":"","site-post-title":"","ast-breadcrumbs-content":"","ast-featured-img":"","footer-sml-layout":"","ast-disable-related-posts":"","theme-transparent-header-meta":"default","adv-header-id-meta":"","stick-header-meta":"","header-above-stick-meta":"","header-main-stick-meta":"","header-below-stick-meta":"","astra-migrate-meta-layouts":"set","ast-page-background-enabled":"default","ast-page-background-meta":{"desktop":{"background-color":"var(--ast-global-color-4)","background-image":"","background-repeat":"repeat","background-position":"center center","background-size":"auto","background-attachment":"scroll","background-type":"","background-media":"","overlay-type":"","overlay-color":"","overlay-opacity":"","overlay-gradient":""},"tablet":{"background-color":"","background-image":"","background-repeat":"repeat","background-position":"center center","background-size":"auto","background-attachment":"scroll","background-type":"","background-media":"","overlay-type":"","overlay-color":"","overlay-opacity":"","overlay-gradient":""},"mobile":{"background-color":"","background-image":"","background-repeat":"repeat","background-position":"center center","background-size":"auto","background-attachment":"scroll","background-type":"","background-media":"","overlay-type":"","overlay-color":"","overlay-opacity":"","overlay-gradient":""}},"ast-content-background-meta":{"desktop":{"background-color":"var(--ast-global-color-5)","background-image":"","background-repeat":"repeat","background-position":"center center","background-size":"auto","background-attachment":"scroll","background-type":"","background-media":"","overlay-type":"","overlay-color":"","overlay-opacity":"","overlay-gradient":""},"tablet":{"background-color":"var(--ast-global-color-5)","background-image":"","background-repeat":"repeat","background-position":"center center","background-size":"auto","background-attachment":"scroll","background-type":"","background-media":"","overlay-type":"","overlay-color":"","overlay-opacity":"","overlay-gradient":""},"mobile":{"background-color":"var(--ast-global-color-5)","background-image":"","background-repeat":"repeat","background-position":"center center","background-size":"auto","background-attachment":"scroll","background-type":"","background-media":"","overlay-type":"","overlay-color":"","overlay-opacity":"","overlay-gradient":""}},"footnotes":""},"categories":[46,67],"tags":[],"class_list":["post-45914","post","type-post","status-publish","format-standard","has-post-thumbnail","hentry","category-destaques-da-hora","category-eleicoes-2026-ro"],"_links":{"self":[{"href":"https:\/\/colunadahora.com.br\/index.php?rest_route=\/wp\/v2\/posts\/45914","targetHints":{"allow":["GET"]}}],"collection":[{"href":"https:\/\/colunadahora.com.br\/index.php?rest_route=\/wp\/v2\/posts"}],"about":[{"href":"https:\/\/colunadahora.com.br\/index.php?rest_route=\/wp\/v2\/types\/post"}],"author":[{"embeddable":true,"href":"https:\/\/colunadahora.com.br\/index.php?rest_route=\/wp\/v2\/users\/1"}],"replies":[{"embeddable":true,"href":"https:\/\/colunadahora.com.br\/index.php?rest_route=%2Fwp%2Fv2%2Fcomments&post=45914"}],"version-history":[{"count":4,"href":"https:\/\/colunadahora.com.br\/index.php?rest_route=\/wp\/v2\/posts\/45914\/revisions"}],"predecessor-version":[{"id":45921,"href":"https:\/\/colunadahora.com.br\/index.php?rest_route=\/wp\/v2\/posts\/45914\/revisions\/45921"}],"wp:featuredmedia":[{"embeddable":true,"href":"https:\/\/colunadahora.com.br\/index.php?rest_route=\/wp\/v2\/media\/45915"}],"wp:attachment":[{"href":"https:\/\/colunadahora.com.br\/index.php?rest_route=%2Fwp%2Fv2%2Fmedia&parent=45914"}],"wp:term":[{"taxonomy":"category","embeddable":true,"href":"https:\/\/colunadahora.com.br\/index.php?rest_route=%2Fwp%2Fv2%2Fcategories&post=45914"},{"taxonomy":"post_tag","embeddable":true,"href":"https:\/\/colunadahora.com.br\/index.php?rest_route=%2Fwp%2Fv2%2Ftags&post=45914"}],"curies":[{"name":"wp","href":"https:\/\/api.w.org\/{rel}","templated":true}]}}