{"id":45912,"date":"2026-09-03T09:19:02","date_gmt":"2026-09-03T12:19:02","guid":{"rendered":"https:\/\/colunadahora.com.br\/?p=45912"},"modified":"2026-09-03T09:19:02","modified_gmt":"2026-09-03T12:19:02","slug":"confira-a-agenda-dos-presidenciaveis-nesta-quinta-feira-3","status":"publish","type":"post","link":"https:\/\/colunadahora.com.br\/?p=45912","title":{"rendered":"Confira a agenda dos presidenci\u00e1veis nesta quinta-feira (3)"},"content":{"rendered":"<\/p>\n<p><a class=\"\" href=\"https:\/\/agenciabrasil.ebc.com.br\/politica\/noticia\/2026-09\/confira-agenda-dos-presidenciaveis-nesta-quinta-feira-3\"><br \/>\n                    <img decoding=\"async\" src=\"https:\/\/cdn.jsdelivr.net\/gh\/sergiosdlima\/assets-ebc@1.0.0\/abr\/assets\/images\/logo-agenciabrasil.svg\" alt=\"Logo Ag\u00eancia Brasil\"><br \/>\n\t\t\t\t<\/a><\/p>\n<p>A agenda dos presidenci\u00e1veis inclui entrevistas e sabatinas em ve\u00edculos de comunica\u00e7\u00e3o, encontros com lideran\u00e7as religiosas, visitas a institui\u00e7\u00f5es e obras sociais. Tamb\u00e9m est\u00e3o previstas panfletagem e apresenta\u00e7\u00e3o de programa eleitoral, al\u00e9m de atividades partid\u00e1rias.<img decoding=\"async\" src=\"https:\/\/agenciabrasil.ebc.com.br\/ebc.png?id=1701402&#038;o=rss\"><img decoding=\"async\" src=\"https:\/\/agenciabrasil.ebc.com.br\/ebc.gif?id=1701402&#038;o=rss\"><\/p>\n<p><strong>Clariana Bar\u00e3o (Democracia Crist\u00e3)\u00a0<\/strong><br \/>\nConcede entrevista para o canal Leo Dias\u00a0<\/p>\n<\/p>\n<h3>Not\u00edcias relacionadas:<\/h3>\n<ul>\n<li><a href=\"https:\/\/agenciabrasil.ebc.com.br\/politica\/noticia\/2026-09\/pesquisa-analisa-propostas-dirigidas-mulheres-em-planos-de-governo\">Pesquisa analisa propostas dirigidas \u00e0s mulheres em planos de governo.<\/a><\/li>\n<li><a href=\"https:\/\/agenciabrasil.ebc.com.br\/justica\/noticia\/2026-09\/tropas-militares-vao-reforcar-locais-de-votacao-no-rio-de-janeiro\">Tropas militares v\u00e3o refor\u00e7ar locais de vota\u00e7\u00e3o no Rio de Janeiro.<\/a><\/li>\n<\/ul>\n<p><strong>Edmilson Costa (PCB)<\/strong><br \/>\nCumpre agenda da secretaria-geral do PCB em Lisboa.\u00a0<\/p>\n<p><strong>Fl\u00e1vio Bolsonaro (PL)<\/strong><br \/>\nFaz transmiss\u00e3o ao vivo pelas redes sociais, \u00e0s 19h.<\/p>\n<p><strong>Hertz Dias (PSTU)<\/strong><br \/>\nEm Aracaju (SE), participa de panfletagem no Cal\u00e7ad\u00e3o da rua Jo\u00e3o Pessoa e de conversa de apresenta\u00e7\u00e3o do Programa Eleitoral\u00a0\u00a0do PSTU na sede do Sindipetro.\u00a0<\/p>\n<p><strong>Renan Santos (Miss\u00e3o)<\/strong><br \/>\nConcede entrevista para CNN Brasil, \u00e0s 21h<\/p>\n<p><strong>Romeu Zema (Novo)\u00a0<\/strong><br \/>\nParticipa de sabatina no programa Jornal da Manh\u00e3, da Jovem Pan, das 8h \u00e0s 9h.\u00a0<\/p>\n<p><strong>Ronaldo Caiado (PSD)<\/strong><br \/>\nConcede entrevista para o jornal O Estado de S. Paulo. \u00c0 tarde, visita a obra social Dol Bosco, em S\u00e3o Paulo (SP).\u00a0<\/p>\n<p><strong>Wilson Grassi (Democrata)<\/strong><br \/>\nPela manh\u00e3, visita o Hospital e Centro de Reabilita\u00e7\u00e3o da Fauna Silvestre e o Hospital Veterin\u00e1rio Anclivepa, ambos em Taguatinga (DF). \u00c0 tarde, participa de protesto pac\u00edfico contra a suspens\u00e3o de seus canais digitais de campanha. \u00a0<\/p>\n<p><strong>Augusto Cury (Avante)<\/strong><br \/>\nParticipa de reuni\u00e3o na Assembleia de Deus de S\u00e3o Paulo (SP). \u00c0 noite, participa de evento para casais da Igreja Carvalhos de Justi\u00e7a, em Ribeir\u00e3o Preto (SP).\u00a0<\/p>\n<p>Os candidatos\u00a0<strong>Luiz In\u00e1cio Lula da Silva (PT)<\/strong>\u00a0n\u00e3o tem agenda p\u00fablica de campanha nesta quinta-feira.\u00a0<strong>Rui Costa Pimenta (PCO) <\/strong>e <strong>Samara Martins (UP) <\/strong>n\u00e3o divulgaram a agenda at\u00e9 o momento desta publica\u00e7\u00e3o.\u00a0<\/p>\n<p>A ordem de apresenta\u00e7\u00e3o da cobertura da agenda dos candidatos a presidente segue rod\u00edzio di\u00e1rio em ordem alfab\u00e9tica.<\/p>\n<p>\u00a0<\/p>\n","protected":false},"excerpt":{"rendered":"<p>A agenda dos presidenci\u00e1veis inclui entrevistas e sabatinas em ve\u00edculos de comunica\u00e7\u00e3o, encontros com lideran\u00e7as religiosas, visitas a institui\u00e7\u00f5es e obras sociais. Tamb\u00e9m est\u00e3o previstas panfletagem e apresenta\u00e7\u00e3o de programa eleitoral, al\u00e9m de atividades partid\u00e1rias. Clariana Bar\u00e3o (Democracia Crist\u00e3)\u00a0 Concede entrevista para o canal Leo Dias\u00a0 Not\u00edcias relacionadas: Pesquisa analisa propostas dirigidas \u00e0s mulheres em [&hellip;]<\/p>\n","protected":false},"author":8,"featured_media":45913,"comment_status":"open","ping_status":"open","sticky":false,"template":"","format":"standard","meta":{"site-sidebar-layout":"default","site-content-layout":"","ast-site-content-layout":"default","site-content-style":"default","site-sidebar-style":"default","ast-global-header-display":"","ast-banner-title-visibility":"","ast-main-header-display":"","ast-hfb-above-header-display":"","ast-hfb-below-header-display":"","ast-hfb-mobile-header-display":"","site-post-title":"","ast-breadcrumbs-content":"","ast-featured-img":"","footer-sml-layout":"","ast-disable-related-posts":"","theme-transparent-header-meta":"","adv-header-id-meta":"","stick-header-meta":"","header-above-stick-meta":"","header-main-stick-meta":"","header-below-stick-meta":"","astra-migrate-meta-layouts":"default","ast-page-background-enabled":"default","ast-page-background-meta":{"desktop":{"background-color":"var(--ast-global-color-4)","background-image":"","background-repeat":"repeat","background-position":"center center","background-size":"auto","background-attachment":"scroll","background-type":"","background-media":"","overlay-type":"","overlay-color":"","overlay-opacity":"","overlay-gradient":""},"tablet":{"background-color":"","background-image":"","background-repeat":"repeat","background-position":"center center","background-size":"auto","background-attachment":"scroll","background-type":"","background-media":"","overlay-type":"","overlay-color":"","overlay-opacity":"","overlay-gradient":""},"mobile":{"background-color":"","background-image":"","background-repeat":"repeat","background-position":"center center","background-size":"auto","background-attachment":"scroll","background-type":"","background-media":"","overlay-type":"","overlay-color":"","overlay-opacity":"","overlay-gradient":""}},"ast-content-background-meta":{"desktop":{"background-color":"var(--ast-global-color-5)","background-image":"","background-repeat":"repeat","background-position":"center center","background-size":"auto","background-attachment":"scroll","background-type":"","background-media":"","overlay-type":"","overlay-color":"","overlay-opacity":"","overlay-gradient":""},"tablet":{"background-color":"var(--ast-global-color-5)","background-image":"","background-repeat":"repeat","background-position":"center center","background-size":"auto","background-attachment":"scroll","background-type":"","background-media":"","overlay-type":"","overlay-color":"","overlay-opacity":"","overlay-gradient":""},"mobile":{"background-color":"var(--ast-global-color-5)","background-image":"","background-repeat":"repeat","background-position":"center center","background-size":"auto","background-attachment":"scroll","background-type":"","background-media":"","overlay-type":"","overlay-color":"","overlay-opacity":"","overlay-gradient":""}},"footnotes":""},"categories":[4],"tags":[],"class_list":["post-45912","post","type-post","status-publish","format-standard","has-post-thumbnail","hentry","category-politica"],"_links":{"self":[{"href":"https:\/\/colunadahora.com.br\/index.php?rest_route=\/wp\/v2\/posts\/45912","targetHints":{"allow":["GET"]}}],"collection":[{"href":"https:\/\/colunadahora.com.br\/index.php?rest_route=\/wp\/v2\/posts"}],"about":[{"href":"https:\/\/colunadahora.com.br\/index.php?rest_route=\/wp\/v2\/types\/post"}],"author":[{"embeddable":true,"href":"https:\/\/colunadahora.com.br\/index.php?rest_route=\/wp\/v2\/users\/8"}],"replies":[{"embeddable":true,"href":"https:\/\/colunadahora.com.br\/index.php?rest_route=%2Fwp%2Fv2%2Fcomments&post=45912"}],"version-history":[{"count":0,"href":"https:\/\/colunadahora.com.br\/index.php?rest_route=\/wp\/v2\/posts\/45912\/revisions"}],"wp:featuredmedia":[{"embeddable":true,"href":"https:\/\/colunadahora.com.br\/index.php?rest_route=\/wp\/v2\/media\/45913"}],"wp:attachment":[{"href":"https:\/\/colunadahora.com.br\/index.php?rest_route=%2Fwp%2Fv2%2Fmedia&parent=45912"}],"wp:term":[{"taxonomy":"category","embeddable":true,"href":"https:\/\/colunadahora.com.br\/index.php?rest_route=%2Fwp%2Fv2%2Fcategories&post=45912"},{"taxonomy":"post_tag","embeddable":true,"href":"https:\/\/colunadahora.com.br\/index.php?rest_route=%2Fwp%2Fv2%2Ftags&post=45912"}],"curies":[{"name":"wp","href":"https:\/\/api.w.org\/{rel}","templated":true}]}}