{"id":45906,"date":"2026-09-03T08:21:25","date_gmt":"2026-09-03T11:21:25","guid":{"rendered":"https:\/\/colunadahora.com.br\/?p=45906"},"modified":"2026-09-03T08:21:25","modified_gmt":"2026-09-03T11:21:25","slug":"em-5-anos-furto-de-fios-de-cobre-no-rio-deu-prejuizo-de-r-69-milhoes","status":"publish","type":"post","link":"https:\/\/colunadahora.com.br\/?p=45906","title":{"rendered":"Em 5 anos, furto de fios de cobre no Rio deu preju\u00edzo de R$ 69 milh\u00f5es"},"content":{"rendered":"<\/p>\n<p><a class=\"\" href=\"https:\/\/agenciabrasil.ebc.com.br\/geral\/noticia\/2026-09\/em-5-anos-furto-de-fios-de-cobre-no-rio-deu-prejuizo-de-r-69-milhoes\"><br \/>\n                    <img decoding=\"async\" src=\"https:\/\/cdn.jsdelivr.net\/gh\/sergiosdlima\/assets-ebc@1.0.0\/abr\/assets\/images\/logo-agenciabrasil.svg\" alt=\"Logo Ag\u00eancia Brasil\"><br \/>\n\t\t\t\t<\/a><\/p>\n<p>Opera\u00e7\u00e3o conjunta das\u00a0For\u00e7as de Seguran\u00e7a e a Prefeitura Municipal do Rio de Janeiro, com foco em ferros-velhos, busca reduzir furtos de fios de cobre na cidade, que provocaram preju\u00edzo superior a R$ 69 milh\u00f5es aos cofres p\u00fablicos municipais nos \u00faltimos cinco anos &#8211; entre 2021 e 2025.\u00a0<img decoding=\"async\" src=\"https:\/\/agenciabrasil.ebc.com.br\/ebc.png?id=1701418&#038;o=rss\"><img decoding=\"async\" src=\"https:\/\/agenciabrasil.ebc.com.br\/ebc.gif?id=1701418&#038;o=rss\"><\/p>\n<p>A primeira a\u00e7\u00e3o operacional do N\u00facleo Integrado de Combate a Furtos e Recepta\u00e7\u00e3o de Cabos e fia\u00e7\u00e3o de cobre foi realizada nessa quarta-feira (2).<\/p>\n<\/p>\n<h3>Not\u00edcias relacionadas:<\/h3>\n<ul>\n<li><a href=\"https:\/\/agenciabrasil.ebc.com.br\/economia\/noticia\/2026-08\/consumidores-poderao-escolher-fornecedores-de-energia-partir-de-2027\">Consumidores poder\u00e3o escolher fornecedores de energia a partir de 2027.<\/a><\/li>\n<li><a href=\"https:\/\/agenciabrasil.ebc.com.br\/economia\/noticia\/2026-08\/bandeira-tarifaria-de-energia-permanecera-amarela-em-setembro\">Bandeira tarif\u00e1ria de energia permanecer\u00e1 amarela em setembro.<\/a><\/li>\n<\/ul>\n<p><strong>A Companhia de Engenharia de Tr\u00e1fego (CET-Rio), respons\u00e1vel pela instala\u00e7\u00e3o dos sinais de tr\u00e2nsito na cidade, registrou furto de quase 500 quil\u00f4metros (km)\u00a0de cabos de sem\u00e1foro no Rio, gerando preju\u00edzo de R$ 27 milh\u00f5es.<\/strong><\/p>\n<p>A RioLuz, respons\u00e1vel pela ilumina\u00e7\u00e3o p\u00fablica, teve preju\u00edzo de R$ 42 milh\u00f5es, com mais de 1,8 km de cabos de cobre furtados da rede el\u00e9trica.<\/p>\n<p><strong>Os agentes p\u00fablicos estiveram na Rua Alzira Valdetaro, no bairro do Sampaio, zona norte, onde dois ferros-velhos foram desapropriados e ter\u00e3o a \u00e1rea usada no planejamento urbano para a instala\u00e7\u00e3o de pol\u00edticas p\u00fablicas mais eficientes, com foco na regulariza\u00e7\u00e3o ambiental e urban\u00edstica.<\/strong><\/p>\n<p><strong>A a\u00e7\u00e3o visa reduzir o furto de equipamentos, como material de cobre usado\u00a0nos sinais de tr\u00e2nsito, placas de sinaliza\u00e7\u00e3o e fia\u00e7\u00e3o da ilumina\u00e7\u00e3o e da rede el\u00e9trica, que provoca v\u00e1rios transtornos na capital.<\/strong><\/p>\n<blockquote>\n<p>\u201cO combate tamb\u00e9m foca no receptador, para desestruturar essa cadeia log\u00edstica criminosa\u201d, disse o secret\u00e1rio municipal de Ordem P\u00fablica, Marcus Belchior.<\/p>\n<\/blockquote>\n<p><strong>Os agentes tamb\u00e9m atuaram na Avenida Marechal Rondon, sob o Viaduto Armando Coelho de Freitas, no mesmo bairro, onde foi feita\u00a0a demoli\u00e7\u00e3o de uma estrutura que vinha sendo utilizada ilegalmente como ferro-velho.<\/strong><\/p>\n<blockquote>\n<p>\u201cA regi\u00e3o do Grande M\u00e9ier vem sofrendo com o furto de cabos, problema que afeta n\u00e3o s\u00f3 o tr\u00e2nsito, mas toda a popula\u00e7\u00e3o. N\u00e3o h\u00e1 manuten\u00e7\u00e3o que d\u00ea jeito nisso enquanto ferros-velhos clandestinos estiverem abertos para recepta\u00e7\u00e3o ilegal.<\/p>\n<\/blockquote>\n<p>Segundo o subprefeito da zona norte, Douglas Ara\u00fajo, essa rede criminosa causa preju\u00edzo de milh\u00f5es aos cofres p\u00fablicos anualmente\u201d.<\/p>\n","protected":false},"excerpt":{"rendered":"<p>Opera\u00e7\u00e3o conjunta das\u00a0For\u00e7as de Seguran\u00e7a e a Prefeitura Municipal do Rio de Janeiro, com foco em ferros-velhos, busca reduzir furtos de fios de cobre na cidade, que provocaram preju\u00edzo superior a R$ 69 milh\u00f5es aos cofres p\u00fablicos municipais nos \u00faltimos cinco anos &#8211; entre 2021 e 2025.\u00a0 A primeira a\u00e7\u00e3o operacional do N\u00facleo Integrado de [&hellip;]<\/p>\n","protected":false},"author":31,"featured_media":45907,"comment_status":"open","ping_status":"open","sticky":false,"template":"","format":"standard","meta":{"site-sidebar-layout":"default","site-content-layout":"","ast-site-content-layout":"default","site-content-style":"default","site-sidebar-style":"default","ast-global-header-display":"","ast-banner-title-visibility":"","ast-main-header-display":"","ast-hfb-above-header-display":"","ast-hfb-below-header-display":"","ast-hfb-mobile-header-display":"","site-post-title":"","ast-breadcrumbs-content":"","ast-featured-img":"","footer-sml-layout":"","ast-disable-related-posts":"","theme-transparent-header-meta":"","adv-header-id-meta":"","stick-header-meta":"","header-above-stick-meta":"","header-main-stick-meta":"","header-below-stick-meta":"","astra-migrate-meta-layouts":"default","ast-page-background-enabled":"default","ast-page-background-meta":{"desktop":{"background-color":"var(--ast-global-color-4)","background-image":"","background-repeat":"repeat","background-position":"center center","background-size":"auto","background-attachment":"scroll","background-type":"","background-media":"","overlay-type":"","overlay-color":"","overlay-opacity":"","overlay-gradient":""},"tablet":{"background-color":"","background-image":"","background-repeat":"repeat","background-position":"center center","background-size":"auto","background-attachment":"scroll","background-type":"","background-media":"","overlay-type":"","overlay-color":"","overlay-opacity":"","overlay-gradient":""},"mobile":{"background-color":"","background-image":"","background-repeat":"repeat","background-position":"center center","background-size":"auto","background-attachment":"scroll","background-type":"","background-media":"","overlay-type":"","overlay-color":"","overlay-opacity":"","overlay-gradient":""}},"ast-content-background-meta":{"desktop":{"background-color":"var(--ast-global-color-5)","background-image":"","background-repeat":"repeat","background-position":"center center","background-size":"auto","background-attachment":"scroll","background-type":"","background-media":"","overlay-type":"","overlay-color":"","overlay-opacity":"","overlay-gradient":""},"tablet":{"background-color":"var(--ast-global-color-5)","background-image":"","background-repeat":"repeat","background-position":"center center","background-size":"auto","background-attachment":"scroll","background-type":"","background-media":"","overlay-type":"","overlay-color":"","overlay-opacity":"","overlay-gradient":""},"mobile":{"background-color":"var(--ast-global-color-5)","background-image":"","background-repeat":"repeat","background-position":"center center","background-size":"auto","background-attachment":"scroll","background-type":"","background-media":"","overlay-type":"","overlay-color":"","overlay-opacity":"","overlay-gradient":""}},"footnotes":""},"categories":[1],"tags":[],"class_list":["post-45906","post","type-post","status-publish","format-standard","has-post-thumbnail","hentry","category-sem-categoria"],"_links":{"self":[{"href":"https:\/\/colunadahora.com.br\/index.php?rest_route=\/wp\/v2\/posts\/45906","targetHints":{"allow":["GET"]}}],"collection":[{"href":"https:\/\/colunadahora.com.br\/index.php?rest_route=\/wp\/v2\/posts"}],"about":[{"href":"https:\/\/colunadahora.com.br\/index.php?rest_route=\/wp\/v2\/types\/post"}],"author":[{"embeddable":true,"href":"https:\/\/colunadahora.com.br\/index.php?rest_route=\/wp\/v2\/users\/31"}],"replies":[{"embeddable":true,"href":"https:\/\/colunadahora.com.br\/index.php?rest_route=%2Fwp%2Fv2%2Fcomments&post=45906"}],"version-history":[{"count":0,"href":"https:\/\/colunadahora.com.br\/index.php?rest_route=\/wp\/v2\/posts\/45906\/revisions"}],"wp:featuredmedia":[{"embeddable":true,"href":"https:\/\/colunadahora.com.br\/index.php?rest_route=\/wp\/v2\/media\/45907"}],"wp:attachment":[{"href":"https:\/\/colunadahora.com.br\/index.php?rest_route=%2Fwp%2Fv2%2Fmedia&parent=45906"}],"wp:term":[{"taxonomy":"category","embeddable":true,"href":"https:\/\/colunadahora.com.br\/index.php?rest_route=%2Fwp%2Fv2%2Fcategories&post=45906"},{"taxonomy":"post_tag","embeddable":true,"href":"https:\/\/colunadahora.com.br\/index.php?rest_route=%2Fwp%2Fv2%2Ftags&post=45906"}],"curies":[{"name":"wp","href":"https:\/\/api.w.org\/{rel}","templated":true}]}}