{"id":45900,"date":"2026-09-03T07:17:19","date_gmt":"2026-09-03T10:17:19","guid":{"rendered":"https:\/\/colunadahora.com.br\/?p=45900"},"modified":"2026-09-03T07:17:19","modified_gmt":"2026-09-03T10:17:19","slug":"cbf-anuncia-amistosos-da-selecao-brasileira-contra-japao-e-singapura","status":"publish","type":"post","link":"https:\/\/colunadahora.com.br\/?p=45900","title":{"rendered":"CBF anuncia amistosos da sele\u00e7\u00e3o brasileira contra Jap\u00e3o e Singapura"},"content":{"rendered":"<\/p>\n<p><a class=\"\" href=\"https:\/\/agenciabrasil.ebc.com.br\/esportes\/noticia\/2026-09\/cbf-anuncia-amistosos-da-selecao-brasileira-contra-japao-e-singapura\"><br \/>\n                    <img decoding=\"async\" src=\"https:\/\/cdn.jsdelivr.net\/gh\/sergiosdlima\/assets-ebc@1.0.0\/abr\/assets\/images\/logo-agenciabrasil.svg\" alt=\"Logo Ag\u00eancia Brasil\"><br \/>\n\t\t\t\t<\/a><\/p>\n<p>A Confedera\u00e7\u00e3o Brasileira de Futebol (CBF) anunciou, no fim da noite dessa\u00a0quarta-feira (2), a realiza\u00e7\u00e3o de dois amistosos da sele\u00e7\u00e3o masculina no m\u00eas de novembro, ambos em Singapura. No dia 14, \u00e0s 7h15 (hor\u00e1rio de Bras\u00edlia), o advers\u00e1rio ser\u00e1 o Jap\u00e3o. Tr\u00eas dias depois, \u00e0s 7h, o Brasil encara os anfitri\u00f5es.<img decoding=\"async\" src=\"https:\/\/agenciabrasil.ebc.com.br\/ebc.png?id=1701416&#038;o=rss\"><img decoding=\"async\" src=\"https:\/\/agenciabrasil.ebc.com.br\/ebc.gif?id=1701416&#038;o=rss\"><\/p>\n<p><strong>Os confrontos ser\u00e3o disputados no Est\u00e1dio Nacional de Singapura, inaugurado em 2014 e com capacidade para 55 mil pessoas. A partida contra os donos da casa ser\u00e1 in\u00e9dita. O jogo contra o Jap\u00e3o, por sua vez, reedita o duelo pela fase 16 avos de final da \u00faltima Copa do Mundo, em Houston (Estados Unidos), vencida pelo Brasil por 2 a 1.<\/strong><\/p>\n<blockquote>\n<h3>Not\u00edcias relacionadas:<\/h3>\n<ul>\n<li><a href=\"https:\/\/agenciabrasil.ebc.com.br\/esportes\/noticia\/2026-09\/selecao-brasileira-tera-1a-convocacao-pos-copa-em-9-de-setembro\">Sele\u00e7\u00e3o brasileira ter\u00e1 1\u00aa convoca\u00e7\u00e3o p\u00f3s-Copa em 9 de setembro.<\/a><\/li>\n<li><a href=\"https:\/\/agenciabrasil.ebc.com.br\/esportes\/noticia\/2026-08\/lionel-messi-anuncia-aposentadoria-da-selecao-argentina\">Lionel Messi anuncia aposentadoria da sele\u00e7\u00e3o argentina.<\/a><\/li>\n<\/ul>\n<p>&#8220;Enfrentar Jap\u00e3o e Singapura nos permitir\u00e1 observar o comportamento da equipe em contextos diferentes, algo fundamental neste in\u00edcio de ciclo&#8221;, argumentou o t\u00e9cnico Carlo Ancelotti, em depoimento \u00e0 CBF.\n<\/p><\/blockquote>\n<p>&#8220;\u00c9 mais uma oportunidade de nos reunirmos, de estarmos juntos, ter esse conv\u00edvio, que \u00e9 de fundamental import\u00e2ncia para o nosso ciclo&#8221;, complementou o coordenador geral de sele\u00e7\u00f5es masculinas, Rodrigo Caetano, tamb\u00e9m ao <em>site<\/em> da entidade.<\/p>\n<p><strong>Antes de Singapura, o Brasil tr\u00eas\u00a0tr\u00eas compromissos &#8211; todos fora de casa. Os dois primeiros contra a Austr\u00e1lia, ambos em setembro. No dia 25, a bola rola a partir das\u00a07h, no Queensland Country Bank, em Townsville. No dia 29, no mesmo hor\u00e1rio, a partida ser\u00e1 no Suncorp Stadium, em Brisbane. Por fim, no dia 3 de outubro, a sele\u00e7\u00e3o brasileira enfrenta a \u00cdndia, \u00e0s 11h, no Salt Lake Stadium, em Calcut\u00e1.<\/strong><\/p>\n<p>A convoca\u00e7\u00e3o para os jogos na\u00a0Austr\u00e1lia e \u00cdndia ser\u00e1 na pr\u00f3xima quarta-feira (9), \u00e0s 15h, na sede da CBF, na Barra da Tijuca, zona oeste do Rio de Janeiro. Ser\u00e1 a primeira lista de Ancelotti desde a elimina\u00e7\u00e3o para a Noruega nas oitavas de final da \u00faltima Copa.<\/p>\n","protected":false},"excerpt":{"rendered":"<p>A Confedera\u00e7\u00e3o Brasileira de Futebol (CBF) anunciou, no fim da noite dessa\u00a0quarta-feira (2), a realiza\u00e7\u00e3o de dois amistosos da sele\u00e7\u00e3o masculina no m\u00eas de novembro, ambos em Singapura. No dia 14, \u00e0s 7h15 (hor\u00e1rio de Bras\u00edlia), o advers\u00e1rio ser\u00e1 o Jap\u00e3o. Tr\u00eas dias depois, \u00e0s 7h, o Brasil encara os anfitri\u00f5es. Os confrontos ser\u00e3o disputados [&hellip;]<\/p>\n","protected":false},"author":117,"featured_media":45901,"comment_status":"open","ping_status":"open","sticky":false,"template":"","format":"standard","meta":{"site-sidebar-layout":"default","site-content-layout":"","ast-site-content-layout":"default","site-content-style":"default","site-sidebar-style":"default","ast-global-header-display":"","ast-banner-title-visibility":"","ast-main-header-display":"","ast-hfb-above-header-display":"","ast-hfb-below-header-display":"","ast-hfb-mobile-header-display":"","site-post-title":"","ast-breadcrumbs-content":"","ast-featured-img":"","footer-sml-layout":"","ast-disable-related-posts":"","theme-transparent-header-meta":"","adv-header-id-meta":"","stick-header-meta":"","header-above-stick-meta":"","header-main-stick-meta":"","header-below-stick-meta":"","astra-migrate-meta-layouts":"default","ast-page-background-enabled":"default","ast-page-background-meta":{"desktop":{"background-color":"var(--ast-global-color-4)","background-image":"","background-repeat":"repeat","background-position":"center center","background-size":"auto","background-attachment":"scroll","background-type":"","background-media":"","overlay-type":"","overlay-color":"","overlay-opacity":"","overlay-gradient":""},"tablet":{"background-color":"","background-image":"","background-repeat":"repeat","background-position":"center center","background-size":"auto","background-attachment":"scroll","background-type":"","background-media":"","overlay-type":"","overlay-color":"","overlay-opacity":"","overlay-gradient":""},"mobile":{"background-color":"","background-image":"","background-repeat":"repeat","background-position":"center center","background-size":"auto","background-attachment":"scroll","background-type":"","background-media":"","overlay-type":"","overlay-color":"","overlay-opacity":"","overlay-gradient":""}},"ast-content-background-meta":{"desktop":{"background-color":"var(--ast-global-color-5)","background-image":"","background-repeat":"repeat","background-position":"center center","background-size":"auto","background-attachment":"scroll","background-type":"","background-media":"","overlay-type":"","overlay-color":"","overlay-opacity":"","overlay-gradient":""},"tablet":{"background-color":"var(--ast-global-color-5)","background-image":"","background-repeat":"repeat","background-position":"center center","background-size":"auto","background-attachment":"scroll","background-type":"","background-media":"","overlay-type":"","overlay-color":"","overlay-opacity":"","overlay-gradient":""},"mobile":{"background-color":"var(--ast-global-color-5)","background-image":"","background-repeat":"repeat","background-position":"center center","background-size":"auto","background-attachment":"scroll","background-type":"","background-media":"","overlay-type":"","overlay-color":"","overlay-opacity":"","overlay-gradient":""}},"footnotes":""},"categories":[40],"tags":[],"class_list":["post-45900","post","type-post","status-publish","format-standard","has-post-thumbnail","hentry","category-esportes"],"_links":{"self":[{"href":"https:\/\/colunadahora.com.br\/index.php?rest_route=\/wp\/v2\/posts\/45900","targetHints":{"allow":["GET"]}}],"collection":[{"href":"https:\/\/colunadahora.com.br\/index.php?rest_route=\/wp\/v2\/posts"}],"about":[{"href":"https:\/\/colunadahora.com.br\/index.php?rest_route=\/wp\/v2\/types\/post"}],"author":[{"embeddable":true,"href":"https:\/\/colunadahora.com.br\/index.php?rest_route=\/wp\/v2\/users\/117"}],"replies":[{"embeddable":true,"href":"https:\/\/colunadahora.com.br\/index.php?rest_route=%2Fwp%2Fv2%2Fcomments&post=45900"}],"version-history":[{"count":0,"href":"https:\/\/colunadahora.com.br\/index.php?rest_route=\/wp\/v2\/posts\/45900\/revisions"}],"wp:featuredmedia":[{"embeddable":true,"href":"https:\/\/colunadahora.com.br\/index.php?rest_route=\/wp\/v2\/media\/45901"}],"wp:attachment":[{"href":"https:\/\/colunadahora.com.br\/index.php?rest_route=%2Fwp%2Fv2%2Fmedia&parent=45900"}],"wp:term":[{"taxonomy":"category","embeddable":true,"href":"https:\/\/colunadahora.com.br\/index.php?rest_route=%2Fwp%2Fv2%2Fcategories&post=45900"},{"taxonomy":"post_tag","embeddable":true,"href":"https:\/\/colunadahora.com.br\/index.php?rest_route=%2Fwp%2Fv2%2Ftags&post=45900"}],"curies":[{"name":"wp","href":"https:\/\/api.w.org\/{rel}","templated":true}]}}