{"id":45896,"date":"2026-09-03T00:19:31","date_gmt":"2026-09-03T03:19:31","guid":{"rendered":"https:\/\/colunadahora.com.br\/?p=45896"},"modified":"2026-09-03T00:19:31","modified_gmt":"2026-09-03T03:19:31","slug":"mendonca-confirma-depoimento-de-vorcaro-em-seu-gabinete","status":"publish","type":"post","link":"https:\/\/colunadahora.com.br\/?p=45896","title":{"rendered":"Mendon\u00e7a confirma depoimento de Vorcaro em seu gabinete"},"content":{"rendered":"<\/p>\n<p><a class=\"\" href=\"https:\/\/agenciabrasil.ebc.com.br\/justica\/noticia\/2026-09\/mendonca-confirma-depoimento-de-vorcaro-em-seu-gabinete\"><br \/>\n                    <img decoding=\"async\" src=\"https:\/\/cdn.jsdelivr.net\/gh\/sergiosdlima\/assets-ebc@1.0.0\/abr\/assets\/images\/logo-agenciabrasil.svg\" alt=\"Logo Ag\u00eancia Brasil\"><br \/>\n\t\t\t\t<\/a><\/p>\n<p><strong>O gabinete do ministro do Supremo Tribunal Federal (STF) Andr\u00e9 Mendon\u00e7a confirmou, em nota, que\u00a0colheu depoimento de Daniel Vorcaro no pr\u00f3prio\u00a0gabinete. O texto n\u00e3o informa quando ocorreu a reuni\u00e3o, mas destaca que se deu ap\u00f3s o dono do Banco Master\u00a0relatar intimida\u00e7\u00f5es sofridas e pedir para ser ouvido com urg\u00eancia.<\/strong><img decoding=\"async\" src=\"https:\/\/agenciabrasil.ebc.com.br\/ebc.png?id=1701398&#038;o=rss\"><img decoding=\"async\" src=\"https:\/\/agenciabrasil.ebc.com.br\/ebc.gif?id=1701398&#038;o=rss\"><\/p>\n<p>O depoimento foi acompanhado por um representante do Minist\u00e9rio P\u00fablico (MP), mas n\u00e3o havia ningu\u00e9m da Pol\u00edcia Federal (PF) presente. Mendon\u00e7a \u00e9 o relator do processo que investiga as fraudes do Master e na nota divulgada\u00a0o ministro defende\u00a0o procedimento adotado.<\/p>\n<\/p>\n<h3>Not\u00edcias relacionadas:<\/h3>\n<ul>\n<li><a href=\"https:\/\/agenciabrasil.ebc.com.br\/justica\/noticia\/2026-09\/ministro-andre-mendonca-admite-encontro-com-vorcaro-uma-unica-vez\">Ministro Andr\u00e9 Mendon\u00e7a admite encontro com Vorcaro &#8220;uma \u00fanica vez&#8221;.<\/a><\/li>\n<li><a href=\"https:\/\/agenciabrasil.ebc.com.br\/justica\/noticia\/2026-09\/pgr-pede-anulacao-de-investigacao-sobre-conversas-de-moraes-e-vorcaro\">PGR pede anula\u00e7\u00e3o de investiga\u00e7\u00e3o sobre conversas de Moraes e Vorcaro.<\/a><\/li>\n<li><a href=\"https:\/\/agenciabrasil.ebc.com.br\/justica\/noticia\/2026-09\/mendonca-que-levar-ao-plenario-conversas-atribuidas-vorcaro-e-moraes\">Mendon\u00e7a quer levar ao plen\u00e1rio di\u00e1logos atribu\u00eddos a Vorcaro e Moraes.<\/a><\/li>\n<\/ul>\n<p>\u201cA presen\u00e7a de representante do Minist\u00e9rio P\u00fablico em audi\u00eancias dessa natureza \u00e9 exig\u00eancia legal, e foi observada. Quanto \u00e0 Pol\u00edcia Federal, as normas do Conselho Nacional de Justi\u00e7a consagram, como garantia de incolumidade f\u00edsica e psicol\u00f3gica do depoente, o afastamento da equipe policial respons\u00e1vel pela investiga\u00e7\u00e3o nos atos em que ele \u00e9 ouvido\u201d, explicou o ministro na nota.<\/p>\n<blockquote>\n<p>\u201cTratando-se de depoimento motivado por relato de graves intimida\u00e7\u00f5es, a n\u00e3o convoca\u00e7\u00e3o de agentes policiais seguiu essa mesma diretriz de prote\u00e7\u00e3o, e n\u00e3o qualquer escolha de conveni\u00eancia do gabinete\u201d, acrescentou.<\/p>\n<\/blockquote>\n<p>A exist\u00eancia desse depoimento foi revelada pelo jornal O Globo na manh\u00e3 desta quarta-feira (2), e confirmada posteriormente pelo gabinete do ministro.<\/p>\n<h2>Moraes e Vorcaro<\/h2>\n<p>De acordo com a equipe de Mendon\u00e7a, Vorcaro n\u00e3o tratou do ministro Alexandre de Moraes, colega de Mendon\u00e7a no STF, no depoimento.<\/p>\n<blockquote>\n<p>\u201cO conte\u00fado da audi\u00eancia \u00e9 resguardado por sigilo legal. Registre-se, apenas, que a informa\u00e7\u00e3o de que teriam sido abordados temas relacionados ao ministro Alexandre de Moraes n\u00e3o procede\u201d.<\/p>\n<\/blockquote>\n<p>Nessa ter\u00e7a-feira (1\u00ba), Mendon\u00e7a tornou p\u00fablicas as apura\u00e7\u00f5es da PF sobre <a href=\"https:\/\/agenciabrasil.ebc.com.br\/justica\/noticia\/2026-09\/mendonca-que-levar-ao-plenario-conversas-atribuidas-vorcaro-e-moraes\" target=\"_blank\">conversas de Vorcaro e seus aliados com Alexandre de Moraes<\/a>. As cita\u00e7\u00f5es ao nome de Moraes foram captadas a partir da quebra de sigilo do celular do ex-banqueiro, alvo da Opera\u00e7\u00e3o Compliance Zero, que investiga fraudes financeiras no Banco Master.<\/p>\n<p>Em uma das mensagens recuperadas, Vorcaro diz ao contato atribu\u00eddo a Moraes que \u201cestava tentando antecipar os investigadores\u201d. A conversa teria ocorrido no dia 17 de novembro de 2025.<\/p>\n<p>Ainda na noite de ontem (1\u00ba), o procurador-geral da Rep\u00fablica, Paulo Gonet, <a href=\"https:\/\/agenciabrasil.ebc.com.br\/justica\/noticia\/2026-09\/pgr-pede-anulacao-de-investigacao-sobre-conversas-de-moraes-e-vorcaro\" target=\"_blank\">defendeu a nulidade da investiga\u00e7\u00e3o da PF<\/a>. Para Gonet, Mendon\u00e7a investigou Moraes ilegalmente, sem autoriza\u00e7\u00e3o do plen\u00e1rio do STF, ao determinar o aprofundamento da investiga\u00e7\u00e3o sobre o caso Master para esmiu\u00e7ar as conversas envolvendo Moraes e o ex-banqueiro.<\/p>\n","protected":false},"excerpt":{"rendered":"<p>O gabinete do ministro do Supremo Tribunal Federal (STF) Andr\u00e9 Mendon\u00e7a confirmou, em nota, que\u00a0colheu depoimento de Daniel Vorcaro no pr\u00f3prio\u00a0gabinete. O texto n\u00e3o informa quando ocorreu a reuni\u00e3o, mas destaca que se deu ap\u00f3s o dono do Banco Master\u00a0relatar intimida\u00e7\u00f5es sofridas e pedir para ser ouvido com urg\u00eancia. O depoimento foi acompanhado por um [&hellip;]<\/p>\n","protected":false},"author":1,"featured_media":45897,"comment_status":"open","ping_status":"open","sticky":false,"template":"","format":"standard","meta":{"site-sidebar-layout":"default","site-content-layout":"","ast-site-content-layout":"default","site-content-style":"default","site-sidebar-style":"default","ast-global-header-display":"","ast-banner-title-visibility":"","ast-main-header-display":"","ast-hfb-above-header-display":"","ast-hfb-below-header-display":"","ast-hfb-mobile-header-display":"","site-post-title":"","ast-breadcrumbs-content":"","ast-featured-img":"","footer-sml-layout":"","ast-disable-related-posts":"","theme-transparent-header-meta":"","adv-header-id-meta":"","stick-header-meta":"","header-above-stick-meta":"","header-main-stick-meta":"","header-below-stick-meta":"","astra-migrate-meta-layouts":"default","ast-page-background-enabled":"default","ast-page-background-meta":{"desktop":{"background-color":"var(--ast-global-color-4)","background-image":"","background-repeat":"repeat","background-position":"center center","background-size":"auto","background-attachment":"scroll","background-type":"","background-media":"","overlay-type":"","overlay-color":"","overlay-opacity":"","overlay-gradient":""},"tablet":{"background-color":"","background-image":"","background-repeat":"repeat","background-position":"center center","background-size":"auto","background-attachment":"scroll","background-type":"","background-media":"","overlay-type":"","overlay-color":"","overlay-opacity":"","overlay-gradient":""},"mobile":{"background-color":"","background-image":"","background-repeat":"repeat","background-position":"center center","background-size":"auto","background-attachment":"scroll","background-type":"","background-media":"","overlay-type":"","overlay-color":"","overlay-opacity":"","overlay-gradient":""}},"ast-content-background-meta":{"desktop":{"background-color":"var(--ast-global-color-5)","background-image":"","background-repeat":"repeat","background-position":"center center","background-size":"auto","background-attachment":"scroll","background-type":"","background-media":"","overlay-type":"","overlay-color":"","overlay-opacity":"","overlay-gradient":""},"tablet":{"background-color":"var(--ast-global-color-5)","background-image":"","background-repeat":"repeat","background-position":"center center","background-size":"auto","background-attachment":"scroll","background-type":"","background-media":"","overlay-type":"","overlay-color":"","overlay-opacity":"","overlay-gradient":""},"mobile":{"background-color":"var(--ast-global-color-5)","background-image":"","background-repeat":"repeat","background-position":"center center","background-size":"auto","background-attachment":"scroll","background-type":"","background-media":"","overlay-type":"","overlay-color":"","overlay-opacity":"","overlay-gradient":""}},"footnotes":""},"categories":[3],"tags":[],"class_list":["post-45896","post","type-post","status-publish","format-standard","has-post-thumbnail","hentry","category-seguranca-e-justica"],"_links":{"self":[{"href":"https:\/\/colunadahora.com.br\/index.php?rest_route=\/wp\/v2\/posts\/45896","targetHints":{"allow":["GET"]}}],"collection":[{"href":"https:\/\/colunadahora.com.br\/index.php?rest_route=\/wp\/v2\/posts"}],"about":[{"href":"https:\/\/colunadahora.com.br\/index.php?rest_route=\/wp\/v2\/types\/post"}],"author":[{"embeddable":true,"href":"https:\/\/colunadahora.com.br\/index.php?rest_route=\/wp\/v2\/users\/1"}],"replies":[{"embeddable":true,"href":"https:\/\/colunadahora.com.br\/index.php?rest_route=%2Fwp%2Fv2%2Fcomments&post=45896"}],"version-history":[{"count":0,"href":"https:\/\/colunadahora.com.br\/index.php?rest_route=\/wp\/v2\/posts\/45896\/revisions"}],"wp:featuredmedia":[{"embeddable":true,"href":"https:\/\/colunadahora.com.br\/index.php?rest_route=\/wp\/v2\/media\/45897"}],"wp:attachment":[{"href":"https:\/\/colunadahora.com.br\/index.php?rest_route=%2Fwp%2Fv2%2Fmedia&parent=45896"}],"wp:term":[{"taxonomy":"category","embeddable":true,"href":"https:\/\/colunadahora.com.br\/index.php?rest_route=%2Fwp%2Fv2%2Fcategories&post=45896"},{"taxonomy":"post_tag","embeddable":true,"href":"https:\/\/colunadahora.com.br\/index.php?rest_route=%2Fwp%2Fv2%2Ftags&post=45896"}],"curies":[{"name":"wp","href":"https:\/\/api.w.org\/{rel}","templated":true}]}}