{"id":45894,"date":"2026-09-02T23:18:52","date_gmt":"2026-09-03T02:18:52","guid":{"rendered":"https:\/\/colunadahora.com.br\/?p=45894"},"modified":"2026-09-02T23:18:52","modified_gmt":"2026-09-03T02:18:52","slug":"tse-aprova-registros-de-seis-candidatos-a-presidencia-da-republica","status":"publish","type":"post","link":"https:\/\/colunadahora.com.br\/?p=45894","title":{"rendered":"TSE aprova registros de seis candidatos \u00e0 Presid\u00eancia da Rep\u00fablica"},"content":{"rendered":"<\/p>\n<p><a class=\"\" href=\"https:\/\/agenciabrasil.ebc.com.br\/justica\/noticia\/2026-09\/tse-aprova-registros-de-seis-candidatos-presidencia-da-republica\"><br \/>\n                    <img decoding=\"async\" src=\"https:\/\/cdn.jsdelivr.net\/gh\/sergiosdlima\/assets-ebc@1.0.0\/abr\/assets\/images\/logo-agenciabrasil.svg\" alt=\"Logo Ag\u00eancia Brasil\"><br \/>\n\t\t\t\t<\/a><\/p>\n<p><strong>O Tribunal Superior Eleitoral (TSE) aprovou nesta quarta-feira (2) o registro de seis chapas de candidatos \u00e0 Presid\u00eancia da Rep\u00fablica nas elei\u00e7\u00f5es de outubro.<\/strong><img decoding=\"async\" src=\"https:\/\/agenciabrasil.ebc.com.br\/ebc.png?id=1701413&#038;o=rss\"><img decoding=\"async\" src=\"https:\/\/agenciabrasil.ebc.com.br\/ebc.gif?id=1701413&#038;o=rss\"><\/p>\n<p>Por unanimidade, foram aceitos os registros das seguintes chapas, que s\u00e3o formadas pelos candidatos e seus respectivos vices:<\/p>\n<ul>\n<li><strong>Edmilson Costa e Cleusa Santos (PCB);<\/strong><\/li>\n<li><strong>Fl\u00e1vio Bolsonaro e Alfredo Gaspar (PL);<\/strong><\/li>\n<li><strong>Hertz Dias e Vanessa Portugal (PSTU);<\/strong><\/li>\n<li><strong>Luiz In\u00e1cio Lula da Silva (PT) e Geraldo Alckmin (PSB);<\/strong><\/li>\n<li><strong>Romeu Zema e Eduardo Gir\u00e3o (Novo);<\/strong><\/li>\n<li><strong>Samara Martins e Raquel Br\u00edcio (UP).<\/strong><\/li>\n<\/ul>\n<h3>Not\u00edcias relacionadas:<\/h3>\n<ul>\n<li><a href=\"https:\/\/agenciabrasil.ebc.com.br\/politica\/noticia\/2026-09\/veja-como-foi-quarta-feira-2-dos-candidatos-presidente\">Veja como foi a quarta-feira (2) dos candidatos a presidente.<\/a><\/li>\n<\/ul>\n<p>A delibera\u00e7\u00e3o do TSE ocorreu durante sess\u00e3o virtual, na qual os ministros registram os votos no sistema da Corte e n\u00e3o h\u00e1 vota\u00e7\u00e3o presencial.<\/p>\n<p>Por unanimidade,<strong> os sete ministros conclu\u00edram que os candidatos apresentaram os documentos necess\u00e1rios e est\u00e3o aptos a disputar o pleito.\u00a0<\/strong><\/p>\n<p>No total, o tribunal recebeu 13 pedidos de registros de candidaturas.<strong> Ainda ser\u00e3o julgados os registros de sete candidatos e seus respectivos vices:<\/strong><\/p>\n<ul>\n<li><strong>Augusto Cury e J\u00falio Delgado (Avante);<\/strong><\/li>\n<li><strong>Clariana Bar\u00e3o e Fabiana Torquato (DC);<\/strong><\/li>\n<li><strong>Pablo Mar\u00e7al e Leonardo Avalanche (PRTB);<\/strong><\/li>\n<li><strong>Renan Santos e Coronel Medina (Miss\u00e3o);<\/strong><\/li>\n<li><strong>Ronaldo Caiado e Gilberto Kassab (PSD);<\/strong><\/li>\n<li><strong>Rui Costa Pimenta e Ant\u00f4nio Carlos (PCO);<\/strong><\/li>\n<li><strong>Wilson Grassi e Su\u00ead Haidar (Democrata).<\/strong><\/li>\n<\/ul>\n<p>No caso de Pablo Mar\u00e7al, o <a href=\"https:\/\/agenciabrasil.ebc.com.br\/justica\/noticia\/2026-08\/tse-proibe-pablo-marcal-de-fazer-campanha-e-ir-debates\" target=\"_blank\">TSE j\u00e1 determinou que o candidato deve ficar proibido temporariamente de fazer campanha eleitoral, comparecer a debates e participar do hor\u00e1rio eleitoral no r\u00e1dio e na TV.<\/a><\/p>\n<p>Os ministros aceitaram um pedido de liminar protocolado pelo Minist\u00e9rio P\u00fablico Eleitoral (MPE) para suspender a campanha de Mar\u00e7al at\u00e9 que o TSE julgue de forma definitiva o registro de candidatura.\u00a0<\/p>\n<p>O MPE afirmou ao tribunal que Pablo Mar\u00e7al est\u00e1 ineleg\u00edvel at\u00e9 2032 por ter sido condenado pela Justi\u00e7a Eleitoral de S\u00e3o Paulo por ofertar grava\u00e7\u00f5es de v\u00eddeos para vereadores e prefeitos em troca de doa\u00e7\u00f5es em dinheiro. O epis\u00f3dio ocorreu nas elei\u00e7\u00f5es municipais de 2024.<\/p>\n<h2>Elei\u00e7\u00f5es<\/h2>\n<p>O primeiro turno ser\u00e1 realizado no dia 4 de outubro, quando ser\u00e3o eleitos deputados federais, estaduais, distritais, governadores, senadores e o presidente da Rep\u00fablica.<\/p>\n<p>O segundo turno est\u00e1 marcado para o dia 25 e pode ocorrer na disputa para os cargos de governador e presidente. Os eleitores voltar\u00e3o \u00e0s urnas se nenhum dos candidatos obtiver mais de 50% dos votos v\u00e1lidos, excluindo brancos e nulos, no primeiro turno.<\/p>\n","protected":false},"excerpt":{"rendered":"<p>O Tribunal Superior Eleitoral (TSE) aprovou nesta quarta-feira (2) o registro de seis chapas de candidatos \u00e0 Presid\u00eancia da Rep\u00fablica nas elei\u00e7\u00f5es de outubro. Por unanimidade, foram aceitos os registros das seguintes chapas, que s\u00e3o formadas pelos candidatos e seus respectivos vices: Edmilson Costa e Cleusa Santos (PCB); Fl\u00e1vio Bolsonaro e Alfredo Gaspar (PL); Hertz [&hellip;]<\/p>\n","protected":false},"author":45,"featured_media":45895,"comment_status":"open","ping_status":"open","sticky":false,"template":"","format":"standard","meta":{"site-sidebar-layout":"default","site-content-layout":"","ast-site-content-layout":"default","site-content-style":"default","site-sidebar-style":"default","ast-global-header-display":"","ast-banner-title-visibility":"","ast-main-header-display":"","ast-hfb-above-header-display":"","ast-hfb-below-header-display":"","ast-hfb-mobile-header-display":"","site-post-title":"","ast-breadcrumbs-content":"","ast-featured-img":"","footer-sml-layout":"","ast-disable-related-posts":"","theme-transparent-header-meta":"","adv-header-id-meta":"","stick-header-meta":"","header-above-stick-meta":"","header-main-stick-meta":"","header-below-stick-meta":"","astra-migrate-meta-layouts":"default","ast-page-background-enabled":"default","ast-page-background-meta":{"desktop":{"background-color":"var(--ast-global-color-4)","background-image":"","background-repeat":"repeat","background-position":"center center","background-size":"auto","background-attachment":"scroll","background-type":"","background-media":"","overlay-type":"","overlay-color":"","overlay-opacity":"","overlay-gradient":""},"tablet":{"background-color":"","background-image":"","background-repeat":"repeat","background-position":"center center","background-size":"auto","background-attachment":"scroll","background-type":"","background-media":"","overlay-type":"","overlay-color":"","overlay-opacity":"","overlay-gradient":""},"mobile":{"background-color":"","background-image":"","background-repeat":"repeat","background-position":"center center","background-size":"auto","background-attachment":"scroll","background-type":"","background-media":"","overlay-type":"","overlay-color":"","overlay-opacity":"","overlay-gradient":""}},"ast-content-background-meta":{"desktop":{"background-color":"var(--ast-global-color-5)","background-image":"","background-repeat":"repeat","background-position":"center center","background-size":"auto","background-attachment":"scroll","background-type":"","background-media":"","overlay-type":"","overlay-color":"","overlay-opacity":"","overlay-gradient":""},"tablet":{"background-color":"var(--ast-global-color-5)","background-image":"","background-repeat":"repeat","background-position":"center center","background-size":"auto","background-attachment":"scroll","background-type":"","background-media":"","overlay-type":"","overlay-color":"","overlay-opacity":"","overlay-gradient":""},"mobile":{"background-color":"var(--ast-global-color-5)","background-image":"","background-repeat":"repeat","background-position":"center center","background-size":"auto","background-attachment":"scroll","background-type":"","background-media":"","overlay-type":"","overlay-color":"","overlay-opacity":"","overlay-gradient":""}},"footnotes":""},"categories":[3],"tags":[],"class_list":["post-45894","post","type-post","status-publish","format-standard","has-post-thumbnail","hentry","category-seguranca-e-justica"],"_links":{"self":[{"href":"https:\/\/colunadahora.com.br\/index.php?rest_route=\/wp\/v2\/posts\/45894","targetHints":{"allow":["GET"]}}],"collection":[{"href":"https:\/\/colunadahora.com.br\/index.php?rest_route=\/wp\/v2\/posts"}],"about":[{"href":"https:\/\/colunadahora.com.br\/index.php?rest_route=\/wp\/v2\/types\/post"}],"author":[{"embeddable":true,"href":"https:\/\/colunadahora.com.br\/index.php?rest_route=\/wp\/v2\/users\/45"}],"replies":[{"embeddable":true,"href":"https:\/\/colunadahora.com.br\/index.php?rest_route=%2Fwp%2Fv2%2Fcomments&post=45894"}],"version-history":[{"count":0,"href":"https:\/\/colunadahora.com.br\/index.php?rest_route=\/wp\/v2\/posts\/45894\/revisions"}],"wp:featuredmedia":[{"embeddable":true,"href":"https:\/\/colunadahora.com.br\/index.php?rest_route=\/wp\/v2\/media\/45895"}],"wp:attachment":[{"href":"https:\/\/colunadahora.com.br\/index.php?rest_route=%2Fwp%2Fv2%2Fmedia&parent=45894"}],"wp:term":[{"taxonomy":"category","embeddable":true,"href":"https:\/\/colunadahora.com.br\/index.php?rest_route=%2Fwp%2Fv2%2Fcategories&post=45894"},{"taxonomy":"post_tag","embeddable":true,"href":"https:\/\/colunadahora.com.br\/index.php?rest_route=%2Fwp%2Fv2%2Ftags&post=45894"}],"curies":[{"name":"wp","href":"https:\/\/api.w.org\/{rel}","templated":true}]}}