{"id":45856,"date":"2026-09-02T17:19:25","date_gmt":"2026-09-02T20:19:25","guid":{"rendered":"https:\/\/colunadahora.com.br\/?p=45856"},"modified":"2026-09-02T17:19:25","modified_gmt":"2026-09-02T20:19:25","slug":"tse-manda-eduardo-bolsonaro-retirar-posts-de-desinformacao-sobre-urnas","status":"publish","type":"post","link":"https:\/\/colunadahora.com.br\/?p=45856","title":{"rendered":"TSE manda Eduardo Bolsonaro retirar posts de desinforma\u00e7\u00e3o sobre urnas"},"content":{"rendered":"<\/p>\n<p><a class=\"\" href=\"https:\/\/agenciabrasil.ebc.com.br\/justica\/noticia\/2026-09\/tse-manda-eduardo-bolsonaro-retirar-posts-de-desinformacao-sobre-urnas\"><br \/>\n                    <img decoding=\"async\" src=\"https:\/\/cdn.jsdelivr.net\/gh\/sergiosdlima\/assets-ebc@1.0.0\/abr\/assets\/images\/logo-agenciabrasil.svg\" alt=\"Logo Ag\u00eancia Brasil\"><br \/>\n\t\t\t\t<\/a><\/p>\n<p><strong>O presidente do Tribunal Superior Eleitoral (TSE), ministro Nunes Marques, determinou que o ex-deputado federal Eduardo\u00a0Bolsonaro retire de suas redes sociais postagens com desinforma\u00e7\u00e3o sobre as urnas eletr\u00f4nicas. <\/strong>A decis\u00e3o foi assinada na \u00faltima segunda-feira (31) e divulgada nesta quarta-feira (2).\u00a0<img decoding=\"async\" src=\"https:\/\/agenciabrasil.ebc.com.br\/ebc.png?id=1701357&#038;o=rss\"><img decoding=\"async\" src=\"https:\/\/agenciabrasil.ebc.com.br\/ebc.gif?id=1701357&#038;o=rss\"><\/p>\n<p>O ministro atendeu ao pedido de retirada feito pela Federa\u00e7\u00e3o Brasil da Esperan\u00e7a, formada pelo PT, PCdoB e PV, ap\u00f3s perfis de apoiadores do ex-presidente Jair Bolsonaro replicarem uma postagem que relaciona indevidamente a empresa venezuelana Starmatic com as urnas eletr\u00f4nicas brasileiras.<\/p>\n<\/p>\n<h3>Not\u00edcias relacionadas:<\/h3>\n<ul>\n<li><a href=\"https:\/\/agenciabrasil.ebc.com.br\/justica\/noticia\/2026-06\/stf-condena-eduardo-bolsonaro-inelegibilidade-e-4-anos-de-prisao\">STF condena Eduardo Bolsonaro a inelegibilidade e a 4 anos de pris\u00e3o.<\/a><\/li>\n<li><a href=\"https:\/\/agenciabrasil.ebc.com.br\/justica\/noticia\/2026-08\/presidente-do-tse-conclama-eleitores-comparecerem-urnas\">Presidente do TSE conclama eleitores a comparecerem \u00e0s urnas.<\/a><\/li>\n<\/ul>\n<p><strong>A desinforma\u00e7\u00e3o circula desde 2020 e j\u00e1 foi diversas vezes desmentida pela Justi\u00e7a Eleitoral. A Starmatic n\u00e3o forneceu urnas para o Brasil.<\/strong><\/p>\n<p>Na decis\u00e3o, Kassio deu prazo de 24 horas para Eduardo retirar os posts\u00a0e\u00a0proibiu o ex-deputado de fazer novas postagens de desinforma\u00e7\u00e3o contra as urnas eletr\u00f4nicas.<\/p>\n<blockquote>\n<p>\u201cA perman\u00eancia do conte\u00fado impugnado, \u00e0s v\u00e9speras do in\u00edcio da propaganda eleitoral, \u00e9 apta a consolidar no eleitorado percep\u00e7\u00e3o de inseguran\u00e7a quanto ao sistema eletr\u00f4nico de vota\u00e7\u00e3o, fundada em alega\u00e7\u00e3o j\u00e1 conclusivamente afastada por esta Justi\u00e7a Especializada, o que recomenda a atua\u00e7\u00e3o cautelar imediata\u201d, decidiu o ministro.<\/p>\n<\/blockquote>\n<p><strong>Em junho deste ano, o STF <a href=\"https:\/\/agenciabrasil.ebc.com.br\/justica\/noticia\/2026-06\/stf-condena-eduardo-bolsonaro-inelegibilidade-e-4-anos-de-prisao\">condenou Eduardo\u00a0Bolsonaro\u00a0<\/a>a 4 anos e dois meses de pris\u00e3o em regime semiaberto pelo crime de coa\u00e7\u00e3o no curso do processo, na a\u00e7\u00e3o\u00a0sobre o tarifa\u00e7o dos Estados Unidos contra as exporta\u00e7\u00f5es brasileiras.<\/strong><\/p>\n<p>No ano passado, ele deixou o Brasil, foi morar nos Estados Unidos e perdeu o mandato de deputado por faltar \u00e0s sess\u00f5es da C\u00e2mara dos Deputados.<\/p>\n","protected":false},"excerpt":{"rendered":"<p>O presidente do Tribunal Superior Eleitoral (TSE), ministro Nunes Marques, determinou que o ex-deputado federal Eduardo\u00a0Bolsonaro retire de suas redes sociais postagens com desinforma\u00e7\u00e3o sobre as urnas eletr\u00f4nicas. A decis\u00e3o foi assinada na \u00faltima segunda-feira (31) e divulgada nesta quarta-feira (2).\u00a0 O ministro atendeu ao pedido de retirada feito pela Federa\u00e7\u00e3o Brasil da Esperan\u00e7a, formada [&hellip;]<\/p>\n","protected":false},"author":45,"featured_media":45857,"comment_status":"open","ping_status":"open","sticky":false,"template":"","format":"standard","meta":{"site-sidebar-layout":"default","site-content-layout":"","ast-site-content-layout":"default","site-content-style":"default","site-sidebar-style":"default","ast-global-header-display":"","ast-banner-title-visibility":"","ast-main-header-display":"","ast-hfb-above-header-display":"","ast-hfb-below-header-display":"","ast-hfb-mobile-header-display":"","site-post-title":"","ast-breadcrumbs-content":"","ast-featured-img":"","footer-sml-layout":"","ast-disable-related-posts":"","theme-transparent-header-meta":"","adv-header-id-meta":"","stick-header-meta":"","header-above-stick-meta":"","header-main-stick-meta":"","header-below-stick-meta":"","astra-migrate-meta-layouts":"default","ast-page-background-enabled":"default","ast-page-background-meta":{"desktop":{"background-color":"var(--ast-global-color-4)","background-image":"","background-repeat":"repeat","background-position":"center center","background-size":"auto","background-attachment":"scroll","background-type":"","background-media":"","overlay-type":"","overlay-color":"","overlay-opacity":"","overlay-gradient":""},"tablet":{"background-color":"","background-image":"","background-repeat":"repeat","background-position":"center center","background-size":"auto","background-attachment":"scroll","background-type":"","background-media":"","overlay-type":"","overlay-color":"","overlay-opacity":"","overlay-gradient":""},"mobile":{"background-color":"","background-image":"","background-repeat":"repeat","background-position":"center center","background-size":"auto","background-attachment":"scroll","background-type":"","background-media":"","overlay-type":"","overlay-color":"","overlay-opacity":"","overlay-gradient":""}},"ast-content-background-meta":{"desktop":{"background-color":"var(--ast-global-color-5)","background-image":"","background-repeat":"repeat","background-position":"center center","background-size":"auto","background-attachment":"scroll","background-type":"","background-media":"","overlay-type":"","overlay-color":"","overlay-opacity":"","overlay-gradient":""},"tablet":{"background-color":"var(--ast-global-color-5)","background-image":"","background-repeat":"repeat","background-position":"center center","background-size":"auto","background-attachment":"scroll","background-type":"","background-media":"","overlay-type":"","overlay-color":"","overlay-opacity":"","overlay-gradient":""},"mobile":{"background-color":"var(--ast-global-color-5)","background-image":"","background-repeat":"repeat","background-position":"center center","background-size":"auto","background-attachment":"scroll","background-type":"","background-media":"","overlay-type":"","overlay-color":"","overlay-opacity":"","overlay-gradient":""}},"footnotes":""},"categories":[3],"tags":[],"class_list":["post-45856","post","type-post","status-publish","format-standard","has-post-thumbnail","hentry","category-seguranca-e-justica"],"_links":{"self":[{"href":"https:\/\/colunadahora.com.br\/index.php?rest_route=\/wp\/v2\/posts\/45856","targetHints":{"allow":["GET"]}}],"collection":[{"href":"https:\/\/colunadahora.com.br\/index.php?rest_route=\/wp\/v2\/posts"}],"about":[{"href":"https:\/\/colunadahora.com.br\/index.php?rest_route=\/wp\/v2\/types\/post"}],"author":[{"embeddable":true,"href":"https:\/\/colunadahora.com.br\/index.php?rest_route=\/wp\/v2\/users\/45"}],"replies":[{"embeddable":true,"href":"https:\/\/colunadahora.com.br\/index.php?rest_route=%2Fwp%2Fv2%2Fcomments&post=45856"}],"version-history":[{"count":0,"href":"https:\/\/colunadahora.com.br\/index.php?rest_route=\/wp\/v2\/posts\/45856\/revisions"}],"wp:featuredmedia":[{"embeddable":true,"href":"https:\/\/colunadahora.com.br\/index.php?rest_route=\/wp\/v2\/media\/45857"}],"wp:attachment":[{"href":"https:\/\/colunadahora.com.br\/index.php?rest_route=%2Fwp%2Fv2%2Fmedia&parent=45856"}],"wp:term":[{"taxonomy":"category","embeddable":true,"href":"https:\/\/colunadahora.com.br\/index.php?rest_route=%2Fwp%2Fv2%2Fcategories&post=45856"},{"taxonomy":"post_tag","embeddable":true,"href":"https:\/\/colunadahora.com.br\/index.php?rest_route=%2Fwp%2Fv2%2Ftags&post=45856"}],"curies":[{"name":"wp","href":"https:\/\/api.w.org\/{rel}","templated":true}]}}