{"id":45839,"date":"2026-09-02T15:20:06","date_gmt":"2026-09-02T18:20:06","guid":{"rendered":"https:\/\/colunadahora.com.br\/?p=45839"},"modified":"2026-09-02T15:20:06","modified_gmt":"2026-09-02T18:20:06","slug":"tse-e-dpu-ampliam-assistencia-gratuita-remota-nas-eleicoes","status":"publish","type":"post","link":"https:\/\/colunadahora.com.br\/?p=45839","title":{"rendered":"TSE e DPU ampliam assist\u00eancia gratuita remota nas elei\u00e7\u00f5es"},"content":{"rendered":"<\/p>\n<p><a class=\"\" href=\"https:\/\/agenciabrasil.ebc.com.br\/justica\/noticia\/2026-09\/tse-e-dpu-ampliam-assistencia-gratuita-nas-eleicoes\"><br \/>\n                    <img decoding=\"async\" src=\"https:\/\/cdn.jsdelivr.net\/gh\/sergiosdlima\/assets-ebc@1.0.0\/abr\/assets\/images\/logo-agenciabrasil.svg\" alt=\"Logo Ag\u00eancia Brasil\"><br \/>\n\t\t\t\t<\/a><\/p>\n<p><strong>O Tribunal Superior Eleitoral (TSE) e a Defensoria P\u00fablica da Uni\u00e3o (DPU) assinaram um acordo de coopera\u00e7\u00e3o na ter\u00e7a-feira (1\u00ba) para fortalecer a assist\u00eancia jur\u00eddica remota a eleitores e candidatos que n\u00e3o t\u00eam condi\u00e7\u00f5es de contratar advogados e vivem em locais onde a defensoria n\u00e3o tem estrutura f\u00edsica.<\/strong>\u00a0<img decoding=\"async\" src=\"https:\/\/agenciabrasil.ebc.com.br\/ebc.png?id=1701352&#038;o=rss\"><img decoding=\"async\" src=\"https:\/\/agenciabrasil.ebc.com.br\/ebc.gif?id=1701352&#038;o=rss\"><\/p>\n<p>A parceria vai ampliar a atua\u00e7\u00e3o do N\u00facleo Estrat\u00e9gico de Interioriza\u00e7\u00e3o Eleitoral (Neie) j\u00e1 nas elei\u00e7\u00f5es de 2026. A defensora p\u00fablica-geral federal, Tarcijany Machado, explicou que o acordo pretende assegurar que a falta de estrutura f\u00edsica do \u00f3rg\u00e3o n\u00e3o impe\u00e7a o acesso \u00e0 assist\u00eancia jur\u00eddica.<\/p>\n<blockquote>\n<h3>Not\u00edcias relacionadas:<\/h3>\n<ul>\n<li><a href=\"https:\/\/agenciabrasil.ebc.com.br\/justica\/noticia\/2026-09\/tropas-militares-vao-reforcar-locais-de-votacao-no-rio-de-janeiro\">Tropas militares v\u00e3o refor\u00e7ar locais de vota\u00e7\u00e3o no Rio de Janeiro.<\/a><\/li>\n<li><a href=\"https:\/\/agenciabrasil.ebc.com.br\/justica\/noticia\/2026-09\/ministro-andre-mendonca-admite-encontro-com-vorcaro-uma-unica-vez\">Ministro Andr\u00e9 Mendon\u00e7a admite encontro com Vorcaro &#8220;uma \u00fanica vez&#8221;.<\/a><\/li>\n<li><a href=\"https:\/\/agenciabrasil.ebc.com.br\/justica\/noticia\/2026-09\/banco-master-fachin-diz-que-medidas-serao-anunciadas-no-tempo-devido\">Banco Master: Fachin diz que medidas ser\u00e3o anunciadas no tempo devido .<\/a><\/li>\n<\/ul>\n<p>\u201cPrecisamos garantir que ningu\u00e9m que necessite de assist\u00eancia jur\u00eddica gratuita em mat\u00e9ria eleitoral fique desamparado em nenhum canto do pa\u00eds\u201d, afirmou.\n<\/p><\/blockquote>\n<p>O objetivo \u00e9 alcan\u00e7ar especialmente pessoas e grupos que enfrentam maiores obst\u00e1culos de acesso \u00e0 Justi\u00e7a e \u00e0 participa\u00e7\u00e3o pol\u00edtica, como povos ind\u00edgenas, comunidades quilombolas, migrantes, pessoas refugiadas, popula\u00e7\u00f5es de fronteira, pessoas em situa\u00e7\u00e3o de rua e mulheres.<\/p>\n<p><strong>O trabalho permitir\u00e1 o enfrentamento de temas como fraudes \u00e0 cota de g\u00eanero, viol\u00eancia pol\u00edtica contra candidatas e eleitoras e ass\u00e9dio eleitoral nas rela\u00e7\u00f5es de trabalho, destacam a DPU e o TSE.<\/strong><\/p>\n<blockquote>\n<p>\u201cN\u00e3o h\u00e1 democracia plena quando o medo ou a viol\u00eancia afasta algu\u00e9m da vida pol\u00edtica\u201d, disse a defensora.<\/p>\n<\/blockquote>\n<p>Entre as medidas previstas no acordo de coopera\u00e7\u00e3o t\u00e9cnica est\u00e3o a inclus\u00e3o do n\u00facleo estrat\u00e9gico como destinat\u00e1rio formal das intima\u00e7\u00f5es dirigidas \u00e0 DPU nos sistemas processuais eletr\u00f4nicos utilizados pela Justi\u00e7a Eleitoral.\u00a0<\/p>\n<p>Tamb\u00e9m foi pactuado o aperfei\u00e7oamento dos fluxos necess\u00e1rios para que defensoras e defensores p\u00fablicos possam acompanhar os processos e organizar o atendimento jur\u00eddico virtual.\u00a0<\/p>\n<p><strong>O acordo busca ainda ampliar o reconhecimento da atribui\u00e7\u00e3o nacional da DPU em mat\u00e9ria eleitoral e do funcionamento do n\u00facleo junto ao TSE e aos 27 tribunais regionais eleitorais.\u00a0<\/strong><\/p>\n<p>O presidente do tribunal, ministro Kassio Nunes Marques, assinou a parceria com a DPU e destacou a import\u00e2ncia do Neie e de sua integra\u00e7\u00e3o com a Justi\u00e7a Eleitoral.<\/p>\n<p>\u201cA cria\u00e7\u00e3o do N\u00facleo Estrat\u00e9gico de Interioriza\u00e7\u00e3o Eleitoral constitui iniciativa de grande relev\u00e2ncia para assegurar a presen\u00e7a efetiva da Defensoria P\u00fablica da Uni\u00e3o perante a Justi\u00e7a Eleitoral em todo o territ\u00f3rio nacional\u201d.<\/p>\n","protected":false},"excerpt":{"rendered":"<p>O Tribunal Superior Eleitoral (TSE) e a Defensoria P\u00fablica da Uni\u00e3o (DPU) assinaram um acordo de coopera\u00e7\u00e3o na ter\u00e7a-feira (1\u00ba) para fortalecer a assist\u00eancia jur\u00eddica remota a eleitores e candidatos que n\u00e3o t\u00eam condi\u00e7\u00f5es de contratar advogados e vivem em locais onde a defensoria n\u00e3o tem estrutura f\u00edsica.\u00a0 A parceria vai ampliar a atua\u00e7\u00e3o do [&hellip;]<\/p>\n","protected":false},"author":8,"featured_media":45840,"comment_status":"open","ping_status":"open","sticky":false,"template":"","format":"standard","meta":{"site-sidebar-layout":"default","site-content-layout":"","ast-site-content-layout":"default","site-content-style":"default","site-sidebar-style":"default","ast-global-header-display":"","ast-banner-title-visibility":"","ast-main-header-display":"","ast-hfb-above-header-display":"","ast-hfb-below-header-display":"","ast-hfb-mobile-header-display":"","site-post-title":"","ast-breadcrumbs-content":"","ast-featured-img":"","footer-sml-layout":"","ast-disable-related-posts":"","theme-transparent-header-meta":"","adv-header-id-meta":"","stick-header-meta":"","header-above-stick-meta":"","header-main-stick-meta":"","header-below-stick-meta":"","astra-migrate-meta-layouts":"default","ast-page-background-enabled":"default","ast-page-background-meta":{"desktop":{"background-color":"var(--ast-global-color-4)","background-image":"","background-repeat":"repeat","background-position":"center center","background-size":"auto","background-attachment":"scroll","background-type":"","background-media":"","overlay-type":"","overlay-color":"","overlay-opacity":"","overlay-gradient":""},"tablet":{"background-color":"","background-image":"","background-repeat":"repeat","background-position":"center center","background-size":"auto","background-attachment":"scroll","background-type":"","background-media":"","overlay-type":"","overlay-color":"","overlay-opacity":"","overlay-gradient":""},"mobile":{"background-color":"","background-image":"","background-repeat":"repeat","background-position":"center center","background-size":"auto","background-attachment":"scroll","background-type":"","background-media":"","overlay-type":"","overlay-color":"","overlay-opacity":"","overlay-gradient":""}},"ast-content-background-meta":{"desktop":{"background-color":"var(--ast-global-color-5)","background-image":"","background-repeat":"repeat","background-position":"center center","background-size":"auto","background-attachment":"scroll","background-type":"","background-media":"","overlay-type":"","overlay-color":"","overlay-opacity":"","overlay-gradient":""},"tablet":{"background-color":"var(--ast-global-color-5)","background-image":"","background-repeat":"repeat","background-position":"center center","background-size":"auto","background-attachment":"scroll","background-type":"","background-media":"","overlay-type":"","overlay-color":"","overlay-opacity":"","overlay-gradient":""},"mobile":{"background-color":"var(--ast-global-color-5)","background-image":"","background-repeat":"repeat","background-position":"center center","background-size":"auto","background-attachment":"scroll","background-type":"","background-media":"","overlay-type":"","overlay-color":"","overlay-opacity":"","overlay-gradient":""}},"footnotes":""},"categories":[3],"tags":[],"class_list":["post-45839","post","type-post","status-publish","format-standard","has-post-thumbnail","hentry","category-seguranca-e-justica"],"_links":{"self":[{"href":"https:\/\/colunadahora.com.br\/index.php?rest_route=\/wp\/v2\/posts\/45839","targetHints":{"allow":["GET"]}}],"collection":[{"href":"https:\/\/colunadahora.com.br\/index.php?rest_route=\/wp\/v2\/posts"}],"about":[{"href":"https:\/\/colunadahora.com.br\/index.php?rest_route=\/wp\/v2\/types\/post"}],"author":[{"embeddable":true,"href":"https:\/\/colunadahora.com.br\/index.php?rest_route=\/wp\/v2\/users\/8"}],"replies":[{"embeddable":true,"href":"https:\/\/colunadahora.com.br\/index.php?rest_route=%2Fwp%2Fv2%2Fcomments&post=45839"}],"version-history":[{"count":0,"href":"https:\/\/colunadahora.com.br\/index.php?rest_route=\/wp\/v2\/posts\/45839\/revisions"}],"wp:featuredmedia":[{"embeddable":true,"href":"https:\/\/colunadahora.com.br\/index.php?rest_route=\/wp\/v2\/media\/45840"}],"wp:attachment":[{"href":"https:\/\/colunadahora.com.br\/index.php?rest_route=%2Fwp%2Fv2%2Fmedia&parent=45839"}],"wp:term":[{"taxonomy":"category","embeddable":true,"href":"https:\/\/colunadahora.com.br\/index.php?rest_route=%2Fwp%2Fv2%2Fcategories&post=45839"},{"taxonomy":"post_tag","embeddable":true,"href":"https:\/\/colunadahora.com.br\/index.php?rest_route=%2Fwp%2Fv2%2Ftags&post=45839"}],"curies":[{"name":"wp","href":"https:\/\/api.w.org\/{rel}","templated":true}]}}