{"id":45825,"date":"2026-09-02T14:16:42","date_gmt":"2026-09-02T17:16:42","guid":{"rendered":"https:\/\/colunadahora.com.br\/?p=45825"},"modified":"2026-09-02T14:16:42","modified_gmt":"2026-09-02T17:16:42","slug":"portal-colunadahora-com-br-amazonia-adventure-promove-excursao-especial-ao-forte-principe-da-beira-no-feriado-de-7-de-setembro","status":"publish","type":"post","link":"https:\/\/colunadahora.com.br\/?p=45825","title":{"rendered":"PORTAL COLUNADAHORA.COM.BR &#8211; Amaz\u00f4nia Adventure promove excurs\u00e3o especial ao Forte Pr\u00edncipe da Beira no feriado de 7 de Setembro"},"content":{"rendered":"<p style=\"text-align: center;\"><img fetchpriority=\"high\" decoding=\"async\" class=\"alignnone  wp-image-45826\" src=\"https:\/\/colunadahora.com.br\/wp-content\/uploads\/2026\/09\/busaoexcursao-225x300.jpg\" alt=\"\" width=\"357\" height=\"476\" srcset=\"https:\/\/colunadahora.com.br\/wp-content\/uploads\/2026\/09\/busaoexcursao-225x300.jpg 225w, https:\/\/colunadahora.com.br\/wp-content\/uploads\/2026\/09\/busaoexcursao-768x1024.jpg 768w, https:\/\/colunadahora.com.br\/wp-content\/uploads\/2026\/09\/busaoexcursao-110x146.jpg 110w, https:\/\/colunadahora.com.br\/wp-content\/uploads\/2026\/09\/busaoexcursao-600x800.jpg 600w, https:\/\/colunadahora.com.br\/wp-content\/uploads\/2026\/09\/busaoexcursao.jpg 960w\" sizes=\"(max-width: 357px) 100vw, 357px\" \/><\/p>\n<p>&nbsp;<\/p>\n<p>A Amaz\u00f4nia Adventure promover\u00e1, neste fim de semana prolongado de Independ\u00eancia do Brasil, uma excurs\u00e3o regional para um dos mais importantes patrim\u00f4nios hist\u00f3ricos e tur\u00edsticos da Amaz\u00f4nia: o Real Forte Pr\u00edncipe da Beira, localizado na regi\u00e3o do Vale do Guapor\u00e9, no munic\u00edpio de Costa Marques.<\/p>\n<p>A viagem ser\u00e1 realizada por via terrestre, com acompanhamento de profissionais de turismo, proporcionando aos participantes uma experi\u00eancia que une hist\u00f3ria, cultura, natureza e aventura.<\/p>\n<p>Considerada uma das maiores fortifica\u00e7\u00f5es constru\u00eddas pela Coroa Portuguesa no Brasil, o Real Forte Pr\u00edncipe da Beira representa um importante cap\u00edtulo da hist\u00f3ria da ocupa\u00e7\u00e3o e defesa da regi\u00e3o amaz\u00f4nica.<\/p>\n<p>Al\u00e9m da visita ao monumento hist\u00f3rico, os excursionistas tamb\u00e9m ter\u00e3o a oportunidade de aproveitar as belezas naturais do munic\u00edpio de Costa Marques, incluindo a praia que se forma nesta \u00e9poca do ano \u00e0s margens do Rio Guapor\u00e9.<\/p>\n<p>A sa\u00edda acontece em Porto Velho, mas a excurs\u00e3o tamb\u00e9m permitir\u00e1 o embarque de passageiros ao longo do eixo da BR-364, at\u00e9 o munic\u00edpio de Presidente M\u00e9dici, facilitando a participa\u00e7\u00e3o de moradores de outras cidades da regi\u00e3o.<\/p>\n<p><strong>Programa\u00e7\u00e3o da excurs\u00e3o<\/strong><\/p>\n<p>\ud83d\udcc5 Sexta-feira \u2013 04 de setembro<br \/>\n* Sa\u00edda de Porto Velho \u00e0s 18h.<\/p>\n<p>\ud83d\udcc5<strong> S\u00e1bado \u2013 05 de setembro<\/strong><br \/>\n* Chegada em Costa Marques;<br \/>\n* Parada para caf\u00e9 da manh\u00e3;<br \/>\n* Visita ao Real Forte Pr\u00edncipe da Beira;<br \/>\n* Tarde livre.<\/p>\n<p>\ud83d\udcc5 <strong>Domingo \u2013 06 de setembro<\/strong><br \/>\n* Caf\u00e9 da manh\u00e3 no hotel;<br \/>\n* Sa\u00edda para passeio e lazer na praia do Rio Guapor\u00e9.<\/p>\n<p>\ud83d\udcc5 <strong>Segunda-feira \u2013 07 de setembro \u2013 Feriado<\/strong><br \/>\n* Caf\u00e9 da manh\u00e3 no hotel;<br \/>\n* Retorno para Porto Velho.<\/p>\n<p><strong>Vagas limitadas<\/strong><\/p>\n<p>A excurs\u00e3o \u00e9 uma oportunidade para conhecer de perto um dos mais importantes patrim\u00f4nios hist\u00f3ricos da Amaz\u00f4nia e, ao mesmo tempo, desfrutar das paisagens naturais do Vale do Guapor\u00e9.<\/p>\n<p>Ainda h\u00e1 vagas dispon\u00edveis. Garanta sua reserva!<\/p>\n<p><strong>Realiza\u00e7\u00e3o:<\/strong> Amaz\u00f4nia Adventure<br \/>\n<strong>Reservas e informa\u00e7\u00f5es:<\/strong> \ud83d\udcf1 (69) 99953-3364<\/p>\n","protected":false},"excerpt":{"rendered":"<p>&nbsp; A Amaz\u00f4nia Adventure promover\u00e1, neste fim de semana prolongado de Independ\u00eancia do Brasil, uma excurs\u00e3o regional para um dos mais importantes patrim\u00f4nios hist\u00f3ricos e tur\u00edsticos da Amaz\u00f4nia: o Real Forte Pr\u00edncipe da Beira, localizado na regi\u00e3o do Vale do Guapor\u00e9, no munic\u00edpio de Costa Marques. A viagem ser\u00e1 realizada por via terrestre, com acompanhamento [&hellip;]<\/p>\n","protected":false},"author":1,"featured_media":45827,"comment_status":"open","ping_status":"closed","sticky":false,"template":"","format":"standard","meta":{"site-sidebar-layout":"default","site-content-layout":"","ast-site-content-layout":"default","site-content-style":"default","site-sidebar-style":"default","ast-global-header-display":"","ast-banner-title-visibility":"","ast-main-header-display":"","ast-hfb-above-header-display":"","ast-hfb-below-header-display":"","ast-hfb-mobile-header-display":"","site-post-title":"","ast-breadcrumbs-content":"","ast-featured-img":"","footer-sml-layout":"","ast-disable-related-posts":"","theme-transparent-header-meta":"default","adv-header-id-meta":"","stick-header-meta":"","header-above-stick-meta":"","header-main-stick-meta":"","header-below-stick-meta":"","astra-migrate-meta-layouts":"set","ast-page-background-enabled":"default","ast-page-background-meta":{"desktop":{"background-color":"var(--ast-global-color-4)","background-image":"","background-repeat":"repeat","background-position":"center center","background-size":"auto","background-attachment":"scroll","background-type":"","background-media":"","overlay-type":"","overlay-color":"","overlay-opacity":"","overlay-gradient":""},"tablet":{"background-color":"","background-image":"","background-repeat":"repeat","background-position":"center center","background-size":"auto","background-attachment":"scroll","background-type":"","background-media":"","overlay-type":"","overlay-color":"","overlay-opacity":"","overlay-gradient":""},"mobile":{"background-color":"","background-image":"","background-repeat":"repeat","background-position":"center center","background-size":"auto","background-attachment":"scroll","background-type":"","background-media":"","overlay-type":"","overlay-color":"","overlay-opacity":"","overlay-gradient":""}},"ast-content-background-meta":{"desktop":{"background-color":"var(--ast-global-color-5)","background-image":"","background-repeat":"repeat","background-position":"center center","background-size":"auto","background-attachment":"scroll","background-type":"","background-media":"","overlay-type":"","overlay-color":"","overlay-opacity":"","overlay-gradient":""},"tablet":{"background-color":"var(--ast-global-color-5)","background-image":"","background-repeat":"repeat","background-position":"center center","background-size":"auto","background-attachment":"scroll","background-type":"","background-media":"","overlay-type":"","overlay-color":"","overlay-opacity":"","overlay-gradient":""},"mobile":{"background-color":"var(--ast-global-color-5)","background-image":"","background-repeat":"repeat","background-position":"center center","background-size":"auto","background-attachment":"scroll","background-type":"","background-media":"","overlay-type":"","overlay-color":"","overlay-opacity":"","overlay-gradient":""}},"footnotes":""},"categories":[46,44],"tags":[],"class_list":["post-45825","post","type-post","status-publish","format-standard","has-post-thumbnail","hentry","category-destaques-da-hora","category-viagens-e-turismo"],"_links":{"self":[{"href":"https:\/\/colunadahora.com.br\/index.php?rest_route=\/wp\/v2\/posts\/45825","targetHints":{"allow":["GET"]}}],"collection":[{"href":"https:\/\/colunadahora.com.br\/index.php?rest_route=\/wp\/v2\/posts"}],"about":[{"href":"https:\/\/colunadahora.com.br\/index.php?rest_route=\/wp\/v2\/types\/post"}],"author":[{"embeddable":true,"href":"https:\/\/colunadahora.com.br\/index.php?rest_route=\/wp\/v2\/users\/1"}],"replies":[{"embeddable":true,"href":"https:\/\/colunadahora.com.br\/index.php?rest_route=%2Fwp%2Fv2%2Fcomments&post=45825"}],"version-history":[{"count":1,"href":"https:\/\/colunadahora.com.br\/index.php?rest_route=\/wp\/v2\/posts\/45825\/revisions"}],"predecessor-version":[{"id":45828,"href":"https:\/\/colunadahora.com.br\/index.php?rest_route=\/wp\/v2\/posts\/45825\/revisions\/45828"}],"wp:featuredmedia":[{"embeddable":true,"href":"https:\/\/colunadahora.com.br\/index.php?rest_route=\/wp\/v2\/media\/45827"}],"wp:attachment":[{"href":"https:\/\/colunadahora.com.br\/index.php?rest_route=%2Fwp%2Fv2%2Fmedia&parent=45825"}],"wp:term":[{"taxonomy":"category","embeddable":true,"href":"https:\/\/colunadahora.com.br\/index.php?rest_route=%2Fwp%2Fv2%2Fcategories&post=45825"},{"taxonomy":"post_tag","embeddable":true,"href":"https:\/\/colunadahora.com.br\/index.php?rest_route=%2Fwp%2Fv2%2Ftags&post=45825"}],"curies":[{"name":"wp","href":"https:\/\/api.w.org\/{rel}","templated":true}]}}