{"id":45821,"date":"2026-09-02T12:37:33","date_gmt":"2026-09-02T15:37:33","guid":{"rendered":"https:\/\/colunadahora.com.br\/?p=45821"},"modified":"2026-09-02T12:37:33","modified_gmt":"2026-09-02T15:37:33","slug":"coluna-da-hora-jornalista-geri-anderson-14-milhoes-para-um-museu-fora-de-rondonia-marcos-rogerio-questionou-um-candidato-opositor-e-os-telespectadores-do-deb","status":"publish","type":"post","link":"https:\/\/colunadahora.com.br\/?p=45821","title":{"rendered":"COLUNA DA HORA, JORNALISTA G\u00c9RI ANDERSON &#8211; \u201c14 MILH\u00d5ES PARA UM MUSEU FORA DE ROND\u00d4NIA, MARCOS ROG\u00c9RIO!?\u201d, QUESTIONOU UM CANDIDATO OPOSITOR E \u201cOS TELESPECTADORES\u201d DO DEBATE DE ONTEM, MESMO QUE NO SUBCONSCIENTE"},"content":{"rendered":"<p>O debate transmitido ao vivo ontem \u00e0 noite pelo Canal 5.1, da REMA TV, entre o governista Adailton F\u00faria (PSD) e o oposicionista Marcos Rog\u00e9rio (PL) teve na sa\u00fade um dos momentos mais duros da noite. De um lado, a cobran\u00e7a por investimentos concretos, e, do outro, a tentativa de justificar escolhas pol\u00edticas e a destina\u00e7\u00e3o de recursos.<\/p>\n<p>Mas quem estava assistindo queria mesmo era saber quem tem um plano capaz de transformar o dinheiro p\u00fablico em atendimento de verdade e, pelo m\u00ednimo, diminuir a fila de pacientes da medicina especializada.<\/p>\n<p>F\u00faria questionou Marcos Rog\u00e9rio sobre a destina\u00e7\u00e3o de R$ 14 milh\u00f5es em emendas para um museu em Bras\u00edlia, cobrando que o candidato explicasse por que recursos dessa dimens\u00e3o n\u00e3o teriam sido direcionados para \u00e1reas consideradas priorit\u00e1rias em Rond\u00f4nia, especialmente a sa\u00fade de Ji-Paran\u00e1.<\/p>\n<p>Nessa mesma hora at\u00e9 mesmo o eleitor mais inocente questionou silenciosamente a mesma coisa: \u201cPorque o recurso n\u00e3o veio para Rond\u00f4nia, se o senador foi eleito para nos representar e trazer benef\u00edcios para nossa terra?\u201d<\/p>\n<p>O candidato depois tentou justificar, assumindo que foram R$ 500 mil reais para um projeto evang\u00e9lico e n\u00e3o R$ 14 milh\u00f5es, como F\u00faria acusou. Mesmo assim, a cr\u00edtica atingiu um ponto muito sens\u00edvel.<\/p>\n<p>Para quem espera meses por uma consulta, enfrenta dificuldades para conseguir um exame ou precisa viajar para outro munic\u00edpio em busca de atendimento, a discuss\u00e3o sobre milh\u00f5es de reais n\u00e3o \u00e9 abstrata. \u00c9 a diferen\u00e7a entre ser atendido ou continuar esperando.<\/p>\n<p>Mas o embate tamb\u00e9m exp\u00f4s uma fragilidade dos dois lados: enquanto F\u00faria cobra o advers\u00e1rio, o governo do qual faz parte tamb\u00e9m precisa responder por problemas hist\u00f3ricos da sa\u00fade estadual. N\u00e3o basta apontar o erro do outro. \u00c9 preciso apresentar solu\u00e7\u00e3o, estabelecer prioridades e mostrar como fazer.<\/p>\n<p><strong>\u00c9 PRECISO PENSAR COMO RONDONIENSE<\/strong><\/p>\n<p>\u00c9 justamente nesse espa\u00e7o que entra a proposta de Hildon Chaves, com uma vis\u00e3o de gest\u00e3o que procura tirar a sa\u00fade do discurso pol\u00edtico e coloc\u00e1-la na rotina das pessoas.<\/p>\n<p>A proposta de Hildon parte de uma premissa simples: o cidad\u00e3o n\u00e3o pode precisar viajar centenas de quil\u00f4metros para ter acesso ao atendimento que deveria encontrar perto de casa. Isso significa descentralizar servi\u00e7os, fortalecer as estruturas regionais, ampliar a capacidade hospitalar no interior e reduzir a depend\u00eancia de Porto Velho.<\/p>\n<p>Tamb\u00e9m significa enfrentar o problema das filas, melhorar a regula\u00e7\u00e3o, ampliar a oferta de consultas e exames especializados e dar condi\u00e7\u00f5es para que os munic\u00edpios tenham uma rede de atendimento mais resolutiva.<\/p>\n<p>O debate entre F\u00faria e Marcos Rog\u00e9rio, portanto, acabou indo al\u00e9m da troca de acusa\u00e7\u00f5es. Mostrou a dist\u00e2ncia que ainda existe entre a pol\u00edtica e a vida real de quem depende do SUS.<\/p>\n<p>Marcos Rog\u00e9rio foi colocado diante da necessidade de explicar melhor suas escolhas e, principalmente, como pretende transformar sua experi\u00eancia pol\u00edtica em gest\u00e3o concreta da sa\u00fade. F\u00faria, por sua vez, n\u00e3o pode se limitar \u00e0 condi\u00e7\u00e3o de acusador. Por representar o grupo que administra o Estado, tamb\u00e9m precisa explicar por que problemas conhecidos continuam afetando quem procura atendimento. Tem que ser mais rondoniense tamb\u00e9m.<\/p>\n<p>E \u00e9 a\u00ed que Hildon tenta ocupar um espa\u00e7o diferente. Com o mote de campanha que leva uma mensagem de \u201cunir todas as Rond\u00f4nias\u201d, \u00e9 o que mais se posiciona como rondoniense de DNA. Leva a mensagem pacifista de \u201cmenos briga pol\u00edtica e mais gest\u00e3o, planejamento e presen\u00e7a do Estado onde o cidad\u00e3o est\u00e1\u201d.<\/p>\n<p>Porque, no fim das contas, o paciente n\u00e3o quer saber quem venceu o debate. Ele quer saber quando ser\u00e1 atendido. Quer hospital funcionando, m\u00e9dico dispon\u00edvel, exame no prazo e tratamento perto de casa.<\/p>\n<p>E essa talvez seja a principal li\u00e7\u00e3o deixada pelo confronto: sa\u00fade n\u00e3o se resolve com discurso, nem com disputa de emendas. Resolve-se com prioridade, gest\u00e3o e capacidade de entregar.<\/p>\n<p><img fetchpriority=\"high\" decoding=\"async\" class=\"alignnone size-medium wp-image-45803 aligncenter\" src=\"https:\/\/colunadahora.com.br\/wp-content\/uploads\/2026\/09\/EU-COLOR-273x300.png\" alt=\"\" width=\"273\" height=\"300\" srcset=\"https:\/\/colunadahora.com.br\/wp-content\/uploads\/2026\/09\/EU-COLOR-273x300.png 273w, https:\/\/colunadahora.com.br\/wp-content\/uploads\/2026\/09\/EU-COLOR-931x1024.png 931w, https:\/\/colunadahora.com.br\/wp-content\/uploads\/2026\/09\/EU-COLOR-768x844.png 768w, https:\/\/colunadahora.com.br\/wp-content\/uploads\/2026\/09\/EU-COLOR-133x146.png 133w, https:\/\/colunadahora.com.br\/wp-content\/uploads\/2026\/09\/EU-COLOR-600x660.png 600w, https:\/\/colunadahora.com.br\/wp-content\/uploads\/2026\/09\/EU-COLOR.png 1196w\" sizes=\"(max-width: 273px) 100vw, 273px\" \/><\/p>\n","protected":false},"excerpt":{"rendered":"<p>O debate transmitido ao vivo ontem \u00e0 noite pelo Canal 5.1, da REMA TV, entre o governista Adailton F\u00faria (PSD) e o oposicionista Marcos Rog\u00e9rio (PL) teve na sa\u00fade um dos momentos mais duros da noite. De um lado, a cobran\u00e7a por investimentos concretos, e, do outro, a tentativa de justificar escolhas pol\u00edticas e a [&hellip;]<\/p>\n","protected":false},"author":1,"featured_media":45803,"comment_status":"open","ping_status":"closed","sticky":false,"template":"","format":"standard","meta":{"site-sidebar-layout":"default","site-content-layout":"","ast-site-content-layout":"default","site-content-style":"default","site-sidebar-style":"default","ast-global-header-display":"","ast-banner-title-visibility":"","ast-main-header-display":"","ast-hfb-above-header-display":"","ast-hfb-below-header-display":"","ast-hfb-mobile-header-display":"","site-post-title":"","ast-breadcrumbs-content":"","ast-featured-img":"","footer-sml-layout":"","ast-disable-related-posts":"","theme-transparent-header-meta":"default","adv-header-id-meta":"","stick-header-meta":"","header-above-stick-meta":"","header-main-stick-meta":"","header-below-stick-meta":"","astra-migrate-meta-layouts":"set","ast-page-background-enabled":"default","ast-page-background-meta":{"desktop":{"background-color":"var(--ast-global-color-4)","background-image":"","background-repeat":"repeat","background-position":"center center","background-size":"auto","background-attachment":"scroll","background-type":"","background-media":"","overlay-type":"","overlay-color":"","overlay-opacity":"","overlay-gradient":""},"tablet":{"background-color":"","background-image":"","background-repeat":"repeat","background-position":"center center","background-size":"auto","background-attachment":"scroll","background-type":"","background-media":"","overlay-type":"","overlay-color":"","overlay-opacity":"","overlay-gradient":""},"mobile":{"background-color":"","background-image":"","background-repeat":"repeat","background-position":"center center","background-size":"auto","background-attachment":"scroll","background-type":"","background-media":"","overlay-type":"","overlay-color":"","overlay-opacity":"","overlay-gradient":""}},"ast-content-background-meta":{"desktop":{"background-color":"var(--ast-global-color-5)","background-image":"","background-repeat":"repeat","background-position":"center center","background-size":"auto","background-attachment":"scroll","background-type":"","background-media":"","overlay-type":"","overlay-color":"","overlay-opacity":"","overlay-gradient":""},"tablet":{"background-color":"var(--ast-global-color-5)","background-image":"","background-repeat":"repeat","background-position":"center center","background-size":"auto","background-attachment":"scroll","background-type":"","background-media":"","overlay-type":"","overlay-color":"","overlay-opacity":"","overlay-gradient":""},"mobile":{"background-color":"var(--ast-global-color-5)","background-image":"","background-repeat":"repeat","background-position":"center center","background-size":"auto","background-attachment":"scroll","background-type":"","background-media":"","overlay-type":"","overlay-color":"","overlay-opacity":"","overlay-gradient":""}},"footnotes":""},"categories":[46,67,4],"tags":[],"class_list":["post-45821","post","type-post","status-publish","format-standard","has-post-thumbnail","hentry","category-destaques-da-hora","category-eleicoes-2026-ro","category-politica"],"_links":{"self":[{"href":"https:\/\/colunadahora.com.br\/index.php?rest_route=\/wp\/v2\/posts\/45821","targetHints":{"allow":["GET"]}}],"collection":[{"href":"https:\/\/colunadahora.com.br\/index.php?rest_route=\/wp\/v2\/posts"}],"about":[{"href":"https:\/\/colunadahora.com.br\/index.php?rest_route=\/wp\/v2\/types\/post"}],"author":[{"embeddable":true,"href":"https:\/\/colunadahora.com.br\/index.php?rest_route=\/wp\/v2\/users\/1"}],"replies":[{"embeddable":true,"href":"https:\/\/colunadahora.com.br\/index.php?rest_route=%2Fwp%2Fv2%2Fcomments&post=45821"}],"version-history":[{"count":1,"href":"https:\/\/colunadahora.com.br\/index.php?rest_route=\/wp\/v2\/posts\/45821\/revisions"}],"predecessor-version":[{"id":45822,"href":"https:\/\/colunadahora.com.br\/index.php?rest_route=\/wp\/v2\/posts\/45821\/revisions\/45822"}],"wp:featuredmedia":[{"embeddable":true,"href":"https:\/\/colunadahora.com.br\/index.php?rest_route=\/wp\/v2\/media\/45803"}],"wp:attachment":[{"href":"https:\/\/colunadahora.com.br\/index.php?rest_route=%2Fwp%2Fv2%2Fmedia&parent=45821"}],"wp:term":[{"taxonomy":"category","embeddable":true,"href":"https:\/\/colunadahora.com.br\/index.php?rest_route=%2Fwp%2Fv2%2Fcategories&post=45821"},{"taxonomy":"post_tag","embeddable":true,"href":"https:\/\/colunadahora.com.br\/index.php?rest_route=%2Fwp%2Fv2%2Ftags&post=45821"}],"curies":[{"name":"wp","href":"https:\/\/api.w.org\/{rel}","templated":true}]}}