{"id":45805,"date":"2026-09-02T10:48:48","date_gmt":"2026-09-02T13:48:48","guid":{"rendered":"https:\/\/colunadahora.com.br\/?p=45805"},"modified":"2026-09-02T10:48:48","modified_gmt":"2026-09-02T13:48:48","slug":"portal-colunadahora-com-br-samuel-costa-defende-saude-como-prioridade-e-apresenta-propostas-para-transformar-atendimento-publico-em-rondonia","status":"publish","type":"post","link":"https:\/\/colunadahora.com.br\/?p=45805","title":{"rendered":"PORTAL COLUNADAHORA.COM.BR &#8211; Samuel Costa defende sa\u00fade como prioridade e apresenta propostas para transformar atendimento p\u00fablico em Rond\u00f4nia"},"content":{"rendered":"<p>O candidato ao governo de Rond\u00f4nia pelo PSB, Samuel Costa, foi entrevistado em rede estadual no programa Fala Rond\u00f4nia, onde foi sabatinado pelos jornalistas Fab\u00edola Kopp e Paulinho PVH. Durante a entrevista, Costa apresentou propostas para a gest\u00e3o 2027\/2030 e afirmou que pretende concentrar esfor\u00e7os na solu\u00e7\u00e3o dos principais problemas enfrentados pela popula\u00e7\u00e3o, tendo a sa\u00fade como uma de suas principais prioridades.<\/p>\n<p>Entre as propostas apresentadas est\u00e1 a constru\u00e7\u00e3o de um novo Hospital Jo\u00e3o Paulo II. Segundo Samuel Costa, a iniciativa poder\u00e1 utilizar uma estrutura j\u00e1 existente da Superintend\u00eancia Pol\u00edcia Rodovi\u00e1ria Federal em Porto Velho, por meio de um conv\u00eanio envolvendo o Governo Federal, a Prefeitura de Porto Velho e outras institui\u00e7\u00f5es e for\u00e7as p\u00fablicas.<\/p>\n<p>\u201cConhecimento t\u00e9cnico e boa vontade s\u00e3o primordiais para que a gente possa atender, em definitivo, os reais anseios do nosso povo. Vamos fazer um grande esfor\u00e7o para entregar essa obra o mais r\u00e1pido poss\u00edvel \u00e0 popula\u00e7\u00e3o e fazer, em quatro anos, o que n\u00e3o foi feito em 40 anos\u201d, afirmou.<\/p>\n<p>Costa tamb\u00e9m declarou que pretende decretar estado de calamidade p\u00fablica na sa\u00fade como uma das primeiras medidas de sua administra\u00e7\u00e3o. O candidato afirmou que buscar\u00e1 imediatamente apoio do Governo Federal para ampliar o n\u00famero de m\u00e9dicos em Rond\u00f4nia e pretende implementar o programa Mais M\u00e9dicos da Rede Estadual, com o objetivo de oferecer suporte principalmente nas \u00e1reas de m\u00e9dia e baixa complexidade aos munic\u00edpios que enfrentam maior car\u00eancia de profissionais.<\/p>\n<p>Outra proposta apresentada durante a sabatina foi o programa \u201cM\u00e9dico Porta em Porta\u201d, baseado no fortalecimento da preven\u00e7\u00e3o e da aten\u00e7\u00e3o b\u00e1sica. A ideia, segundo o candidato, \u00e9 ampliar o acompanhamento das fam\u00edlias e identificar precocemente doen\u00e7as e situa\u00e7\u00f5es de risco, contribuindo para a redu\u00e7\u00e3o da mortalidade infantil e evitando que problemas de sa\u00fade evoluam para quadros mais graves.<\/p>\n<p>Samuel Costa tamb\u00e9m defendeu uma atua\u00e7\u00e3o mais pr\u00f3xima do governo estadual junto \u00e0s prefeituras, oferecendo suporte para que os munic\u00edpios possam fortalecer e ampliar o Programa Sa\u00fade da Fam\u00edlia (PSF).<\/p>\n<p>Para o candidato, a transforma\u00e7\u00e3o da sa\u00fade p\u00fablica n\u00e3o deve ser medida apenas pela quantidade de pr\u00e9dios constru\u00eddos, mas pela capacidade do Estado de cuidar efetivamente das pessoas.<\/p>\n<p>\u201cMais importante do que pr\u00e9dios modernos \u00e9 a gente cuidar das pessoas. O meu governo ser\u00e1 pautado em defender as crian\u00e7as, as mulheres e os idosos\u201d, declarou.<\/p>\n<p>Ao encerrar sua participa\u00e7\u00e3o, Costa afirmou que pretende ampliar a cobertura das pol\u00edticas p\u00fablicas de sa\u00fade e prote\u00e7\u00e3o social em todo o estado.<\/p>\n<p>\u201cSe fizermos isso em ampla cobertura, certamente Rond\u00f4nia voltar\u00e1 a ser o estado da felicidade\u201d, finalizou Samuel Costa.<\/p>\n<p>ASSESSORIA<\/p>\n","protected":false},"excerpt":{"rendered":"<p>O candidato ao governo de Rond\u00f4nia pelo PSB, Samuel Costa, foi entrevistado em rede estadual no programa Fala Rond\u00f4nia, onde foi sabatinado pelos jornalistas Fab\u00edola Kopp e Paulinho PVH. Durante a entrevista, Costa apresentou propostas para a gest\u00e3o 2027\/2030 e afirmou que pretende concentrar esfor\u00e7os na solu\u00e7\u00e3o dos principais problemas enfrentados pela popula\u00e7\u00e3o, tendo a [&hellip;]<\/p>\n","protected":false},"author":1,"featured_media":45806,"comment_status":"open","ping_status":"closed","sticky":false,"template":"","format":"standard","meta":{"site-sidebar-layout":"default","site-content-layout":"","ast-site-content-layout":"default","site-content-style":"default","site-sidebar-style":"default","ast-global-header-display":"","ast-banner-title-visibility":"","ast-main-header-display":"","ast-hfb-above-header-display":"","ast-hfb-below-header-display":"","ast-hfb-mobile-header-display":"","site-post-title":"","ast-breadcrumbs-content":"","ast-featured-img":"","footer-sml-layout":"","ast-disable-related-posts":"","theme-transparent-header-meta":"default","adv-header-id-meta":"","stick-header-meta":"","header-above-stick-meta":"","header-main-stick-meta":"","header-below-stick-meta":"","astra-migrate-meta-layouts":"set","ast-page-background-enabled":"default","ast-page-background-meta":{"desktop":{"background-color":"var(--ast-global-color-4)","background-image":"","background-repeat":"repeat","background-position":"center center","background-size":"auto","background-attachment":"scroll","background-type":"","background-media":"","overlay-type":"","overlay-color":"","overlay-opacity":"","overlay-gradient":""},"tablet":{"background-color":"","background-image":"","background-repeat":"repeat","background-position":"center center","background-size":"auto","background-attachment":"scroll","background-type":"","background-media":"","overlay-type":"","overlay-color":"","overlay-opacity":"","overlay-gradient":""},"mobile":{"background-color":"","background-image":"","background-repeat":"repeat","background-position":"center center","background-size":"auto","background-attachment":"scroll","background-type":"","background-media":"","overlay-type":"","overlay-color":"","overlay-opacity":"","overlay-gradient":""}},"ast-content-background-meta":{"desktop":{"background-color":"var(--ast-global-color-5)","background-image":"","background-repeat":"repeat","background-position":"center center","background-size":"auto","background-attachment":"scroll","background-type":"","background-media":"","overlay-type":"","overlay-color":"","overlay-opacity":"","overlay-gradient":""},"tablet":{"background-color":"var(--ast-global-color-5)","background-image":"","background-repeat":"repeat","background-position":"center center","background-size":"auto","background-attachment":"scroll","background-type":"","background-media":"","overlay-type":"","overlay-color":"","overlay-opacity":"","overlay-gradient":""},"mobile":{"background-color":"var(--ast-global-color-5)","background-image":"","background-repeat":"repeat","background-position":"center center","background-size":"auto","background-attachment":"scroll","background-type":"","background-media":"","overlay-type":"","overlay-color":"","overlay-opacity":"","overlay-gradient":""}},"footnotes":""},"categories":[67,1],"tags":[],"class_list":["post-45805","post","type-post","status-publish","format-standard","has-post-thumbnail","hentry","category-eleicoes-2026-ro","category-sem-categoria"],"_links":{"self":[{"href":"https:\/\/colunadahora.com.br\/index.php?rest_route=\/wp\/v2\/posts\/45805","targetHints":{"allow":["GET"]}}],"collection":[{"href":"https:\/\/colunadahora.com.br\/index.php?rest_route=\/wp\/v2\/posts"}],"about":[{"href":"https:\/\/colunadahora.com.br\/index.php?rest_route=\/wp\/v2\/types\/post"}],"author":[{"embeddable":true,"href":"https:\/\/colunadahora.com.br\/index.php?rest_route=\/wp\/v2\/users\/1"}],"replies":[{"embeddable":true,"href":"https:\/\/colunadahora.com.br\/index.php?rest_route=%2Fwp%2Fv2%2Fcomments&post=45805"}],"version-history":[{"count":1,"href":"https:\/\/colunadahora.com.br\/index.php?rest_route=\/wp\/v2\/posts\/45805\/revisions"}],"predecessor-version":[{"id":45807,"href":"https:\/\/colunadahora.com.br\/index.php?rest_route=\/wp\/v2\/posts\/45805\/revisions\/45807"}],"wp:featuredmedia":[{"embeddable":true,"href":"https:\/\/colunadahora.com.br\/index.php?rest_route=\/wp\/v2\/media\/45806"}],"wp:attachment":[{"href":"https:\/\/colunadahora.com.br\/index.php?rest_route=%2Fwp%2Fv2%2Fmedia&parent=45805"}],"wp:term":[{"taxonomy":"category","embeddable":true,"href":"https:\/\/colunadahora.com.br\/index.php?rest_route=%2Fwp%2Fv2%2Fcategories&post=45805"},{"taxonomy":"post_tag","embeddable":true,"href":"https:\/\/colunadahora.com.br\/index.php?rest_route=%2Fwp%2Fv2%2Ftags&post=45805"}],"curies":[{"name":"wp","href":"https:\/\/api.w.org\/{rel}","templated":true}]}}