{"id":45795,"date":"2026-09-02T09:19:43","date_gmt":"2026-09-02T12:19:43","guid":{"rendered":"https:\/\/colunadahora.com.br\/?p=45795"},"modified":"2026-09-02T09:19:43","modified_gmt":"2026-09-02T12:19:43","slug":"confira-a-agenda-dos-presidenciaveis-nesta-quarta-feira-2","status":"publish","type":"post","link":"https:\/\/colunadahora.com.br\/?p=45795","title":{"rendered":"Confira a agenda dos presidenci\u00e1veis nesta quarta-feira (2)"},"content":{"rendered":"<\/p>\n<p><a class=\"\" href=\"https:\/\/agenciabrasil.ebc.com.br\/politica\/noticia\/2026-09\/confira-agenda-dos-presidenciaveis-nesta-quarta-feira-2\"><br \/>\n                    <img decoding=\"async\" src=\"https:\/\/cdn.jsdelivr.net\/gh\/sergiosdlima\/assets-ebc@1.0.0\/abr\/assets\/images\/logo-agenciabrasil.svg\" alt=\"Logo Ag\u00eancia Brasil\"><br \/>\n\t\t\t\t<\/a><\/p>\n<p>A agenda dos presidenci\u00e1veis nesta quarta-feira (2) inclui entrevistas e sabatinas, al\u00e9m de visitas a institui\u00e7\u00f5es e mercados. Tamb\u00e9m est\u00e3o previstas caminhadas e encontros com diferentes segmentos da popula\u00e7\u00e3o e atividades partid\u00e1rias.<img decoding=\"async\" src=\"https:\/\/agenciabrasil.ebc.com.br\/ebc.png?id=1701300&#038;o=rss\"><img decoding=\"async\" src=\"https:\/\/agenciabrasil.ebc.com.br\/ebc.gif?id=1701300&#038;o=rss\"><\/p>\n<p><strong>Augusto Cury (Avante)<\/strong><br \/>\nVisita a Federa\u00e7\u00e3o Israelita do Estado de S\u00e3o Paulo. \u00c0 noite, participa do podcast Salada Cast.\u00a0<\/p>\n<\/p>\n<h3>Not\u00edcias relacionadas:<\/h3>\n<ul>\n<li><a href=\"https:\/\/agenciabrasil.ebc.com.br\/justica\/noticia\/2026-09\/dias-toffoli-libera-campanha-de-renan-santos-pela-internet\">Dias Toffoli libera campanha de Renan Santos pela internet.<\/a><\/li>\n<\/ul>\n<p><strong>Clariana Bar\u00e3o (Democracia Crist\u00e3)\u00a0<\/strong><br \/>\nParticipa de entrevistas nas plataformas May News Studio e BM&#038;C News e no canal Mathias TV. \u00c0 tarde, participa de caminhada no Br\u00e1s, em S\u00e3o Paulo (SP).\u00a0<\/p>\n<p><strong>Edmilson Costa (PCB)<\/strong><br \/>\nCumpre agenda da secretaria-geral do PCB em Lisboa.\u00a0<\/p>\n<p><strong>Romeu Zema (Novo)\u00a0<\/strong><br \/>\nParticipa de encontro com motoristas de aplicativo e concede entrevista ao podcast Intelig\u00eancia Ltda.<\/p>\n<p><strong>Ronaldo Caiado (PSD)<\/strong><br \/>\nPela manh\u00e3, concede entrevista ao vivo para a r\u00e1dio Metropolitana 90.5 FM, em S\u00e3o Paulo (SP) e visita o Mercado Municipal de Pinheiros (SP). \u00c0 noite, participa de sabatina do Programa &#8216;WW Especial Elei\u00e7\u00f5es&#8217; da CNN Brasil, tamb\u00e9m em S\u00e3o Paulo.\u00a0<\/p>\n<p><strong>Samara Martins (UP)\u00a0<\/strong><br \/>\nParticipa de confraterniza\u00e7\u00e3o do partido no bar Partisan, na Lapa, no Rio de Janeiro (RJ).\u00a0<\/p>\n<p><strong>Wilson Grassi (Democrata)<\/strong><br \/>\nEm Bras\u00edlia, participa de protesto pac\u00edfico contra a\u00a0<a href=\"http:\/\/agenciabrasil.ebc.com.br\/justica\/noticia\/2026-08\/toffoli-suspende-campanha-digital-de-grassi-presidencia\">suspens\u00e3o de seus canais digitais<\/a> de campanha.\u00a0<\/p>\n<p>Os candidatos <strong>Fl\u00e1vio Bolsonaro (PL)<\/strong>, <strong>Luiz In\u00e1cio Lula da Silva (PT)<\/strong>\u00a0e\u00a0<strong>Renan Santos (Miss\u00e3o)<\/strong><strong>\u00a0<\/strong>n\u00e3o divulgaram a agenda de campanha at\u00e9 o momento desta publica\u00e7\u00e3o.\u00a0<\/p>\n<p>Os candidatos\u00a0<strong>Hertz Dias (PSTU) <\/strong>e <strong>Rui Costa Pimenta (PCO)\u00a0<\/strong>n\u00e3o t\u00eam agenda p\u00fablica de campanha nesta quarta-feira.\u00a0<\/p>\n<p>A ordem de apresenta\u00e7\u00e3o da cobertura da agenda dos candidatos a presidente segue rod\u00edzio di\u00e1rio em ordem alfab\u00e9tica.<\/p>\n<p>\u00a0<\/p>\n","protected":false},"excerpt":{"rendered":"<p>A agenda dos presidenci\u00e1veis nesta quarta-feira (2) inclui entrevistas e sabatinas, al\u00e9m de visitas a institui\u00e7\u00f5es e mercados. Tamb\u00e9m est\u00e3o previstas caminhadas e encontros com diferentes segmentos da popula\u00e7\u00e3o e atividades partid\u00e1rias. Augusto Cury (Avante) Visita a Federa\u00e7\u00e3o Israelita do Estado de S\u00e3o Paulo. \u00c0 noite, participa do podcast Salada Cast.\u00a0 Not\u00edcias relacionadas: Dias Toffoli [&hellip;]<\/p>\n","protected":false},"author":8,"featured_media":45796,"comment_status":"open","ping_status":"open","sticky":false,"template":"","format":"standard","meta":{"site-sidebar-layout":"default","site-content-layout":"","ast-site-content-layout":"default","site-content-style":"default","site-sidebar-style":"default","ast-global-header-display":"","ast-banner-title-visibility":"","ast-main-header-display":"","ast-hfb-above-header-display":"","ast-hfb-below-header-display":"","ast-hfb-mobile-header-display":"","site-post-title":"","ast-breadcrumbs-content":"","ast-featured-img":"","footer-sml-layout":"","ast-disable-related-posts":"","theme-transparent-header-meta":"","adv-header-id-meta":"","stick-header-meta":"","header-above-stick-meta":"","header-main-stick-meta":"","header-below-stick-meta":"","astra-migrate-meta-layouts":"default","ast-page-background-enabled":"default","ast-page-background-meta":{"desktop":{"background-color":"var(--ast-global-color-4)","background-image":"","background-repeat":"repeat","background-position":"center center","background-size":"auto","background-attachment":"scroll","background-type":"","background-media":"","overlay-type":"","overlay-color":"","overlay-opacity":"","overlay-gradient":""},"tablet":{"background-color":"","background-image":"","background-repeat":"repeat","background-position":"center center","background-size":"auto","background-attachment":"scroll","background-type":"","background-media":"","overlay-type":"","overlay-color":"","overlay-opacity":"","overlay-gradient":""},"mobile":{"background-color":"","background-image":"","background-repeat":"repeat","background-position":"center center","background-size":"auto","background-attachment":"scroll","background-type":"","background-media":"","overlay-type":"","overlay-color":"","overlay-opacity":"","overlay-gradient":""}},"ast-content-background-meta":{"desktop":{"background-color":"var(--ast-global-color-5)","background-image":"","background-repeat":"repeat","background-position":"center center","background-size":"auto","background-attachment":"scroll","background-type":"","background-media":"","overlay-type":"","overlay-color":"","overlay-opacity":"","overlay-gradient":""},"tablet":{"background-color":"var(--ast-global-color-5)","background-image":"","background-repeat":"repeat","background-position":"center center","background-size":"auto","background-attachment":"scroll","background-type":"","background-media":"","overlay-type":"","overlay-color":"","overlay-opacity":"","overlay-gradient":""},"mobile":{"background-color":"var(--ast-global-color-5)","background-image":"","background-repeat":"repeat","background-position":"center center","background-size":"auto","background-attachment":"scroll","background-type":"","background-media":"","overlay-type":"","overlay-color":"","overlay-opacity":"","overlay-gradient":""}},"footnotes":""},"categories":[4],"tags":[],"class_list":["post-45795","post","type-post","status-publish","format-standard","has-post-thumbnail","hentry","category-politica"],"_links":{"self":[{"href":"https:\/\/colunadahora.com.br\/index.php?rest_route=\/wp\/v2\/posts\/45795","targetHints":{"allow":["GET"]}}],"collection":[{"href":"https:\/\/colunadahora.com.br\/index.php?rest_route=\/wp\/v2\/posts"}],"about":[{"href":"https:\/\/colunadahora.com.br\/index.php?rest_route=\/wp\/v2\/types\/post"}],"author":[{"embeddable":true,"href":"https:\/\/colunadahora.com.br\/index.php?rest_route=\/wp\/v2\/users\/8"}],"replies":[{"embeddable":true,"href":"https:\/\/colunadahora.com.br\/index.php?rest_route=%2Fwp%2Fv2%2Fcomments&post=45795"}],"version-history":[{"count":0,"href":"https:\/\/colunadahora.com.br\/index.php?rest_route=\/wp\/v2\/posts\/45795\/revisions"}],"wp:featuredmedia":[{"embeddable":true,"href":"https:\/\/colunadahora.com.br\/index.php?rest_route=\/wp\/v2\/media\/45796"}],"wp:attachment":[{"href":"https:\/\/colunadahora.com.br\/index.php?rest_route=%2Fwp%2Fv2%2Fmedia&parent=45795"}],"wp:term":[{"taxonomy":"category","embeddable":true,"href":"https:\/\/colunadahora.com.br\/index.php?rest_route=%2Fwp%2Fv2%2Fcategories&post=45795"},{"taxonomy":"post_tag","embeddable":true,"href":"https:\/\/colunadahora.com.br\/index.php?rest_route=%2Fwp%2Fv2%2Ftags&post=45795"}],"curies":[{"name":"wp","href":"https:\/\/api.w.org\/{rel}","templated":true}]}}