{"id":45793,"date":"2026-09-02T09:19:24","date_gmt":"2026-09-02T12:19:24","guid":{"rendered":"https:\/\/colunadahora.com.br\/?p=45793"},"modified":"2026-09-02T09:19:24","modified_gmt":"2026-09-02T12:19:24","slug":"tropas-militares-vao-reforcar-locais-de-votacao-no-rio-de-janeiro","status":"publish","type":"post","link":"https:\/\/colunadahora.com.br\/?p=45793","title":{"rendered":"Tropas militares v\u00e3o refor\u00e7ar locais de vota\u00e7\u00e3o no Rio de Janeiro"},"content":{"rendered":"<\/p>\n<p><a class=\"\" href=\"https:\/\/agenciabrasil.ebc.com.br\/justica\/noticia\/2026-09\/tropas-militares-vao-reforcar-locais-de-votacao-no-rio-de-janeiro\"><br \/>\n                    <img decoding=\"async\" src=\"https:\/\/cdn.jsdelivr.net\/gh\/sergiosdlima\/assets-ebc@1.0.0\/abr\/assets\/images\/logo-agenciabrasil.svg\" alt=\"Logo Ag\u00eancia Brasil\"><br \/>\n\t\t\t\t<\/a><\/p>\n<p>O presidente do Tribunal Regional Eleitoral do Rio de Janeiro (TRE-RJ), desembargador Claudio de Mello Tavares, afirmou que o emprego de for\u00e7as federais nas Elei\u00e7\u00f5es 2026, autorizado pelo Tribunal Superior Eleitoral (TSE) representa\u00a0importante refor\u00e7o \u00e0 estrat\u00e9gia de seguran\u00e7a montada para garantir que os eleitores fluminenses possam exercer livremente o direito de voto no dia 4 de outubro.<img decoding=\"async\" src=\"https:\/\/agenciabrasil.ebc.com.br\/ebc.png?id=1701309&#038;o=rss\"><img decoding=\"async\" src=\"https:\/\/agenciabrasil.ebc.com.br\/ebc.gif?id=1701309&#038;o=rss\"><\/p>\n<blockquote>\n<p>\u201cTemos plena confian\u00e7a na atua\u00e7\u00e3o das for\u00e7as de seguran\u00e7a do estado, mas uma elei\u00e7\u00e3o exige mobiliza\u00e7\u00e3o excepcionalmente grande.<\/p>\n<\/blockquote>\n<h3>Not\u00edcias relacionadas:<\/h3>\n<ul>\n<li><a href=\"https:\/\/agenciabrasil.ebc.com.br\/politica\/noticia\/2026-08\/tse-lanca-campanha-para-estimular-participacao-nas-eleicoes-2026\">TSE lan\u00e7a campanha para estimular participa\u00e7\u00e3o nas elei\u00e7\u00f5es 2026.<\/a><\/li>\n<li><a href=\"https:\/\/agenciabrasil.ebc.com.br\/justica\/noticia\/2026-08\/eleicoes-2026-saiba-o-que-e-permitido-e-proibido-no-dia-da-votacao\">Elei\u00e7\u00f5es 2026: saiba o que \u00e9 permitido e proibido no dia da vota\u00e7\u00e3o.<\/a><\/li>\n<\/ul>\n<p><strong>Ser\u00e3o cerca de 5 mil locais de vota\u00e7\u00e3o funcionando simultaneamente. O refor\u00e7o federal amplia a capacidade de proteger esses espa\u00e7os e, principalmente, de assegurar que cada eleitor possa exercer livremente o seu voto.<\/strong><\/p>\n<p>O TSE aprovou por unanimidade, em sess\u00e3o administrativa, o pedido de envio de for\u00e7as federais ao Rio de Janeiro. A solicita\u00e7\u00e3o havia sido aprovada pelo Colegiado do TRE-RJ em julho, ap\u00f3s manifesta\u00e7\u00e3o favor\u00e1vel do governo do estado.<\/p>\n<p><strong>Para o desembargador Claudio de Mello Tavares, o apoio federal ganha especial import\u00e2ncia diante das caracter\u00edsticas do Rio de Janeiro e da exist\u00eancia de \u00e1reas submetidas ao controle de organiza\u00e7\u00f5es criminosas.<\/strong><\/p>\n<blockquote>\n<p>\u201cN\u00e3o trabalhamos apenas para impedir epis\u00f3dios ostensivos de viol\u00eancia. Nossa preocupa\u00e7\u00e3o alcan\u00e7a tamb\u00e9m formas menos vis\u00edveis de intimida\u00e7\u00e3o e constrangimento&#8221;.<\/p>\n<\/blockquote>\n<p><strong>Para ele, onde houver risco de que o controle territorial se transforme em controle sobre a vontade do eleitor, o Estado precisa estar presente. O voto tem que ser livre em cada se\u00e7\u00e3o eleitoral do Rio\u201d, acrescentou.<\/strong><\/p>\n<p>Entre as medidas a serem adotadas est\u00e3o a atua\u00e7\u00e3o integrada com \u00f3rg\u00e3os de seguran\u00e7a e intelig\u00eancia,\u00a0a transfer\u00eancia de locais de vota\u00e7\u00e3o situados em \u00e1reas consideradas de alto risco e o compartilhamento institucional de informa\u00e7\u00f5es relevantes para a prote\u00e7\u00e3o do processo eleitoral.<\/p>\n<blockquote>\n<p>\u201cO eleitor precisa chegar ao dia 4 de outubro com uma certeza: haver\u00e1 uma estrutura robusta trabalhando para que ele possa entrar na se\u00e7\u00e3o eleitoral, fazer a sua escolha e sair dela sem qualquer tipo de intimida\u00e7\u00e3o ou interfer\u00eancia&#8221;, disse Tavares..<\/p>\n<\/blockquote>\n<p><strong>Segundo ele, proteger a elei\u00e7\u00e3o \u00e9, antes de tudo, proteger o direito de cada cidad\u00e3o de escolher livremente seus representantes.<\/strong><\/p>\n<p>As for\u00e7as federais empregadas nas elei\u00e7\u00f5es 2026 contar\u00e3o com tropas militares do Ex\u00e9rcito, da Marinha e Aeron\u00e1utica.<\/p>\n","protected":false},"excerpt":{"rendered":"<p>O presidente do Tribunal Regional Eleitoral do Rio de Janeiro (TRE-RJ), desembargador Claudio de Mello Tavares, afirmou que o emprego de for\u00e7as federais nas Elei\u00e7\u00f5es 2026, autorizado pelo Tribunal Superior Eleitoral (TSE) representa\u00a0importante refor\u00e7o \u00e0 estrat\u00e9gia de seguran\u00e7a montada para garantir que os eleitores fluminenses possam exercer livremente o direito de voto no dia 4 [&hellip;]<\/p>\n","protected":false},"author":31,"featured_media":45794,"comment_status":"open","ping_status":"open","sticky":false,"template":"","format":"standard","meta":{"site-sidebar-layout":"default","site-content-layout":"","ast-site-content-layout":"default","site-content-style":"default","site-sidebar-style":"default","ast-global-header-display":"","ast-banner-title-visibility":"","ast-main-header-display":"","ast-hfb-above-header-display":"","ast-hfb-below-header-display":"","ast-hfb-mobile-header-display":"","site-post-title":"","ast-breadcrumbs-content":"","ast-featured-img":"","footer-sml-layout":"","ast-disable-related-posts":"","theme-transparent-header-meta":"","adv-header-id-meta":"","stick-header-meta":"","header-above-stick-meta":"","header-main-stick-meta":"","header-below-stick-meta":"","astra-migrate-meta-layouts":"default","ast-page-background-enabled":"default","ast-page-background-meta":{"desktop":{"background-color":"var(--ast-global-color-4)","background-image":"","background-repeat":"repeat","background-position":"center center","background-size":"auto","background-attachment":"scroll","background-type":"","background-media":"","overlay-type":"","overlay-color":"","overlay-opacity":"","overlay-gradient":""},"tablet":{"background-color":"","background-image":"","background-repeat":"repeat","background-position":"center center","background-size":"auto","background-attachment":"scroll","background-type":"","background-media":"","overlay-type":"","overlay-color":"","overlay-opacity":"","overlay-gradient":""},"mobile":{"background-color":"","background-image":"","background-repeat":"repeat","background-position":"center center","background-size":"auto","background-attachment":"scroll","background-type":"","background-media":"","overlay-type":"","overlay-color":"","overlay-opacity":"","overlay-gradient":""}},"ast-content-background-meta":{"desktop":{"background-color":"var(--ast-global-color-5)","background-image":"","background-repeat":"repeat","background-position":"center center","background-size":"auto","background-attachment":"scroll","background-type":"","background-media":"","overlay-type":"","overlay-color":"","overlay-opacity":"","overlay-gradient":""},"tablet":{"background-color":"var(--ast-global-color-5)","background-image":"","background-repeat":"repeat","background-position":"center center","background-size":"auto","background-attachment":"scroll","background-type":"","background-media":"","overlay-type":"","overlay-color":"","overlay-opacity":"","overlay-gradient":""},"mobile":{"background-color":"var(--ast-global-color-5)","background-image":"","background-repeat":"repeat","background-position":"center center","background-size":"auto","background-attachment":"scroll","background-type":"","background-media":"","overlay-type":"","overlay-color":"","overlay-opacity":"","overlay-gradient":""}},"footnotes":""},"categories":[3],"tags":[],"class_list":["post-45793","post","type-post","status-publish","format-standard","has-post-thumbnail","hentry","category-seguranca-e-justica"],"_links":{"self":[{"href":"https:\/\/colunadahora.com.br\/index.php?rest_route=\/wp\/v2\/posts\/45793","targetHints":{"allow":["GET"]}}],"collection":[{"href":"https:\/\/colunadahora.com.br\/index.php?rest_route=\/wp\/v2\/posts"}],"about":[{"href":"https:\/\/colunadahora.com.br\/index.php?rest_route=\/wp\/v2\/types\/post"}],"author":[{"embeddable":true,"href":"https:\/\/colunadahora.com.br\/index.php?rest_route=\/wp\/v2\/users\/31"}],"replies":[{"embeddable":true,"href":"https:\/\/colunadahora.com.br\/index.php?rest_route=%2Fwp%2Fv2%2Fcomments&post=45793"}],"version-history":[{"count":0,"href":"https:\/\/colunadahora.com.br\/index.php?rest_route=\/wp\/v2\/posts\/45793\/revisions"}],"wp:featuredmedia":[{"embeddable":true,"href":"https:\/\/colunadahora.com.br\/index.php?rest_route=\/wp\/v2\/media\/45794"}],"wp:attachment":[{"href":"https:\/\/colunadahora.com.br\/index.php?rest_route=%2Fwp%2Fv2%2Fmedia&parent=45793"}],"wp:term":[{"taxonomy":"category","embeddable":true,"href":"https:\/\/colunadahora.com.br\/index.php?rest_route=%2Fwp%2Fv2%2Fcategories&post=45793"},{"taxonomy":"post_tag","embeddable":true,"href":"https:\/\/colunadahora.com.br\/index.php?rest_route=%2Fwp%2Fv2%2Ftags&post=45793"}],"curies":[{"name":"wp","href":"https:\/\/api.w.org\/{rel}","templated":true}]}}