{"id":45789,"date":"2026-09-02T00:20:30","date_gmt":"2026-09-02T03:20:30","guid":{"rendered":"https:\/\/colunadahora.com.br\/?p=45789"},"modified":"2026-09-02T00:20:30","modified_gmt":"2026-09-02T03:20:30","slug":"estiagem-na-amazonia-deve-se-estender-e-dificultar-recuperacao-de-rios","status":"publish","type":"post","link":"https:\/\/colunadahora.com.br\/?p=45789","title":{"rendered":"Estiagem na Amaz\u00f4nia deve se estender e dificultar recupera\u00e7\u00e3o de rios"},"content":{"rendered":"<p>A escassez de chuvas na regi\u00e3o amaz\u00f4nica deve continuar at\u00e9 o in\u00edcio do pr\u00f3ximo ano, dificultando a recupera\u00e7\u00e3o do n\u00edvel dos rios. O quadro atual sugere que a vazante pode atingir propor\u00e7\u00f5es hist\u00f3ricas, impactando diretamente a log\u00edstica regional e a vida das comunidades ribeirinhas e ind\u00edgenas.<img decoding=\"async\" src=\"https:\/\/agenciabrasil.ebc.com.br\/ebc.png?id=1701306&#038;o=rss\"><img decoding=\"async\" src=\"https:\/\/agenciabrasil.ebc.com.br\/ebc.gif?id=1701306&#038;o=rss\"><\/p>\n<p>As informa\u00e7\u00f5es foram divulgadas nesta ter\u00e7a-feira (1\u00ba), em Manaus, pelo SGB, o Servi\u00e7o Geol\u00f3gico do Brasil, que usou cen\u00e1rios para estimar as cotas dos rios da regi\u00e3o. Foi o que explicou o pesquisador da institui\u00e7\u00e3o <strong>Andr\u00e9 Martinelli<\/strong>:<\/p>\n<blockquote>\n<p>&#8220;O alerta de vazante 2026 se prop\u00f4s a montar cen\u00e1rios baseados nos anos em que tivemos uma grande interfer\u00eancia do El Ni\u00f1o, principalmente 2015, que foi o \u00faltimo grande El Ni\u00f1o, e o evento de 2023\/2024, que foi um El Ni\u00f1o forte e que acabou trazendo as menores cotas registradas para a maioria das esta\u00e7\u00f5es de monitoramento na bacia amaz\u00f4nica.&#8221;<\/p>\n<\/blockquote>\n<p><strong>Segundo as estimativas, se o El Ni\u00f1o for mais parecido com o de 2015, a capital amazonense enfrentar\u00e1 uma cota de 12,92 m; se for mais como 2024, ficar\u00e1 em 16,32 m.<\/strong><\/p>\n<p>Andr\u00e9 Martinelli destaca o que isso pode significar na pr\u00e1tica para a regi\u00e3o:<\/p>\n<blockquote>\n<p>&#8220;S\u00e3o n\u00edveis baixos para a cidade de Manaus, que j\u00e1 trariam preju\u00edzos na parte da log\u00edstica e do polo industrial. Mas, obviamente, quando voc\u00ea baixa de 14 m, a gente vai para um n\u00edvel mais extremo, vivenciando aquilo que foi visto em 2023 e 2024: as cenas de terra arrasada. Ent\u00e3o, obviamente, esse cen\u00e1rio imitando as descidas de 2015 ficaria mais pr\u00f3ximo desse cen\u00e1rio de extremo catastr\u00f3fico.&#8221;<\/p>\n<\/blockquote>\n<p>De acordo com o pesquisador do SGB, os cen\u00e1rios levaram em considera\u00e7\u00e3o tr\u00eas esta\u00e7\u00f5es de refer\u00eancia: Tabatinga, por estar na parte mais alta do tronco principal da bacia, que \u00e9 o Rio Solim\u00f5es; Manaus, por ser a capital do estado e onde o per\u00edodo de seca traz as maiores consequ\u00eancias econ\u00f4micas e socioambientais; e Itacoatiara, por ser um ponto muito importante para a log\u00edstica do estado.<\/p>\n<p>De acordo com o Servi\u00e7o Geol\u00f3gico do Brasil, os dados servem para orientar gestores p\u00fablicos e defesas civis estaduais e municipais em a\u00e7\u00f5es de redu\u00e7\u00e3o dos impactos socioecon\u00f4micos e ambientais da estiagem na regi\u00e3o amaz\u00f4nica.<\/p>\n<p>  <span class=\"hms hms-format-m-ss\">2:36<\/span><\/p>\n","protected":false},"excerpt":{"rendered":"<p>A escassez de chuvas na regi\u00e3o amaz\u00f4nica deve continuar at\u00e9 o in\u00edcio do pr\u00f3ximo ano, dificultando a recupera\u00e7\u00e3o do n\u00edvel dos rios. O quadro atual sugere que a vazante pode atingir propor\u00e7\u00f5es hist\u00f3ricas, impactando diretamente a log\u00edstica regional e a vida das comunidades ribeirinhas e ind\u00edgenas. As informa\u00e7\u00f5es foram divulgadas nesta ter\u00e7a-feira (1\u00ba), em Manaus, [&hellip;]<\/p>\n","protected":false},"author":1,"featured_media":45790,"comment_status":"open","ping_status":"open","sticky":false,"template":"","format":"standard","meta":{"site-sidebar-layout":"default","site-content-layout":"","ast-site-content-layout":"default","site-content-style":"default","site-sidebar-style":"default","ast-global-header-display":"","ast-banner-title-visibility":"","ast-main-header-display":"","ast-hfb-above-header-display":"","ast-hfb-below-header-display":"","ast-hfb-mobile-header-display":"","site-post-title":"","ast-breadcrumbs-content":"","ast-featured-img":"","footer-sml-layout":"","ast-disable-related-posts":"","theme-transparent-header-meta":"","adv-header-id-meta":"","stick-header-meta":"","header-above-stick-meta":"","header-main-stick-meta":"","header-below-stick-meta":"","astra-migrate-meta-layouts":"default","ast-page-background-enabled":"default","ast-page-background-meta":{"desktop":{"background-color":"var(--ast-global-color-4)","background-image":"","background-repeat":"repeat","background-position":"center center","background-size":"auto","background-attachment":"scroll","background-type":"","background-media":"","overlay-type":"","overlay-color":"","overlay-opacity":"","overlay-gradient":""},"tablet":{"background-color":"","background-image":"","background-repeat":"repeat","background-position":"center center","background-size":"auto","background-attachment":"scroll","background-type":"","background-media":"","overlay-type":"","overlay-color":"","overlay-opacity":"","overlay-gradient":""},"mobile":{"background-color":"","background-image":"","background-repeat":"repeat","background-position":"center center","background-size":"auto","background-attachment":"scroll","background-type":"","background-media":"","overlay-type":"","overlay-color":"","overlay-opacity":"","overlay-gradient":""}},"ast-content-background-meta":{"desktop":{"background-color":"var(--ast-global-color-5)","background-image":"","background-repeat":"repeat","background-position":"center center","background-size":"auto","background-attachment":"scroll","background-type":"","background-media":"","overlay-type":"","overlay-color":"","overlay-opacity":"","overlay-gradient":""},"tablet":{"background-color":"var(--ast-global-color-5)","background-image":"","background-repeat":"repeat","background-position":"center center","background-size":"auto","background-attachment":"scroll","background-type":"","background-media":"","overlay-type":"","overlay-color":"","overlay-opacity":"","overlay-gradient":""},"mobile":{"background-color":"var(--ast-global-color-5)","background-image":"","background-repeat":"repeat","background-position":"center center","background-size":"auto","background-attachment":"scroll","background-type":"","background-media":"","overlay-type":"","overlay-color":"","overlay-opacity":"","overlay-gradient":""}},"footnotes":""},"categories":[6],"tags":[],"class_list":["post-45789","post","type-post","status-publish","format-standard","has-post-thumbnail","hentry","category-meio-ambiente-e-sustentabilidade"],"_links":{"self":[{"href":"https:\/\/colunadahora.com.br\/index.php?rest_route=\/wp\/v2\/posts\/45789","targetHints":{"allow":["GET"]}}],"collection":[{"href":"https:\/\/colunadahora.com.br\/index.php?rest_route=\/wp\/v2\/posts"}],"about":[{"href":"https:\/\/colunadahora.com.br\/index.php?rest_route=\/wp\/v2\/types\/post"}],"author":[{"embeddable":true,"href":"https:\/\/colunadahora.com.br\/index.php?rest_route=\/wp\/v2\/users\/1"}],"replies":[{"embeddable":true,"href":"https:\/\/colunadahora.com.br\/index.php?rest_route=%2Fwp%2Fv2%2Fcomments&post=45789"}],"version-history":[{"count":0,"href":"https:\/\/colunadahora.com.br\/index.php?rest_route=\/wp\/v2\/posts\/45789\/revisions"}],"wp:featuredmedia":[{"embeddable":true,"href":"https:\/\/colunadahora.com.br\/index.php?rest_route=\/wp\/v2\/media\/45790"}],"wp:attachment":[{"href":"https:\/\/colunadahora.com.br\/index.php?rest_route=%2Fwp%2Fv2%2Fmedia&parent=45789"}],"wp:term":[{"taxonomy":"category","embeddable":true,"href":"https:\/\/colunadahora.com.br\/index.php?rest_route=%2Fwp%2Fv2%2Fcategories&post=45789"},{"taxonomy":"post_tag","embeddable":true,"href":"https:\/\/colunadahora.com.br\/index.php?rest_route=%2Fwp%2Fv2%2Ftags&post=45789"}],"curies":[{"name":"wp","href":"https:\/\/api.w.org\/{rel}","templated":true}]}}