{"id":45781,"date":"2026-09-01T22:20:39","date_gmt":"2026-09-02T01:20:39","guid":{"rendered":"https:\/\/colunadahora.com.br\/?p=45781"},"modified":"2026-09-01T22:20:39","modified_gmt":"2026-09-02T01:20:39","slug":"senado-aprova-projeto-que-cria-incentivos-para-data-centers-no-brasil","status":"publish","type":"post","link":"https:\/\/colunadahora.com.br\/?p=45781","title":{"rendered":"Senado aprova projeto que cria incentivos para data centers no Brasil"},"content":{"rendered":"<\/p>\n<p><a class=\"\" href=\"https:\/\/agenciabrasil.ebc.com.br\/politica\/noticia\/2026-09\/senado-aprova-projeto-que-cria-incentivos-para-data-centers-no-brasil\"><br \/>\n                    <img decoding=\"async\" src=\"https:\/\/cdn.jsdelivr.net\/gh\/sergiosdlima\/assets-ebc@1.0.0\/abr\/assets\/images\/logo-agenciabrasil.svg\" alt=\"Logo Ag\u00eancia Brasil\"><br \/>\n\t\t\t\t<\/a><\/p>\n<p><strong>O Senado Federal aprovou nesta ter\u00e7a-feira (1\u00ba) o Projeto de Lei (PL) 278\/2026, que institui um regime tribut\u00e1rio para incentivar a instala\u00e7\u00e3o de data centers no pa\u00eds.<\/strong><img decoding=\"async\" src=\"https:\/\/agenciabrasil.ebc.com.br\/ebc.png?id=1701305&#038;o=rss\"><img decoding=\"async\" src=\"https:\/\/agenciabrasil.ebc.com.br\/ebc.gif?id=1701305&#038;o=rss\"><\/p>\n<p>Os data centers s\u00e3o estruturas f\u00edsicas que concentram computadores e servidores que armazenam, processam e distribuem grandes volumes de dados e aplica\u00e7\u00f5es digitais.<\/p>\n<\/p>\n<h3>Not\u00edcias relacionadas:<\/h3>\n<ul>\n<li><a href=\"https:\/\/agenciabrasil.ebc.com.br\/politica\/noticia\/2026-09\/organizacoes-criticam-incentivo-fiscal-para-data-centers-no-brasil\">Organiza\u00e7\u00f5es criticam incentivo fiscal para data centers no Brasil.<\/a><\/li>\n<li><a href=\"https:\/\/agenciabrasil.ebc.com.br\/meio-ambiente\/noticia\/2026-07\/brasil-precisa-garantir-contrapartidas-para-receber-data-centers\">Brasil precisa garantir contrapartidas para receber data centers.<\/a><\/li>\n<\/ul>\n<p>O texto, que j\u00e1 foi aprovado pela C\u00e2mara dos Deputados, substitui a medida provis\u00f3ria que previa a cria\u00e7\u00e3o do Regime Especial para Servi\u00e7os de Data Center (Redata), que perdeu a validade em fevereiro.<strong> Com a tramita\u00e7\u00e3o conclu\u00edda no Congresso Nacional, o texto segue para san\u00e7\u00e3o presidencial.<\/strong> \u00a0<\/p>\n<p>O PL do Redata, relatado pelo senador Cid Gomes (PDT-CE), prev\u00ea zerar impostos federais para importa\u00e7\u00e3o de componentes eletr\u00f4nicos e de tecnologia da informa\u00e7\u00e3o destinados aos<em> <\/em>data centers como forma de incentivar a instala\u00e7\u00e3o desses equipamentos no Brasil.<\/p>\n<blockquote>\n<p>&#8220;O Redata \u200cvisa, \u200bfundamentalmente, desonerar a infraestrutura f\u00edsica necess\u00e1ria para o processamento de dados, armazenamento em nuvem e \u200co treinamento e a infer\u00eancia de modelos de intelig\u00eancia artificial&#8221;, destacou o relator da proposta, no parecer aprovado nesta ter\u00e7a-feira.<\/p>\n<\/blockquote>\n<p><strong>Como contrapartida, as empresas ter\u00e3o que usar energia de fonte limpa ou renov\u00e1vel<\/strong>, al\u00e9m de apresentar \u00cdndice de Efici\u00eancia H\u00eddrica no uso da \u00e1gua para resfriamento dos equipamentos igual ou inferior a 0,05 litro\/kWh em aferi\u00e7\u00e3o anual.<\/p>\n<p>O PL ainda obriga as empresas beneficiadas a realizar investimentos no pa\u00eds equivalentes a 2% do valor dos produtos comprados com o benef\u00edcio fiscal e reservar 10% dos servi\u00e7os dos data centers para o mercado interno.<\/p>\n<p><strong>A estimativa do governo \u00e9 de uma isen\u00e7\u00e3o em torno de R$ 5,2 bilh\u00f5es ainda este ano e de R$ 1 bilh\u00e3o em cada um dos dois anos seguintes<\/strong>, segundo o parecer ao projeto na C\u00e2mara, do deputado Aguinaldo Ribeiro (PP-PB).<\/p>\n<h2>Soberania digital<\/h2>\n<p>De acordo com as <a href=\"https:\/\/agenciabrasil.ebc.com.br\/politica\/noticia\/2026-09\/organizacoes-criticam-incentivo-fiscal-para-data-centers-no-brasil\" target=\"_blank\">entidades da sociedade civil<\/a>, cr\u00edticas ao programa, o projeto de lei n\u00e3o foi suficientemente debatido para garantir que possa aumentar a soberania digital do Brasil e reduzir a depend\u00eancia externa de tecnologias da informa\u00e7\u00e3o.<\/p>\n<p>&#8220;Soberania n\u00e3o se resume a instalar servidores em territ\u00f3rio nacional. Ela envolve capacidades tecnol\u00f3gicas e cient\u00edficas nacionais, seguran\u00e7a e governan\u00e7a de dados, autonomia energ\u00e9tica e prote\u00e7\u00e3o dos recursos naturais\u201d, defendem as entidades na nota.<\/p>\n<p>Usados principalmente pelas plataformas digitais para processar sistemas de intelig\u00eancia artificial (IA) e armazenar os dados das &#8220;nuvens&#8221; das chamadas bigtechs, os data centers s\u00e3o criticados, entre outros motivos, pelo elevado consumo de energia e \u00e1gua.<\/p>\n","protected":false},"excerpt":{"rendered":"<p>O Senado Federal aprovou nesta ter\u00e7a-feira (1\u00ba) o Projeto de Lei (PL) 278\/2026, que institui um regime tribut\u00e1rio para incentivar a instala\u00e7\u00e3o de data centers no pa\u00eds. Os data centers s\u00e3o estruturas f\u00edsicas que concentram computadores e servidores que armazenam, processam e distribuem grandes volumes de dados e aplica\u00e7\u00f5es digitais. Not\u00edcias relacionadas: Organiza\u00e7\u00f5es criticam incentivo [&hellip;]<\/p>\n","protected":false},"author":27,"featured_media":45782,"comment_status":"open","ping_status":"open","sticky":false,"template":"","format":"standard","meta":{"site-sidebar-layout":"default","site-content-layout":"","ast-site-content-layout":"default","site-content-style":"default","site-sidebar-style":"default","ast-global-header-display":"","ast-banner-title-visibility":"","ast-main-header-display":"","ast-hfb-above-header-display":"","ast-hfb-below-header-display":"","ast-hfb-mobile-header-display":"","site-post-title":"","ast-breadcrumbs-content":"","ast-featured-img":"","footer-sml-layout":"","ast-disable-related-posts":"","theme-transparent-header-meta":"","adv-header-id-meta":"","stick-header-meta":"","header-above-stick-meta":"","header-main-stick-meta":"","header-below-stick-meta":"","astra-migrate-meta-layouts":"default","ast-page-background-enabled":"default","ast-page-background-meta":{"desktop":{"background-color":"var(--ast-global-color-4)","background-image":"","background-repeat":"repeat","background-position":"center center","background-size":"auto","background-attachment":"scroll","background-type":"","background-media":"","overlay-type":"","overlay-color":"","overlay-opacity":"","overlay-gradient":""},"tablet":{"background-color":"","background-image":"","background-repeat":"repeat","background-position":"center center","background-size":"auto","background-attachment":"scroll","background-type":"","background-media":"","overlay-type":"","overlay-color":"","overlay-opacity":"","overlay-gradient":""},"mobile":{"background-color":"","background-image":"","background-repeat":"repeat","background-position":"center center","background-size":"auto","background-attachment":"scroll","background-type":"","background-media":"","overlay-type":"","overlay-color":"","overlay-opacity":"","overlay-gradient":""}},"ast-content-background-meta":{"desktop":{"background-color":"var(--ast-global-color-5)","background-image":"","background-repeat":"repeat","background-position":"center center","background-size":"auto","background-attachment":"scroll","background-type":"","background-media":"","overlay-type":"","overlay-color":"","overlay-opacity":"","overlay-gradient":""},"tablet":{"background-color":"var(--ast-global-color-5)","background-image":"","background-repeat":"repeat","background-position":"center center","background-size":"auto","background-attachment":"scroll","background-type":"","background-media":"","overlay-type":"","overlay-color":"","overlay-opacity":"","overlay-gradient":""},"mobile":{"background-color":"var(--ast-global-color-5)","background-image":"","background-repeat":"repeat","background-position":"center center","background-size":"auto","background-attachment":"scroll","background-type":"","background-media":"","overlay-type":"","overlay-color":"","overlay-opacity":"","overlay-gradient":""}},"footnotes":""},"categories":[4],"tags":[],"class_list":["post-45781","post","type-post","status-publish","format-standard","has-post-thumbnail","hentry","category-politica"],"_links":{"self":[{"href":"https:\/\/colunadahora.com.br\/index.php?rest_route=\/wp\/v2\/posts\/45781","targetHints":{"allow":["GET"]}}],"collection":[{"href":"https:\/\/colunadahora.com.br\/index.php?rest_route=\/wp\/v2\/posts"}],"about":[{"href":"https:\/\/colunadahora.com.br\/index.php?rest_route=\/wp\/v2\/types\/post"}],"author":[{"embeddable":true,"href":"https:\/\/colunadahora.com.br\/index.php?rest_route=\/wp\/v2\/users\/27"}],"replies":[{"embeddable":true,"href":"https:\/\/colunadahora.com.br\/index.php?rest_route=%2Fwp%2Fv2%2Fcomments&post=45781"}],"version-history":[{"count":0,"href":"https:\/\/colunadahora.com.br\/index.php?rest_route=\/wp\/v2\/posts\/45781\/revisions"}],"wp:featuredmedia":[{"embeddable":true,"href":"https:\/\/colunadahora.com.br\/index.php?rest_route=\/wp\/v2\/media\/45782"}],"wp:attachment":[{"href":"https:\/\/colunadahora.com.br\/index.php?rest_route=%2Fwp%2Fv2%2Fmedia&parent=45781"}],"wp:term":[{"taxonomy":"category","embeddable":true,"href":"https:\/\/colunadahora.com.br\/index.php?rest_route=%2Fwp%2Fv2%2Fcategories&post=45781"},{"taxonomy":"post_tag","embeddable":true,"href":"https:\/\/colunadahora.com.br\/index.php?rest_route=%2Fwp%2Fv2%2Ftags&post=45781"}],"curies":[{"name":"wp","href":"https:\/\/api.w.org\/{rel}","templated":true}]}}