{"id":45779,"date":"2026-09-01T22:20:01","date_gmt":"2026-09-02T01:20:01","guid":{"rendered":"https:\/\/colunadahora.com.br\/?p=45779"},"modified":"2026-09-01T22:20:01","modified_gmt":"2026-09-02T01:20:01","slug":"tse-rejeita-acao-para-derrubar-imagem-de-bolsonaro-feita-por-ia","status":"publish","type":"post","link":"https:\/\/colunadahora.com.br\/?p=45779","title":{"rendered":"TSE rejeita a\u00e7\u00e3o para derrubar imagem de Bolsonaro feita por IA"},"content":{"rendered":"<\/p>\n<p><a class=\"\" href=\"https:\/\/agenciabrasil.ebc.com.br\/justica\/noticia\/2026-09\/tse-rejeita-acao-para-derrubar-imagem-de-bolsonaro-feita-por-ia\"><br \/>\n                    <img decoding=\"async\" src=\"https:\/\/cdn.jsdelivr.net\/gh\/sergiosdlima\/assets-ebc@1.0.0\/abr\/assets\/images\/logo-agenciabrasil.svg\" alt=\"Logo Ag\u00eancia Brasil\"><br \/>\n\t\t\t\t<\/a><\/p>\n<p><strong>O Tribunal Superior Eleitoral (TSE) decidiu nesta ter\u00e7a-feira (1\u00ba) rejeitar uma a\u00e7\u00e3o protocolada pelo PT contra a divulga\u00e7\u00e3o de um <a href=\"https:\/\/agenciabrasil.ebc.com.br\/justica\/noticia\/2026-08\/tse-marca-julgamento-sobre-video-de-bolsonaro-feito-por-ia\">v\u00eddeo do ex-presidente Jair Bolsonaro<\/a> feito por intelig\u00eancia artificial (IA).\u00a0<\/strong><img decoding=\"async\" src=\"https:\/\/agenciabrasil.ebc.com.br\/ebc.png?id=1701301&#038;o=rss\"><img decoding=\"async\" src=\"https:\/\/agenciabrasil.ebc.com.br\/ebc.gif?id=1701301&#038;o=rss\"><\/p>\n<p>O caso veio \u00e0 tona ap\u00f3s o candidato \u00e0 Presid\u00eancia da Rep\u00fablica Fl\u00e1vio Bolsonaro (PL) usar a simula\u00e7\u00e3o de um pronunciamento do pai, que est\u00e1 em pris\u00e3o domiciliar, durante o evento de lan\u00e7amento da sua candidatura, realizado em agosto.<\/p>\n<\/p>\n<h3>Not\u00edcias relacionadas:<\/h3>\n<ul>\n<li><a href=\"https:\/\/agenciabrasil.ebc.com.br\/justica\/noticia\/2026-08\/tse-marca-julgamento-sobre-video-de-bolsonaro-feito-por-ia\">TSE marca julgamento sobre v\u00eddeo de Bolsonaro feito por IA .<\/a><\/li>\n<\/ul>\n<p><strong>Por maioria de votos, os ministros entenderam que o caso n\u00e3o se caracteriza como propaganda eleitoral irregular porque foi divulgado durante a conven\u00e7\u00e3o partid\u00e1ria de Fl\u00e1vio.\u00a0<\/strong><\/p>\n<h2>Deep Fake\u00a0<\/h2>\n<p><strong>Apesar de liberar o v\u00eddeo de Bolsonaro por IA,\u00a0 os ministros aproveitaram o julgamento do caso para definir o conceito de <em>deep fake<\/em>, tipo de conte\u00fado artificial proibido pelo TSE nas campanhas eleitorais.\u00a0<\/strong><\/p>\n<p>O tribunal definiu que <em>deep fake <\/em>\u00e9 caracterizado pela produ\u00e7\u00e3o de IA, com grau de realidade capaz de alterar imagem e voz de pessoa viva, falecida ou fict\u00edcia.<\/p>\n<p>O entendimento dever\u00e1 aplicado aos processos semelhantes que est\u00e3o em tramita\u00e7\u00e3o na Justi\u00e7a Eleitoral.\u00a0<\/p>\n<h2>Regras<\/h2>\n<p><strong>Em mar\u00e7o deste ano, o TSE\u00a0aprovou regras sobre utiliza\u00e7\u00e3o de intelig\u00eancia artificial durante as elei\u00e7\u00f5es gerais de outubro.\u00a0<\/strong><\/p>\n<p>As normas valem para candidatos e partidos. Os ministros proibiram que provedores de\u00a0IA\u00a0permitam, ainda que solicitado pelos usu\u00e1rios, sugest\u00f5es de candidatos para votar. O objetivo \u00e9 evitar a interfer\u00eancia de algoritmos na livre escolha dos eleitores.<\/p>\n<p>Para combater a misoginia digital, o TSE\u00a0proibiu postagens nas redes sociais com montagens envolvendo candidatas e fotos e v\u00eddeos com nudez e pornografia.<\/p>\n<p>A Corte eleitoral tamb\u00e9m reafirmou que os provedores de internet poder\u00e3o ser responsabilizados pela Justi\u00e7a se n\u00e3o retirarem perfis falsos e postagens ilegais de seus usu\u00e1rios.<\/p>\n<h2>Elei\u00e7\u00f5es<\/h2>\n<p>O primeiro turno ser\u00e1 realizado no dia 4 de outubro, quando ser\u00e3o eleitos deputados federais, estaduais, distritais, governadores, senadores e o presidente da Rep\u00fablica.<\/p>\n<p>O segundo turno est\u00e1 marcado para o dia 25 e pode ocorrer na disputa para os cargos de governador e presidente. Os eleitores voltar\u00e3o \u00e0s urnas se nenhum dos candidatos obtiver mais de 50% dos votos v\u00e1lidos, excluindo brancos e nulos, no primeiro turno.<\/p>\n","protected":false},"excerpt":{"rendered":"<p>O Tribunal Superior Eleitoral (TSE) decidiu nesta ter\u00e7a-feira (1\u00ba) rejeitar uma a\u00e7\u00e3o protocolada pelo PT contra a divulga\u00e7\u00e3o de um v\u00eddeo do ex-presidente Jair Bolsonaro feito por intelig\u00eancia artificial (IA).\u00a0 O caso veio \u00e0 tona ap\u00f3s o candidato \u00e0 Presid\u00eancia da Rep\u00fablica Fl\u00e1vio Bolsonaro (PL) usar a simula\u00e7\u00e3o de um pronunciamento do pai, que est\u00e1 [&hellip;]<\/p>\n","protected":false},"author":45,"featured_media":45780,"comment_status":"open","ping_status":"open","sticky":false,"template":"","format":"standard","meta":{"site-sidebar-layout":"default","site-content-layout":"","ast-site-content-layout":"default","site-content-style":"default","site-sidebar-style":"default","ast-global-header-display":"","ast-banner-title-visibility":"","ast-main-header-display":"","ast-hfb-above-header-display":"","ast-hfb-below-header-display":"","ast-hfb-mobile-header-display":"","site-post-title":"","ast-breadcrumbs-content":"","ast-featured-img":"","footer-sml-layout":"","ast-disable-related-posts":"","theme-transparent-header-meta":"","adv-header-id-meta":"","stick-header-meta":"","header-above-stick-meta":"","header-main-stick-meta":"","header-below-stick-meta":"","astra-migrate-meta-layouts":"default","ast-page-background-enabled":"default","ast-page-background-meta":{"desktop":{"background-color":"var(--ast-global-color-4)","background-image":"","background-repeat":"repeat","background-position":"center center","background-size":"auto","background-attachment":"scroll","background-type":"","background-media":"","overlay-type":"","overlay-color":"","overlay-opacity":"","overlay-gradient":""},"tablet":{"background-color":"","background-image":"","background-repeat":"repeat","background-position":"center center","background-size":"auto","background-attachment":"scroll","background-type":"","background-media":"","overlay-type":"","overlay-color":"","overlay-opacity":"","overlay-gradient":""},"mobile":{"background-color":"","background-image":"","background-repeat":"repeat","background-position":"center center","background-size":"auto","background-attachment":"scroll","background-type":"","background-media":"","overlay-type":"","overlay-color":"","overlay-opacity":"","overlay-gradient":""}},"ast-content-background-meta":{"desktop":{"background-color":"var(--ast-global-color-5)","background-image":"","background-repeat":"repeat","background-position":"center center","background-size":"auto","background-attachment":"scroll","background-type":"","background-media":"","overlay-type":"","overlay-color":"","overlay-opacity":"","overlay-gradient":""},"tablet":{"background-color":"var(--ast-global-color-5)","background-image":"","background-repeat":"repeat","background-position":"center center","background-size":"auto","background-attachment":"scroll","background-type":"","background-media":"","overlay-type":"","overlay-color":"","overlay-opacity":"","overlay-gradient":""},"mobile":{"background-color":"var(--ast-global-color-5)","background-image":"","background-repeat":"repeat","background-position":"center center","background-size":"auto","background-attachment":"scroll","background-type":"","background-media":"","overlay-type":"","overlay-color":"","overlay-opacity":"","overlay-gradient":""}},"footnotes":""},"categories":[3],"tags":[],"class_list":["post-45779","post","type-post","status-publish","format-standard","has-post-thumbnail","hentry","category-seguranca-e-justica"],"_links":{"self":[{"href":"https:\/\/colunadahora.com.br\/index.php?rest_route=\/wp\/v2\/posts\/45779","targetHints":{"allow":["GET"]}}],"collection":[{"href":"https:\/\/colunadahora.com.br\/index.php?rest_route=\/wp\/v2\/posts"}],"about":[{"href":"https:\/\/colunadahora.com.br\/index.php?rest_route=\/wp\/v2\/types\/post"}],"author":[{"embeddable":true,"href":"https:\/\/colunadahora.com.br\/index.php?rest_route=\/wp\/v2\/users\/45"}],"replies":[{"embeddable":true,"href":"https:\/\/colunadahora.com.br\/index.php?rest_route=%2Fwp%2Fv2%2Fcomments&post=45779"}],"version-history":[{"count":0,"href":"https:\/\/colunadahora.com.br\/index.php?rest_route=\/wp\/v2\/posts\/45779\/revisions"}],"wp:featuredmedia":[{"embeddable":true,"href":"https:\/\/colunadahora.com.br\/index.php?rest_route=\/wp\/v2\/media\/45780"}],"wp:attachment":[{"href":"https:\/\/colunadahora.com.br\/index.php?rest_route=%2Fwp%2Fv2%2Fmedia&parent=45779"}],"wp:term":[{"taxonomy":"category","embeddable":true,"href":"https:\/\/colunadahora.com.br\/index.php?rest_route=%2Fwp%2Fv2%2Fcategories&post=45779"},{"taxonomy":"post_tag","embeddable":true,"href":"https:\/\/colunadahora.com.br\/index.php?rest_route=%2Fwp%2Fv2%2Ftags&post=45779"}],"curies":[{"name":"wp","href":"https:\/\/api.w.org\/{rel}","templated":true}]}}