{"id":45771,"date":"2026-09-01T21:19:02","date_gmt":"2026-09-02T00:19:02","guid":{"rendered":"https:\/\/colunadahora.com.br\/?p=45771"},"modified":"2026-09-01T21:19:02","modified_gmt":"2026-09-02T00:19:02","slug":"pgr-pede-anulacao-de-investigacao-sobre-conversas-de-moraes-e-vorcaro","status":"publish","type":"post","link":"https:\/\/colunadahora.com.br\/?p=45771","title":{"rendered":"PGR pede anula\u00e7\u00e3o de investiga\u00e7\u00e3o sobre conversas de Moraes e Vorcaro"},"content":{"rendered":"<\/p>\n<p><a class=\"\" href=\"https:\/\/agenciabrasil.ebc.com.br\/justica\/noticia\/2026-09\/pgr-pede-anulacao-de-investigacao-sobre-conversas-de-moraes-e-vorcaro\"><br \/>\n                    <img decoding=\"async\" src=\"https:\/\/cdn.jsdelivr.net\/gh\/sergiosdlima\/assets-ebc@1.0.0\/abr\/assets\/images\/logo-agenciabrasil.svg\" alt=\"Logo Ag\u00eancia Brasil\"><br \/>\n\t\t\t\t<\/a><\/p>\n<p><strong>O procurador-geral da Rep\u00fablica, Paulo Gonet, defendeu na noite desta ter\u00e7a-feira (1\u00ba) a <a href=\"https:\/\/agenciabrasil.ebc.com.br\/justica\/noticia\/2026-09\/pgr-deve-se-manifestar-sobre-supostas-conversas-entre-vorcaro-e-moraes\">nulidade da investiga\u00e7\u00e3o da Pol\u00edcia Federal (PF) <\/a>que encontrou as mensagens trocadas entre o ex-banqueiro Daniel Vorcaro e o ministro Alexandre de Moraes, do Supremo Tribunal Federal (STF)<\/strong><img decoding=\"async\" src=\"https:\/\/agenciabrasil.ebc.com.br\/ebc.png?id=1701290&#038;o=rss\"><img decoding=\"async\" src=\"https:\/\/agenciabrasil.ebc.com.br\/ebc.gif?id=1701290&#038;o=rss\"><\/p>\n<p><strong>Na manifesta\u00e7\u00e3o enviada \u00e0 Corte, Gonet disse que o relator do caso, ministro Andr\u00e9 Mendon\u00e7a, investigou Moraes ilegalmente ao determinar\u00a0o aprofundamento da investiga\u00e7\u00e3o <\/strong>sobre o caso Master para esmiu\u00e7ar as conversas envolvendo Moraes e o ex-banqueiro.\u00a0<\/p>\n<\/p>\n<h3>Not\u00edcias relacionadas:<\/h3>\n<ul>\n<li><a href=\"https:\/\/agenciabrasil.ebc.com.br\/justica\/noticia\/2026-09\/mendonca-que-levar-ao-plenario-conversas-atribuidas-vorcaro-e-moraes\">Mendon\u00e7a quer levar ao plen\u00e1rio di\u00e1logos atribu\u00eddos a Vorcaro e Moraes.<\/a><\/li>\n<li><a href=\"https:\/\/agenciabrasil.ebc.com.br\/justica\/noticia\/2026-09\/pgr-deve-se-manifestar-sobre-supostas-conversas-entre-vorcaro-e-moraes\">PGR deve se manifestar sobre supostas conversas entre Vorcaro e Moraes.<\/a><\/li>\n<\/ul>\n<p>No entendimento do procurador, o aprofundamento da apura\u00e7\u00e3o s\u00f3 poderia ocorrer ap\u00f3s autoriza\u00e7\u00e3o do plen\u00e1rio da Corte.\u00a0<\/p>\n<p>No entendimento do procurador, eventual investiga\u00e7\u00e3o contra Moraes deveria ser direcionada o presidente da Corte, Edson Fachin, que levaria do caso ao plen\u00e1rio, e n\u00e3o diretamente para execu\u00e7\u00e3o da PF.\u00a0<\/p>\n<blockquote>\n<p>\u201cA ordem dada \u00e0 autoridade policial para investigar pessoas espec\u00edficas, sem pedido do Minist\u00e9rio P\u00fablico e sem iniciativa da autoridade policial, \u00e9 nula, por exceder os limites de compet\u00eancia do magistrado na fase pr\u00e9-processual\u201d, afirmou Gonet.\u00a0<\/p>\n<\/blockquote>\n<p>O parecer enviado ap\u00f3s Mendon\u00e7a pedir que a PGR se manifestasse sobre o relat\u00f3rio da PF que faz men\u00e7\u00f5es ao ministro Alexandre de Moraes e o pr\u00f3prio procurador-geral.\u00a0<\/p>\n<p><strong>As cita\u00e7\u00f5es aos nomes de Moraes e Gonet foram captadas pela PF a partir da quebra de sigilo do celular do ex-banqueiro Daniel Vorcaro,<\/strong> alvo das investiga\u00e7\u00f5es da Opera\u00e7\u00e3o Compliance Zero, que investiga fraudes financeiras no Banco Master. O sigilo do relat\u00f3rio de investiga\u00e7\u00e3o foi retirado nesta ter\u00e7a-feira (1\u00b0).\u00a0<\/p>\n","protected":false},"excerpt":{"rendered":"<p>O procurador-geral da Rep\u00fablica, Paulo Gonet, defendeu na noite desta ter\u00e7a-feira (1\u00ba) a nulidade da investiga\u00e7\u00e3o da Pol\u00edcia Federal (PF) que encontrou as mensagens trocadas entre o ex-banqueiro Daniel Vorcaro e o ministro Alexandre de Moraes, do Supremo Tribunal Federal (STF) Na manifesta\u00e7\u00e3o enviada \u00e0 Corte, Gonet disse que o relator do caso, ministro Andr\u00e9 [&hellip;]<\/p>\n","protected":false},"author":45,"featured_media":45772,"comment_status":"open","ping_status":"open","sticky":false,"template":"","format":"standard","meta":{"site-sidebar-layout":"default","site-content-layout":"","ast-site-content-layout":"default","site-content-style":"default","site-sidebar-style":"default","ast-global-header-display":"","ast-banner-title-visibility":"","ast-main-header-display":"","ast-hfb-above-header-display":"","ast-hfb-below-header-display":"","ast-hfb-mobile-header-display":"","site-post-title":"","ast-breadcrumbs-content":"","ast-featured-img":"","footer-sml-layout":"","ast-disable-related-posts":"","theme-transparent-header-meta":"","adv-header-id-meta":"","stick-header-meta":"","header-above-stick-meta":"","header-main-stick-meta":"","header-below-stick-meta":"","astra-migrate-meta-layouts":"default","ast-page-background-enabled":"default","ast-page-background-meta":{"desktop":{"background-color":"var(--ast-global-color-4)","background-image":"","background-repeat":"repeat","background-position":"center center","background-size":"auto","background-attachment":"scroll","background-type":"","background-media":"","overlay-type":"","overlay-color":"","overlay-opacity":"","overlay-gradient":""},"tablet":{"background-color":"","background-image":"","background-repeat":"repeat","background-position":"center center","background-size":"auto","background-attachment":"scroll","background-type":"","background-media":"","overlay-type":"","overlay-color":"","overlay-opacity":"","overlay-gradient":""},"mobile":{"background-color":"","background-image":"","background-repeat":"repeat","background-position":"center center","background-size":"auto","background-attachment":"scroll","background-type":"","background-media":"","overlay-type":"","overlay-color":"","overlay-opacity":"","overlay-gradient":""}},"ast-content-background-meta":{"desktop":{"background-color":"var(--ast-global-color-5)","background-image":"","background-repeat":"repeat","background-position":"center center","background-size":"auto","background-attachment":"scroll","background-type":"","background-media":"","overlay-type":"","overlay-color":"","overlay-opacity":"","overlay-gradient":""},"tablet":{"background-color":"var(--ast-global-color-5)","background-image":"","background-repeat":"repeat","background-position":"center center","background-size":"auto","background-attachment":"scroll","background-type":"","background-media":"","overlay-type":"","overlay-color":"","overlay-opacity":"","overlay-gradient":""},"mobile":{"background-color":"var(--ast-global-color-5)","background-image":"","background-repeat":"repeat","background-position":"center center","background-size":"auto","background-attachment":"scroll","background-type":"","background-media":"","overlay-type":"","overlay-color":"","overlay-opacity":"","overlay-gradient":""}},"footnotes":""},"categories":[3],"tags":[],"class_list":["post-45771","post","type-post","status-publish","format-standard","has-post-thumbnail","hentry","category-seguranca-e-justica"],"_links":{"self":[{"href":"https:\/\/colunadahora.com.br\/index.php?rest_route=\/wp\/v2\/posts\/45771","targetHints":{"allow":["GET"]}}],"collection":[{"href":"https:\/\/colunadahora.com.br\/index.php?rest_route=\/wp\/v2\/posts"}],"about":[{"href":"https:\/\/colunadahora.com.br\/index.php?rest_route=\/wp\/v2\/types\/post"}],"author":[{"embeddable":true,"href":"https:\/\/colunadahora.com.br\/index.php?rest_route=\/wp\/v2\/users\/45"}],"replies":[{"embeddable":true,"href":"https:\/\/colunadahora.com.br\/index.php?rest_route=%2Fwp%2Fv2%2Fcomments&post=45771"}],"version-history":[{"count":0,"href":"https:\/\/colunadahora.com.br\/index.php?rest_route=\/wp\/v2\/posts\/45771\/revisions"}],"wp:featuredmedia":[{"embeddable":true,"href":"https:\/\/colunadahora.com.br\/index.php?rest_route=\/wp\/v2\/media\/45772"}],"wp:attachment":[{"href":"https:\/\/colunadahora.com.br\/index.php?rest_route=%2Fwp%2Fv2%2Fmedia&parent=45771"}],"wp:term":[{"taxonomy":"category","embeddable":true,"href":"https:\/\/colunadahora.com.br\/index.php?rest_route=%2Fwp%2Fv2%2Fcategories&post=45771"},{"taxonomy":"post_tag","embeddable":true,"href":"https:\/\/colunadahora.com.br\/index.php?rest_route=%2Fwp%2Fv2%2Ftags&post=45771"}],"curies":[{"name":"wp","href":"https:\/\/api.w.org\/{rel}","templated":true}]}}