{"id":45765,"date":"2026-09-01T19:21:59","date_gmt":"2026-09-01T22:21:59","guid":{"rendered":"https:\/\/colunadahora.com.br\/?p=45765"},"modified":"2026-09-01T19:21:59","modified_gmt":"2026-09-01T22:21:59","slug":"justica-do-trabalho-recomenda-adaptacao-para-enfrentar-el-nino","status":"publish","type":"post","link":"https:\/\/colunadahora.com.br\/?p=45765","title":{"rendered":"Justi\u00e7a do Trabalho recomenda adapta\u00e7\u00e3o para enfrentar El Ni\u00f1o"},"content":{"rendered":"<p>As <strong>altas temperaturas<\/strong> provocadas pelo fen\u00f4meno <strong>El Ni\u00f1o<\/strong> j\u00e1 afetam a rotina dos <strong>trabalhadores na Amaz\u00f4nia<\/strong>. Na regi\u00e3o, atividades relacionadas a c\u00e9u aberto e nos hor\u00e1rios de maior calor aumentam os <strong>riscos de desidrata\u00e7\u00e3o, estafa t\u00e9rmica e acidentes<\/strong>.<img decoding=\"async\" src=\"https:\/\/agenciabrasil.ebc.com.br\/ebc.png?id=1701283&#038;o=rss\"><img decoding=\"async\" src=\"https:\/\/agenciabrasil.ebc.com.br\/ebc.gif?id=1701283&#038;o=rss\"><\/p>\n<p>Diante desse cen\u00e1rio, a Justi\u00e7a do Trabalho refor\u00e7a a necessidade de medidas de adapta\u00e7\u00e3o clim\u00e1tica nos ambientes profissionais, como informa Paulo Paulo Isan, desembargador do TRT da 8\u00aa Regi\u00e3o (TRT-8).<\/p>\n<blockquote>\n<p>&#8220;Como bons amaz\u00f4nidas, n\u00f3s sabemos que \u00e9 uma lezeira de calor. A pessoa vai desidratando, vai tendo a estafa por calor, vai ficando tonta, vai perdendo a agilidade logo n\u00e3o consegue antecipar os movimentos e est\u00e1 mais sujeita a acidentes&#8221;.\u00a0<\/p>\n<\/blockquote>\n<p>A orienta\u00e7\u00e3o \u00e9 evitar exposi\u00e7\u00e3o extrema nos per\u00edodos de maior calor, principalmente entre 11h e 14h. Trabalhadores que exercem atividades f\u00edsicas intensas, como profissionais da constru\u00e7\u00e3o civil, coleta de res\u00edduos e entregadores, est\u00e3o entre os mais expostos. Paulo Isandes, embargador do TRT da oitava regi\u00e3o, fala sobre as adapta\u00e7\u00f5es mediante o atual cen\u00e1rio tamb\u00e9m nas grandes cidades.<\/p>\n<blockquote>\n<p>&#8220;A palavra de ordem \u00e9 adapta\u00e7\u00e3o. Adapta\u00e7\u00e3o do trabalho, adapta\u00e7\u00e3o das empresas e adapta\u00e7\u00e3o das cidades. Precisamos de\u00a0cidades mais arborizadas, cidades que organizem seus hor\u00e1rios para n\u00e3o coincidir com o pior hor\u00e1rio do calor: sa\u00edda de escola, hor\u00e1rio de coleta de lixo&#8230;&#8221;<\/p>\n<\/blockquote>\n<p>Com a previs\u00e3o de eventos clim\u00e1ticos extremos cada vez mais frequentes e intensos, especialistas defendem que empresas e trabalhadores adotem medidas preventivas.<\/p>\n<p>  <span class=\"hms hms-format-m-ss\">1:42<\/span><\/p>\n","protected":false},"excerpt":{"rendered":"<p>As altas temperaturas provocadas pelo fen\u00f4meno El Ni\u00f1o j\u00e1 afetam a rotina dos trabalhadores na Amaz\u00f4nia. Na regi\u00e3o, atividades relacionadas a c\u00e9u aberto e nos hor\u00e1rios de maior calor aumentam os riscos de desidrata\u00e7\u00e3o, estafa t\u00e9rmica e acidentes. Diante desse cen\u00e1rio, a Justi\u00e7a do Trabalho refor\u00e7a a necessidade de medidas de adapta\u00e7\u00e3o clim\u00e1tica nos ambientes [&hellip;]<\/p>\n","protected":false},"author":557,"featured_media":45766,"comment_status":"open","ping_status":"open","sticky":false,"template":"","format":"standard","meta":{"site-sidebar-layout":"default","site-content-layout":"","ast-site-content-layout":"default","site-content-style":"default","site-sidebar-style":"default","ast-global-header-display":"","ast-banner-title-visibility":"","ast-main-header-display":"","ast-hfb-above-header-display":"","ast-hfb-below-header-display":"","ast-hfb-mobile-header-display":"","site-post-title":"","ast-breadcrumbs-content":"","ast-featured-img":"","footer-sml-layout":"","ast-disable-related-posts":"","theme-transparent-header-meta":"","adv-header-id-meta":"","stick-header-meta":"","header-above-stick-meta":"","header-main-stick-meta":"","header-below-stick-meta":"","astra-migrate-meta-layouts":"default","ast-page-background-enabled":"default","ast-page-background-meta":{"desktop":{"background-color":"var(--ast-global-color-4)","background-image":"","background-repeat":"repeat","background-position":"center center","background-size":"auto","background-attachment":"scroll","background-type":"","background-media":"","overlay-type":"","overlay-color":"","overlay-opacity":"","overlay-gradient":""},"tablet":{"background-color":"","background-image":"","background-repeat":"repeat","background-position":"center center","background-size":"auto","background-attachment":"scroll","background-type":"","background-media":"","overlay-type":"","overlay-color":"","overlay-opacity":"","overlay-gradient":""},"mobile":{"background-color":"","background-image":"","background-repeat":"repeat","background-position":"center center","background-size":"auto","background-attachment":"scroll","background-type":"","background-media":"","overlay-type":"","overlay-color":"","overlay-opacity":"","overlay-gradient":""}},"ast-content-background-meta":{"desktop":{"background-color":"var(--ast-global-color-5)","background-image":"","background-repeat":"repeat","background-position":"center center","background-size":"auto","background-attachment":"scroll","background-type":"","background-media":"","overlay-type":"","overlay-color":"","overlay-opacity":"","overlay-gradient":""},"tablet":{"background-color":"var(--ast-global-color-5)","background-image":"","background-repeat":"repeat","background-position":"center center","background-size":"auto","background-attachment":"scroll","background-type":"","background-media":"","overlay-type":"","overlay-color":"","overlay-opacity":"","overlay-gradient":""},"mobile":{"background-color":"var(--ast-global-color-5)","background-image":"","background-repeat":"repeat","background-position":"center center","background-size":"auto","background-attachment":"scroll","background-type":"","background-media":"","overlay-type":"","overlay-color":"","overlay-opacity":"","overlay-gradient":""}},"footnotes":""},"categories":[6],"tags":[],"class_list":["post-45765","post","type-post","status-publish","format-standard","has-post-thumbnail","hentry","category-meio-ambiente-e-sustentabilidade"],"_links":{"self":[{"href":"https:\/\/colunadahora.com.br\/index.php?rest_route=\/wp\/v2\/posts\/45765","targetHints":{"allow":["GET"]}}],"collection":[{"href":"https:\/\/colunadahora.com.br\/index.php?rest_route=\/wp\/v2\/posts"}],"about":[{"href":"https:\/\/colunadahora.com.br\/index.php?rest_route=\/wp\/v2\/types\/post"}],"author":[{"embeddable":true,"href":"https:\/\/colunadahora.com.br\/index.php?rest_route=\/wp\/v2\/users\/557"}],"replies":[{"embeddable":true,"href":"https:\/\/colunadahora.com.br\/index.php?rest_route=%2Fwp%2Fv2%2Fcomments&post=45765"}],"version-history":[{"count":0,"href":"https:\/\/colunadahora.com.br\/index.php?rest_route=\/wp\/v2\/posts\/45765\/revisions"}],"wp:featuredmedia":[{"embeddable":true,"href":"https:\/\/colunadahora.com.br\/index.php?rest_route=\/wp\/v2\/media\/45766"}],"wp:attachment":[{"href":"https:\/\/colunadahora.com.br\/index.php?rest_route=%2Fwp%2Fv2%2Fmedia&parent=45765"}],"wp:term":[{"taxonomy":"category","embeddable":true,"href":"https:\/\/colunadahora.com.br\/index.php?rest_route=%2Fwp%2Fv2%2Fcategories&post=45765"},{"taxonomy":"post_tag","embeddable":true,"href":"https:\/\/colunadahora.com.br\/index.php?rest_route=%2Fwp%2Fv2%2Ftags&post=45765"}],"curies":[{"name":"wp","href":"https:\/\/api.w.org\/{rel}","templated":true}]}}