{"id":45763,"date":"2026-09-01T19:21:14","date_gmt":"2026-09-01T22:21:14","guid":{"rendered":"https:\/\/colunadahora.com.br\/?p=45763"},"modified":"2026-09-01T19:21:14","modified_gmt":"2026-09-01T22:21:14","slug":"ajustes-no-texto-adiam-votacao-da-mp-da-taxa-das-blusinhas","status":"publish","type":"post","link":"https:\/\/colunadahora.com.br\/?p=45763","title":{"rendered":"Ajustes no texto adiam vota\u00e7\u00e3o da MP da &#8220;taxa das blusinhas&#8221;"},"content":{"rendered":"<\/p>\n<p><a class=\"\" href=\"https:\/\/agenciabrasil.ebc.com.br\/politica\/noticia\/2026-09\/ajustes-no-texto-adiam-votacao-da-mp-da-taxa-das-blusinhas\"><br \/>\n                    <img decoding=\"async\" src=\"https:\/\/cdn.jsdelivr.net\/gh\/sergiosdlima\/assets-ebc@1.0.0\/abr\/assets\/images\/logo-agenciabrasil.svg\" alt=\"Logo Ag\u00eancia Brasil\"><br \/>\n\t\t\t\t<\/a><\/p>\n<p><strong>Em busca de acordo sobre ajustes finais no texto, a <a href=\"https:\/\/agenciabrasil.ebc.com.br\/politica\/noticia\/2026-08\/votacao-da-mp-que-zera-taxa-das-blusinhas-e-adiada-para-terca\" target=\"_blank\">comiss\u00e3o mista que analisa a Medida Provis\u00f3ria (MP) 1357\/2026<\/a>, que acaba com a chamada taxa das blusinhas, adiou para quarta-feira (2), \u00e0s 10h, a an\u00e1lise do relat\u00f3rio da senadora Leila do V\u00f4lei (PDT-DF).<\/strong><img decoding=\"async\" src=\"https:\/\/agenciabrasil.ebc.com.br\/ebc.png?id=1701286&#038;o=rss\"><img decoding=\"async\" src=\"https:\/\/agenciabrasil.ebc.com.br\/ebc.gif?id=1701286&#038;o=rss\"><\/p>\n<p><strong>A MP suspende a cobran\u00e7a do imposto federal de importa\u00e7\u00e3o de 20% sobre compras internacionais de at\u00e9 US$ 50 (cerca de R$ 257).<\/strong> O texto perder\u00e1 a validade no dia 8 de setembro, caso n\u00e3o seja votado e aprovado pelo Congresso Nacional, que realiza nesta semana o \u00faltimo esfor\u00e7o concentrado de vota\u00e7\u00f5es legislativas antes das elei\u00e7\u00f5es de outubro. Se for aprovado na comiss\u00e3o mista, a MP ainda precisar\u00e1 passar pelos plen\u00e1rios tanto da C\u00e2mara dos Deputados quanto do Senado.\u00a0<\/p>\n<\/p>\n<h3>Not\u00edcias relacionadas:<\/h3>\n<ul>\n<li><a href=\"https:\/\/agenciabrasil.ebc.com.br\/politica\/noticia\/2026-08\/congresso-vota-nesta-semana-fim-da-escala-6x1-e-taxa-das-blusinhas\">Congresso vota nesta semana fim da escala 6&#215;1 e &#8220;taxa das blusinhas&#8221; .<\/a><\/li>\n<li><a href=\"https:\/\/agenciabrasil.ebc.com.br\/politica\/noticia\/2026-08\/relator-da-ccj-do-senado-vota-favor-da-pec-do-fim-da-escala-6x1\">Relator da CCJ do Senado vota a favor da PEC do fim da escala 6&#215;1.<\/a><\/li>\n<li><a href=\"https:\/\/agenciabrasil.ebc.com.br\/politica\/noticia\/2026-08\/governo-e-congresso-acertam-pautas-para-esforco-concentrado-de-votacao\">Governo e Congresso acertam pautas para esfor\u00e7o concentrado de vota\u00e7\u00e3o.<\/a><\/li>\n<\/ul>\n<p>A medida ainda em vigor mudou regras do Regime de Tributa\u00e7\u00e3o Simplificada e autorizou o ministro da Fazenda a modificar as al\u00edquotas do Imposto de Importa\u00e7\u00e3o,\u00a0podendo reduzi-las a zero na faixa de at\u00e9 US$ 50 e a 30% na faixa de at\u00e9 US$ 3 mil.\u00a0As regras valem para compras feitas em plataformas certificadas pelo Remessa Conforme, programa da Receita Federal em que as taxas s\u00e3o cobradas no ato da compra.<\/p>\n<p>A al\u00edquota zero do imposto federal n\u00e3o elimina os demais tributos. O Imposto sobre Circula\u00e7\u00e3o de Mercadorias e Servi\u00e7os (ICMS), que \u00e9 estadual, continua sendo cobrado. Segundo a Receita Federal, nas compras de at\u00e9 US$ 50 feitas em plataformas certificadas pelo Remessa Conforme, o Imposto de Importa\u00e7\u00e3o \u00e9 de 0%, enquanto o ICMS varia atualmente entre 17% e 20%, dependendo do estado.<\/p>\n<p><em>*Com informa\u00e7\u00f5es da Ag\u00eancia Senado.<\/em><\/p>\n","protected":false},"excerpt":{"rendered":"<p>Em busca de acordo sobre ajustes finais no texto, a comiss\u00e3o mista que analisa a Medida Provis\u00f3ria (MP) 1357\/2026, que acaba com a chamada taxa das blusinhas, adiou para quarta-feira (2), \u00e0s 10h, a an\u00e1lise do relat\u00f3rio da senadora Leila do V\u00f4lei (PDT-DF). A MP suspende a cobran\u00e7a do imposto federal de importa\u00e7\u00e3o de 20% [&hellip;]<\/p>\n","protected":false},"author":1,"featured_media":45764,"comment_status":"open","ping_status":"open","sticky":false,"template":"","format":"standard","meta":{"site-sidebar-layout":"default","site-content-layout":"","ast-site-content-layout":"default","site-content-style":"default","site-sidebar-style":"default","ast-global-header-display":"","ast-banner-title-visibility":"","ast-main-header-display":"","ast-hfb-above-header-display":"","ast-hfb-below-header-display":"","ast-hfb-mobile-header-display":"","site-post-title":"","ast-breadcrumbs-content":"","ast-featured-img":"","footer-sml-layout":"","ast-disable-related-posts":"","theme-transparent-header-meta":"","adv-header-id-meta":"","stick-header-meta":"","header-above-stick-meta":"","header-main-stick-meta":"","header-below-stick-meta":"","astra-migrate-meta-layouts":"default","ast-page-background-enabled":"default","ast-page-background-meta":{"desktop":{"background-color":"var(--ast-global-color-4)","background-image":"","background-repeat":"repeat","background-position":"center center","background-size":"auto","background-attachment":"scroll","background-type":"","background-media":"","overlay-type":"","overlay-color":"","overlay-opacity":"","overlay-gradient":""},"tablet":{"background-color":"","background-image":"","background-repeat":"repeat","background-position":"center center","background-size":"auto","background-attachment":"scroll","background-type":"","background-media":"","overlay-type":"","overlay-color":"","overlay-opacity":"","overlay-gradient":""},"mobile":{"background-color":"","background-image":"","background-repeat":"repeat","background-position":"center center","background-size":"auto","background-attachment":"scroll","background-type":"","background-media":"","overlay-type":"","overlay-color":"","overlay-opacity":"","overlay-gradient":""}},"ast-content-background-meta":{"desktop":{"background-color":"var(--ast-global-color-5)","background-image":"","background-repeat":"repeat","background-position":"center center","background-size":"auto","background-attachment":"scroll","background-type":"","background-media":"","overlay-type":"","overlay-color":"","overlay-opacity":"","overlay-gradient":""},"tablet":{"background-color":"var(--ast-global-color-5)","background-image":"","background-repeat":"repeat","background-position":"center center","background-size":"auto","background-attachment":"scroll","background-type":"","background-media":"","overlay-type":"","overlay-color":"","overlay-opacity":"","overlay-gradient":""},"mobile":{"background-color":"var(--ast-global-color-5)","background-image":"","background-repeat":"repeat","background-position":"center center","background-size":"auto","background-attachment":"scroll","background-type":"","background-media":"","overlay-type":"","overlay-color":"","overlay-opacity":"","overlay-gradient":""}},"footnotes":""},"categories":[4],"tags":[],"class_list":["post-45763","post","type-post","status-publish","format-standard","has-post-thumbnail","hentry","category-politica"],"_links":{"self":[{"href":"https:\/\/colunadahora.com.br\/index.php?rest_route=\/wp\/v2\/posts\/45763","targetHints":{"allow":["GET"]}}],"collection":[{"href":"https:\/\/colunadahora.com.br\/index.php?rest_route=\/wp\/v2\/posts"}],"about":[{"href":"https:\/\/colunadahora.com.br\/index.php?rest_route=\/wp\/v2\/types\/post"}],"author":[{"embeddable":true,"href":"https:\/\/colunadahora.com.br\/index.php?rest_route=\/wp\/v2\/users\/1"}],"replies":[{"embeddable":true,"href":"https:\/\/colunadahora.com.br\/index.php?rest_route=%2Fwp%2Fv2%2Fcomments&post=45763"}],"version-history":[{"count":0,"href":"https:\/\/colunadahora.com.br\/index.php?rest_route=\/wp\/v2\/posts\/45763\/revisions"}],"wp:featuredmedia":[{"embeddable":true,"href":"https:\/\/colunadahora.com.br\/index.php?rest_route=\/wp\/v2\/media\/45764"}],"wp:attachment":[{"href":"https:\/\/colunadahora.com.br\/index.php?rest_route=%2Fwp%2Fv2%2Fmedia&parent=45763"}],"wp:term":[{"taxonomy":"category","embeddable":true,"href":"https:\/\/colunadahora.com.br\/index.php?rest_route=%2Fwp%2Fv2%2Fcategories&post=45763"},{"taxonomy":"post_tag","embeddable":true,"href":"https:\/\/colunadahora.com.br\/index.php?rest_route=%2Fwp%2Fv2%2Ftags&post=45763"}],"curies":[{"name":"wp","href":"https:\/\/api.w.org\/{rel}","templated":true}]}}