{"id":45759,"date":"2026-09-01T18:19:31","date_gmt":"2026-09-01T21:19:31","guid":{"rendered":"https:\/\/colunadahora.com.br\/?p=45759"},"modified":"2026-09-01T18:19:31","modified_gmt":"2026-09-01T21:19:31","slug":"dias-toffoli-libera-campanha-de-renan-santos-pela-internet","status":"publish","type":"post","link":"https:\/\/colunadahora.com.br\/?p=45759","title":{"rendered":"Dias Toffoli libera campanha de Renan Santos pela internet"},"content":{"rendered":"<\/p>\n<p><a class=\"\" href=\"https:\/\/agenciabrasil.ebc.com.br\/justica\/noticia\/2026-09\/dias-toffoli-libera-campanha-de-renan-santos-pela-internet\"><br \/>\n                    <img decoding=\"async\" src=\"https:\/\/cdn.jsdelivr.net\/gh\/sergiosdlima\/assets-ebc@1.0.0\/abr\/assets\/images\/logo-agenciabrasil.svg\" alt=\"Logo Ag\u00eancia Brasil\"><br \/>\n\t\t\t\t<\/a><\/p>\n<p><strong>O ministro do Tribunal Superior Eleitoral (TSE) Dias Toffoli liberou a propaganda eleitoral do candidato \u00e0 presid\u00eancia da Rep\u00fablica Renan Santos (Miss\u00e3o) na internet. <\/strong><img decoding=\"async\" src=\"https:\/\/agenciabrasil.ebc.com.br\/ebc.png?id=1701279&#038;o=rss\"><img decoding=\"async\" src=\"https:\/\/agenciabrasil.ebc.com.br\/ebc.gif?id=1701279&#038;o=rss\"><\/p>\n<p><strong>Toffoli <a href=\"https:\/\/agenciabrasil.ebc.com.br\/justica\/noticia\/2026-08\/toffoli-suspende-propaganda-de-renan-santos-na-internet\">havia determinado a suspens\u00e3o da campanha <\/a>em ambiente digital nessa segunda-feira (31), sob alega\u00e7\u00e3o de que o partido n\u00e3o havia informado quais eram os perfis de propaganda de Renan Santos nas redes sociais.<\/strong><\/p>\n<\/p>\n<h3>Not\u00edcias relacionadas:<\/h3>\n<ul>\n<li><a href=\"https:\/\/agenciabrasil.ebc.com.br\/politica\/noticia\/2026-08\/renan-santos-diz-que-vai-pedir-liminar-contra-suspensao-de-candidatura\">Renan Santos diz que vai pedir liminar contra suspens\u00e3o de candidatura.<\/a><\/li>\n<\/ul>\n<p>Em decis\u00e3o divulgada na tarde desta ter\u00e7a-feira (1\u00ba), o ministro do TSE afirmou que as provid\u00eancias solicitadas ao Miss\u00e3o foram \u201cparcialmente atendidas\u201d e liberou a propaganda do candidato. Tamb\u00e9m havia sido suspenso o repasse de recursos do Fundo Especial de Financiamento de Campanha (FEFC), agora tamb\u00e9m reestabelecido.<\/p>\n<p>A participa\u00e7\u00e3o de Renan Santos em debates, que tamb\u00e9m havia sido suspensa, foi liberada.<\/p>\n<p>Toffoli deu prazo de 72 horas para que o candidato informe a data de cria\u00e7\u00e3o de cada perfil em rede social e quando se deu o in\u00edcio de sua utiliza\u00e7\u00e3o para fins de propaganda eleitoral.\u00a0<\/p>\n<p>Ele tamb\u00e9m deve informar se existem outros sites na internet, grupos em aplicativos de mensagens ou perfis em rede social voltados para a mesma finalidade.<\/p>\n<p><strong>O n\u00e3o cumprimento do prazo pode acarretar em indeferimento do registro da candidatura.<\/strong><\/p>\n<p>De acordo com a Lei das Elei\u00e7\u00f5es, partidos e candidatos devem informar \u00e0 Justi\u00e7a Eleitoral os endere\u00e7os eletr\u00f4nicos que ser\u00e3o usados na campanha, incluindo blogs e redes sociais.<\/p>\n<p>Mais cedo, em S\u00e3o Paulo, o candidato criticou a suspens\u00e3o de uso de redes sociais, alegando que a decis\u00e3o foi motivada pelas cr\u00edticas feitas por ele e pelo MBL, movimento que lidera, a Dias Toffoli, por seu envolvimento com Daniel Vorcaro no caso Master.<br \/>\n\u00a0<\/p>\n<p><em>*Colaborou Guilherme Jeronymo, de S\u00e3o Paulo<\/em><\/p>\n","protected":false},"excerpt":{"rendered":"<p>O ministro do Tribunal Superior Eleitoral (TSE) Dias Toffoli liberou a propaganda eleitoral do candidato \u00e0 presid\u00eancia da Rep\u00fablica Renan Santos (Miss\u00e3o) na internet. Toffoli havia determinado a suspens\u00e3o da campanha em ambiente digital nessa segunda-feira (31), sob alega\u00e7\u00e3o de que o partido n\u00e3o havia informado quais eram os perfis de propaganda de Renan Santos [&hellip;]<\/p>\n","protected":false},"author":1,"featured_media":45760,"comment_status":"open","ping_status":"open","sticky":false,"template":"","format":"standard","meta":{"site-sidebar-layout":"default","site-content-layout":"","ast-site-content-layout":"default","site-content-style":"default","site-sidebar-style":"default","ast-global-header-display":"","ast-banner-title-visibility":"","ast-main-header-display":"","ast-hfb-above-header-display":"","ast-hfb-below-header-display":"","ast-hfb-mobile-header-display":"","site-post-title":"","ast-breadcrumbs-content":"","ast-featured-img":"","footer-sml-layout":"","ast-disable-related-posts":"","theme-transparent-header-meta":"","adv-header-id-meta":"","stick-header-meta":"","header-above-stick-meta":"","header-main-stick-meta":"","header-below-stick-meta":"","astra-migrate-meta-layouts":"default","ast-page-background-enabled":"default","ast-page-background-meta":{"desktop":{"background-color":"var(--ast-global-color-4)","background-image":"","background-repeat":"repeat","background-position":"center center","background-size":"auto","background-attachment":"scroll","background-type":"","background-media":"","overlay-type":"","overlay-color":"","overlay-opacity":"","overlay-gradient":""},"tablet":{"background-color":"","background-image":"","background-repeat":"repeat","background-position":"center center","background-size":"auto","background-attachment":"scroll","background-type":"","background-media":"","overlay-type":"","overlay-color":"","overlay-opacity":"","overlay-gradient":""},"mobile":{"background-color":"","background-image":"","background-repeat":"repeat","background-position":"center center","background-size":"auto","background-attachment":"scroll","background-type":"","background-media":"","overlay-type":"","overlay-color":"","overlay-opacity":"","overlay-gradient":""}},"ast-content-background-meta":{"desktop":{"background-color":"var(--ast-global-color-5)","background-image":"","background-repeat":"repeat","background-position":"center center","background-size":"auto","background-attachment":"scroll","background-type":"","background-media":"","overlay-type":"","overlay-color":"","overlay-opacity":"","overlay-gradient":""},"tablet":{"background-color":"var(--ast-global-color-5)","background-image":"","background-repeat":"repeat","background-position":"center center","background-size":"auto","background-attachment":"scroll","background-type":"","background-media":"","overlay-type":"","overlay-color":"","overlay-opacity":"","overlay-gradient":""},"mobile":{"background-color":"var(--ast-global-color-5)","background-image":"","background-repeat":"repeat","background-position":"center center","background-size":"auto","background-attachment":"scroll","background-type":"","background-media":"","overlay-type":"","overlay-color":"","overlay-opacity":"","overlay-gradient":""}},"footnotes":""},"categories":[3],"tags":[],"class_list":["post-45759","post","type-post","status-publish","format-standard","has-post-thumbnail","hentry","category-seguranca-e-justica"],"_links":{"self":[{"href":"https:\/\/colunadahora.com.br\/index.php?rest_route=\/wp\/v2\/posts\/45759","targetHints":{"allow":["GET"]}}],"collection":[{"href":"https:\/\/colunadahora.com.br\/index.php?rest_route=\/wp\/v2\/posts"}],"about":[{"href":"https:\/\/colunadahora.com.br\/index.php?rest_route=\/wp\/v2\/types\/post"}],"author":[{"embeddable":true,"href":"https:\/\/colunadahora.com.br\/index.php?rest_route=\/wp\/v2\/users\/1"}],"replies":[{"embeddable":true,"href":"https:\/\/colunadahora.com.br\/index.php?rest_route=%2Fwp%2Fv2%2Fcomments&post=45759"}],"version-history":[{"count":0,"href":"https:\/\/colunadahora.com.br\/index.php?rest_route=\/wp\/v2\/posts\/45759\/revisions"}],"wp:featuredmedia":[{"embeddable":true,"href":"https:\/\/colunadahora.com.br\/index.php?rest_route=\/wp\/v2\/media\/45760"}],"wp:attachment":[{"href":"https:\/\/colunadahora.com.br\/index.php?rest_route=%2Fwp%2Fv2%2Fmedia&parent=45759"}],"wp:term":[{"taxonomy":"category","embeddable":true,"href":"https:\/\/colunadahora.com.br\/index.php?rest_route=%2Fwp%2Fv2%2Fcategories&post=45759"},{"taxonomy":"post_tag","embeddable":true,"href":"https:\/\/colunadahora.com.br\/index.php?rest_route=%2Fwp%2Fv2%2Ftags&post=45759"}],"curies":[{"name":"wp","href":"https:\/\/api.w.org\/{rel}","templated":true}]}}