{"id":45755,"date":"2026-09-01T18:18:31","date_gmt":"2026-09-01T21:18:31","guid":{"rendered":"https:\/\/colunadahora.com.br\/?p=45755"},"modified":"2026-09-01T18:18:31","modified_gmt":"2026-09-01T21:18:31","slug":"orcamento-de-2027-preve-r-1338-bilhoes-em-investimentos","status":"publish","type":"post","link":"https:\/\/colunadahora.com.br\/?p=45755","title":{"rendered":"Or\u00e7amento de 2027 prev\u00ea R$ 133,8 bilh\u00f5es em investimentos"},"content":{"rendered":"<\/p>\n<p><a class=\"\" href=\"https:\/\/agenciabrasil.ebc.com.br\/economia\/noticia\/2026-09\/orcamento-de-2027-preve-r-1338-bilhoes-em-investimentos\"><br \/>\n                    <img decoding=\"async\" src=\"https:\/\/cdn.jsdelivr.net\/gh\/sergiosdlima\/assets-ebc@1.0.0\/abr\/assets\/images\/logo-agenciabrasil.svg\" alt=\"Logo Ag\u00eancia Brasil\"><br \/>\n\t\t\t\t<\/a><\/p>\n<p><strong>A equipe econ\u00f4mica prev\u00ea R$ 133,8 bilh\u00f5es em investimentos no Or\u00e7amento de 2027, segundo o projeto da <a href=\"http:\/\/agenciabrasil.ebc.com.br\/economia\/noticia\/2026-08\/orcamento-de-2027-tem-estimativa-de-superavit-de-r-834-bilhoes\">Lei Or\u00e7ament\u00e1ria Anual (PLOA) <\/a>enviado nesta segunda-feira (31) ao Congresso Nacional. O valor representa aumento em rela\u00e7\u00e3o aos R$ 110,8 bilh\u00f5es previstos no Or\u00e7amento de 2026.<\/strong><img decoding=\"async\" src=\"https:\/\/agenciabrasil.ebc.com.br\/ebc.png?id=1701276&#038;o=rss\"><img decoding=\"async\" src=\"https:\/\/agenciabrasil.ebc.com.br\/ebc.gif?id=1701276&#038;o=rss\"><\/p>\n<p><strong>A proposta amplia os recursos destinados a obras de infraestrutura, aquisi\u00e7\u00e3o de equipamentos, habita\u00e7\u00e3o e projetos considerados priorit\u00e1rios pela equipe econ\u00f4mica.<\/strong> Os investimentos fazem parte das despesas discricion\u00e1rias, que n\u00e3o t\u00eam execu\u00e7\u00e3o obrigat\u00f3ria e podem ser ajustadas pelo governo ao longo do ano.<\/p>\n<\/p>\n<h3>Not\u00edcias relacionadas:<\/h3>\n<ul>\n<li><a href=\"https:\/\/agenciabrasil.ebc.com.br\/economia\/noticia\/2026-08\/orcamento-de-2027-limita-reajuste-real-de-servidores-publicos\">Or\u00e7amento de 2027 limita reajuste real de servidores p\u00fablicos.<\/a><\/li>\n<\/ul>\n<p>Do total previsto para 2027, R$ 87,9 bilh\u00f5es correspondem a despesas prim\u00e1rias e R$ 45,9 bilh\u00f5es a invers\u00f5es financeiras, que incluem opera\u00e7\u00f5es como subs\u00eddios destinados a programas habitacionais.<\/p>\n<p>O arcabou\u00e7o fiscal determina piso de R$ 88,7 bilh\u00f5es para os investimentos no pr\u00f3ximo ano, equivalente a 0,6% do Produto Interno Bruto (PIB, soma das riquezas produzidas no pa\u00eds). Dessa forma, o total de investimentos p\u00fablicos previstos para 2027 est\u00e1 R$ 45,1 bilh\u00f5es acima do limite m\u00ednimo.<\/p>\n<h2>Principais n\u00fameros<\/h2>\n<ul>\n<li>R$ 133,8 bilh\u00f5es: investimentos totais previstos para 2027;<\/li>\n<li>R$ 87,9 bilh\u00f5es: despesas prim\u00e1rias de investimento;<\/li>\n<li>R$ 45,9 bilh\u00f5es: invers\u00f5es financeiras;<\/li>\n<li>R$ 61,5 bilh\u00f5es: previs\u00e3o de investimentos no Novo Programa de Acelera\u00e7\u00e3o do Crescimento (Novo PAC);<\/li>\n<li>R$ 110,8 bilh\u00f5es: investimentos previstos no Or\u00e7amento de 2026;<\/li>\n<li>R$ 88,7 bilh\u00f5es: piso de investimentos previsto para 2027.<\/li>\n<\/ul>\n<p>O ministro do Planejamento e Or\u00e7amento, Bruno Moretti, destacou que a capacidade de investimento do governo aumentou na proposta, embora ainda esteja abaixo do necess\u00e1rio para sustentar um crescimento mais acelerado da economia.<\/p>\n<blockquote>\n<p>\u201cMesmo quando considera s\u00f3 investimento prim\u00e1rio, ampliamos nossa capacidade [de investimento no PLOA]. \u00c9 um espa\u00e7o que ainda precisa crescer, porque aumenta nossa capacidade produtiva\u201d, disse.<\/p>\n<\/blockquote>\n<h2>Recursos para o PAC<\/h2>\n<p><strong>O Novo Programa de Acelera\u00e7\u00e3o do Crescimento (PAC) dever\u00e1 concentrar R$ 61,5 bilh\u00f5es em investimentos em 2027. O montante considera tanto despesas prim\u00e1rias quanto financeiras.<\/strong><\/p>\n<p>Os recursos poder\u00e3o financiar projetos de infraestrutura e expans\u00e3o da capacidade produtiva, incluindo obras de transporte, energia, habita\u00e7\u00e3o e outras \u00e1reas consideradas estrat\u00e9gicas pelo governo.<\/p>\n<p>O texto reserva as seguintes verbas para alguns programas do Novo PAC:<\/p>\n<ul>\n<li>R$ 8,25 bilh\u00f5es para o Minha Casa, Minha Vida;<\/li>\n<li>R$ 1,19 bilh\u00e3o para transporte coletivo urbano;<\/li>\n<li>R$ 667,2 milh\u00f5es para drenagem e preven\u00e7\u00e3o de inunda\u00e7\u00f5es.<\/li>\n<\/ul>\n<p>Segundo Moretti, o aumento dos investimentos foi poss\u00edvel em parte pelo controle do crescimento das despesas obrigat\u00f3rias e pela aplica\u00e7\u00e3o dos mecanismos de conten\u00e7\u00e3o previstos na legisla\u00e7\u00e3o fiscal.<\/p>\n<h2>Despesas obrigat\u00f3rias<\/h2>\n<p>A proposta tamb\u00e9m prev\u00ea redu\u00e7\u00e3o da participa\u00e7\u00e3o das despesas obrigat\u00f3rias na economia. Segundo o governo, elas devem passar de 17,5% para 17,3% do Produto Interno Bruto (PIB).<\/p>\n<p>A propor\u00e7\u00e3o dos gastos obrigat\u00f3rios em rela\u00e7\u00e3o \u00e0 despesa prim\u00e1ria total tamb\u00e9m recua, de 92,4% para 91,7% do PIB.<\/p>\n<p><strong>Entre as principais redu\u00e7\u00f5es previstas est\u00e3o:<\/strong><\/p>\n<ul>\n<li>Pessoal: queda de 0,1 ponto percentual do PIB;<\/li>\n<li>Benef\u00edcios previdenci\u00e1rios: queda de 0,1 ponto;<\/li>\n<li>Despesas obrigat\u00f3rias com controle de fluxo: queda de 0,1 ponto;<\/li>\n<li>Senten\u00e7as judiciais: queda de 0,1 ponto.<\/li>\n<\/ul>\n<p>Em contrapartida, o Or\u00e7amento incorpora uma despesa equivalente a 0,2 ponto percentual do PIB para o novo Fundo de Compensa\u00e7\u00e3o a Estados e Munic\u00edpios, criado pela reforma tribut\u00e1ria.<\/p>\n<h2>Limite fiscal<\/h2>\n<p>O aumento dos investimentos ocorre dentro das regras do arcabou\u00e7o fiscal. A legisla\u00e7\u00e3o permite crescimento anual das despesas de at\u00e9 2,5% acima da infla\u00e7\u00e3o, condicionado ao comportamento das receitas p\u00fablicas.<\/p>\n<p>As despesas discricion\u00e1rias, por serem mais flex\u00edveis, s\u00e3o uma das principais \u00e1reas utilizadas pelo governo para acomodar investimentos e, ao mesmo tempo, cumprir as metas fiscais.<\/p>\n<p>Para Moretti, apesar do crescimento previsto no PLOA 2027, o volume de investimentos ainda \u00e9 insuficiente diante das necessidades de infraestrutura e expans\u00e3o da capacidade produtiva do pa\u00eds.<\/p>\n","protected":false},"excerpt":{"rendered":"<p>A equipe econ\u00f4mica prev\u00ea R$ 133,8 bilh\u00f5es em investimentos no Or\u00e7amento de 2027, segundo o projeto da Lei Or\u00e7ament\u00e1ria Anual (PLOA) enviado nesta segunda-feira (31) ao Congresso Nacional. O valor representa aumento em rela\u00e7\u00e3o aos R$ 110,8 bilh\u00f5es previstos no Or\u00e7amento de 2026. A proposta amplia os recursos destinados a obras de infraestrutura, aquisi\u00e7\u00e3o de [&hellip;]<\/p>\n","protected":false},"author":1,"featured_media":45756,"comment_status":"open","ping_status":"open","sticky":false,"template":"","format":"standard","meta":{"site-sidebar-layout":"default","site-content-layout":"","ast-site-content-layout":"default","site-content-style":"default","site-sidebar-style":"default","ast-global-header-display":"","ast-banner-title-visibility":"","ast-main-header-display":"","ast-hfb-above-header-display":"","ast-hfb-below-header-display":"","ast-hfb-mobile-header-display":"","site-post-title":"","ast-breadcrumbs-content":"","ast-featured-img":"","footer-sml-layout":"","ast-disable-related-posts":"","theme-transparent-header-meta":"","adv-header-id-meta":"","stick-header-meta":"","header-above-stick-meta":"","header-main-stick-meta":"","header-below-stick-meta":"","astra-migrate-meta-layouts":"default","ast-page-background-enabled":"default","ast-page-background-meta":{"desktop":{"background-color":"var(--ast-global-color-4)","background-image":"","background-repeat":"repeat","background-position":"center center","background-size":"auto","background-attachment":"scroll","background-type":"","background-media":"","overlay-type":"","overlay-color":"","overlay-opacity":"","overlay-gradient":""},"tablet":{"background-color":"","background-image":"","background-repeat":"repeat","background-position":"center center","background-size":"auto","background-attachment":"scroll","background-type":"","background-media":"","overlay-type":"","overlay-color":"","overlay-opacity":"","overlay-gradient":""},"mobile":{"background-color":"","background-image":"","background-repeat":"repeat","background-position":"center center","background-size":"auto","background-attachment":"scroll","background-type":"","background-media":"","overlay-type":"","overlay-color":"","overlay-opacity":"","overlay-gradient":""}},"ast-content-background-meta":{"desktop":{"background-color":"var(--ast-global-color-5)","background-image":"","background-repeat":"repeat","background-position":"center center","background-size":"auto","background-attachment":"scroll","background-type":"","background-media":"","overlay-type":"","overlay-color":"","overlay-opacity":"","overlay-gradient":""},"tablet":{"background-color":"var(--ast-global-color-5)","background-image":"","background-repeat":"repeat","background-position":"center center","background-size":"auto","background-attachment":"scroll","background-type":"","background-media":"","overlay-type":"","overlay-color":"","overlay-opacity":"","overlay-gradient":""},"mobile":{"background-color":"var(--ast-global-color-5)","background-image":"","background-repeat":"repeat","background-position":"center center","background-size":"auto","background-attachment":"scroll","background-type":"","background-media":"","overlay-type":"","overlay-color":"","overlay-opacity":"","overlay-gradient":""}},"footnotes":""},"categories":[37],"tags":[],"class_list":["post-45755","post","type-post","status-publish","format-standard","has-post-thumbnail","hentry","category-economia-e-negocios"],"_links":{"self":[{"href":"https:\/\/colunadahora.com.br\/index.php?rest_route=\/wp\/v2\/posts\/45755","targetHints":{"allow":["GET"]}}],"collection":[{"href":"https:\/\/colunadahora.com.br\/index.php?rest_route=\/wp\/v2\/posts"}],"about":[{"href":"https:\/\/colunadahora.com.br\/index.php?rest_route=\/wp\/v2\/types\/post"}],"author":[{"embeddable":true,"href":"https:\/\/colunadahora.com.br\/index.php?rest_route=\/wp\/v2\/users\/1"}],"replies":[{"embeddable":true,"href":"https:\/\/colunadahora.com.br\/index.php?rest_route=%2Fwp%2Fv2%2Fcomments&post=45755"}],"version-history":[{"count":0,"href":"https:\/\/colunadahora.com.br\/index.php?rest_route=\/wp\/v2\/posts\/45755\/revisions"}],"wp:featuredmedia":[{"embeddable":true,"href":"https:\/\/colunadahora.com.br\/index.php?rest_route=\/wp\/v2\/media\/45756"}],"wp:attachment":[{"href":"https:\/\/colunadahora.com.br\/index.php?rest_route=%2Fwp%2Fv2%2Fmedia&parent=45755"}],"wp:term":[{"taxonomy":"category","embeddable":true,"href":"https:\/\/colunadahora.com.br\/index.php?rest_route=%2Fwp%2Fv2%2Fcategories&post=45755"},{"taxonomy":"post_tag","embeddable":true,"href":"https:\/\/colunadahora.com.br\/index.php?rest_route=%2Fwp%2Fv2%2Ftags&post=45755"}],"curies":[{"name":"wp","href":"https:\/\/api.w.org\/{rel}","templated":true}]}}