{"id":45753,"date":"2026-09-01T17:19:17","date_gmt":"2026-09-01T20:19:17","guid":{"rendered":"https:\/\/colunadahora.com.br\/?p=45753"},"modified":"2026-09-01T17:19:17","modified_gmt":"2026-09-01T20:19:17","slug":"mendonca-quer-levar-ao-plenario-dialogos-atribuidos-a-vorcaro-e-moraes","status":"publish","type":"post","link":"https:\/\/colunadahora.com.br\/?p=45753","title":{"rendered":"Mendon\u00e7a quer levar ao plen\u00e1rio di\u00e1logos atribu\u00eddos a Vorcaro e Moraes"},"content":{"rendered":"<\/p>\n<p><a class=\"\" href=\"https:\/\/agenciabrasil.ebc.com.br\/justica\/noticia\/2026-09\/mendonca-que-levar-ao-plenario-conversas-atribuidas-vorcaro-e-moraes\"><br \/>\n                    <img decoding=\"async\" src=\"https:\/\/cdn.jsdelivr.net\/gh\/sergiosdlima\/assets-ebc@1.0.0\/abr\/assets\/images\/logo-agenciabrasil.svg\" alt=\"Logo Ag\u00eancia Brasil\"><br \/>\n\t\t\t\t<\/a><\/p>\n<p><strong>O ministro Andr\u00e9 Mendon\u00e7a, do Supremo Tribunal Federal (STF), defendeu nesta ter\u00e7a-feira (1\u00b0) que as novas conversas atribu\u00eddas ao ex-banqueiro Daniel Vorcaro e o ministro Alexandre de Moraes sejam analisadas pelo plen\u00e1rio da Corte.<\/strong><img decoding=\"async\" src=\"https:\/\/agenciabrasil.ebc.com.br\/ebc.png?id=1701271&#038;o=rss\"><img decoding=\"async\" src=\"https:\/\/agenciabrasil.ebc.com.br\/ebc.gif?id=1701271&#038;o=rss\"><\/p>\n<p>A sinaliza\u00e7\u00e3o do ministro ocorreu no <a href=\"http:\/\/https\/\/agenciabrasil.ebc.com.br\/justica\/noticia\/2026-09\/pgr-deve-se-manifestar-sobre-supostas-conversas-entre-vorcaro-e-moraes\" target=\"_blank\">despacho <\/a>no qual Mendon\u00e7a retirou o sigilo de di\u00e1logos in\u00e9ditos at\u00e9 ent\u00e3o.\u00a0<\/p>\n<\/p>\n<h3>Not\u00edcias relacionadas:<\/h3>\n<ul>\n<li><a href=\"https:\/\/agenciabrasil.ebc.com.br\/justica\/noticia\/2026-08\/vorcaro-presta-depoimento-de-quatro-horas-policia-federal\">Vorcaro presta depoimento de quatro horas \u00e0 Pol\u00edcia Federal.<\/a><\/li>\n<li><a href=\"https:\/\/agenciabrasil.ebc.com.br\/justica\/noticia\/2026-08\/dino-autoriza-pf-acessar-investigacao-sobre-produtora-do-dark-horse\">Dino autoriza PF a acessar investiga\u00e7\u00e3o sobre produtora do Dark Horse.<\/a><\/li>\n<li><a href=\"https:\/\/agenciabrasil.ebc.com.br\/justica\/noticia\/2026-06\/mendonca-vai-comandar-apuracao-sobre-dinheiro-de-vorcaro-em-dark-horse\">Mendon\u00e7a vai comandar apura\u00e7\u00e3o sobre dinheiro de Vorcaro em Dark Horse.<\/a><\/li>\n<\/ul>\n<p>As conversas mostram cita\u00e7\u00f5es aos nomes de Moraes e do procurador-geral da Rep\u00fablica, Paulo Gonet, e foram extra\u00eddas a partir da quebra de sigilo do celular do ex-banqueiro, que \u00e9 alvo das investiga\u00e7\u00f5es da Opera\u00e7\u00e3o Compliance Zero. A apura\u00e7\u00e3o investiga fraudes financeiras no Banco Master.<\/p>\n<p>Segundo Mendon\u00e7a, que \u00e9 relator do caso, o plen\u00e1rio da Corte \u00e9 a &#8220;inst\u00e2ncia soberana&#8221; para analisar o caso.<\/p>\n<blockquote>\n<p>&#8220;O caminho inevit\u00e1vel dos presentes autos leva ao plen\u00e1rio deste Supremo Tribunal Federal, inst\u00e2ncia soberana para analisar, de modo t\u00e9cnico estritamente jur\u00eddico, os novos elementos trazidos pela autoridade policial&#8221;, afirmou o ministro.<\/p>\n<\/blockquote>\n<p>O ministro tamb\u00e9m defendeu que sess\u00e3o ocorra de forma &#8220;p\u00fablica e transparente&#8221;.<\/p>\n<p>&#8220;A aludida delibera\u00e7\u00e3o, pelo plen\u00e1rio da Corte, dever\u00e1 ocorrer de forma p\u00fablica e transparente, em sess\u00e3o presencial do colegiado&#8221;, completou.<\/p>\n<p><strong>A decis\u00e3o de colocar a quest\u00e3o em pauta cabe ao presidente do STF, ministro Edson Fachin, respons\u00e1vel regimentalmente pela organiza\u00e7\u00e3o da pauta.<\/strong><\/p>\n<p>Com a eventual delibera\u00e7\u00e3o, a Corte poder\u00e1 analisar se Moraes pode ser investigado a partir das conversas.\u00a0 No in\u00edcio deste ano, surgiram as primeiras mensagens que teriam sido trocadas entre Vorcaro e Moraes. O escrit\u00f3rio da mulher de Moraes, <a href=\"https:\/\/agenciabrasil.ebc.com.br\/justica\/noticia\/2026-03\/escritorio-ligado-familia-de-moraes-afirma-que-nao-atuou-no-stf\" target=\"_blank\">Viviane Barci de Moraes<\/a>, mantinha contratos com o Banco Master.\u00a0<\/p>\n<p>Na ocasi\u00e3o, o ministro negou ter mantido conversas com o ex-banqueiro.\u00a0<\/p>\n<p>\u00a0<\/p>\n","protected":false},"excerpt":{"rendered":"<p>O ministro Andr\u00e9 Mendon\u00e7a, do Supremo Tribunal Federal (STF), defendeu nesta ter\u00e7a-feira (1\u00b0) que as novas conversas atribu\u00eddas ao ex-banqueiro Daniel Vorcaro e o ministro Alexandre de Moraes sejam analisadas pelo plen\u00e1rio da Corte. A sinaliza\u00e7\u00e3o do ministro ocorreu no despacho no qual Mendon\u00e7a retirou o sigilo de di\u00e1logos in\u00e9ditos at\u00e9 ent\u00e3o.\u00a0 Not\u00edcias relacionadas: Vorcaro [&hellip;]<\/p>\n","protected":false},"author":45,"featured_media":45754,"comment_status":"open","ping_status":"open","sticky":false,"template":"","format":"standard","meta":{"site-sidebar-layout":"default","site-content-layout":"","ast-site-content-layout":"default","site-content-style":"default","site-sidebar-style":"default","ast-global-header-display":"","ast-banner-title-visibility":"","ast-main-header-display":"","ast-hfb-above-header-display":"","ast-hfb-below-header-display":"","ast-hfb-mobile-header-display":"","site-post-title":"","ast-breadcrumbs-content":"","ast-featured-img":"","footer-sml-layout":"","ast-disable-related-posts":"","theme-transparent-header-meta":"","adv-header-id-meta":"","stick-header-meta":"","header-above-stick-meta":"","header-main-stick-meta":"","header-below-stick-meta":"","astra-migrate-meta-layouts":"default","ast-page-background-enabled":"default","ast-page-background-meta":{"desktop":{"background-color":"var(--ast-global-color-4)","background-image":"","background-repeat":"repeat","background-position":"center center","background-size":"auto","background-attachment":"scroll","background-type":"","background-media":"","overlay-type":"","overlay-color":"","overlay-opacity":"","overlay-gradient":""},"tablet":{"background-color":"","background-image":"","background-repeat":"repeat","background-position":"center center","background-size":"auto","background-attachment":"scroll","background-type":"","background-media":"","overlay-type":"","overlay-color":"","overlay-opacity":"","overlay-gradient":""},"mobile":{"background-color":"","background-image":"","background-repeat":"repeat","background-position":"center center","background-size":"auto","background-attachment":"scroll","background-type":"","background-media":"","overlay-type":"","overlay-color":"","overlay-opacity":"","overlay-gradient":""}},"ast-content-background-meta":{"desktop":{"background-color":"var(--ast-global-color-5)","background-image":"","background-repeat":"repeat","background-position":"center center","background-size":"auto","background-attachment":"scroll","background-type":"","background-media":"","overlay-type":"","overlay-color":"","overlay-opacity":"","overlay-gradient":""},"tablet":{"background-color":"var(--ast-global-color-5)","background-image":"","background-repeat":"repeat","background-position":"center center","background-size":"auto","background-attachment":"scroll","background-type":"","background-media":"","overlay-type":"","overlay-color":"","overlay-opacity":"","overlay-gradient":""},"mobile":{"background-color":"var(--ast-global-color-5)","background-image":"","background-repeat":"repeat","background-position":"center center","background-size":"auto","background-attachment":"scroll","background-type":"","background-media":"","overlay-type":"","overlay-color":"","overlay-opacity":"","overlay-gradient":""}},"footnotes":""},"categories":[3],"tags":[],"class_list":["post-45753","post","type-post","status-publish","format-standard","has-post-thumbnail","hentry","category-seguranca-e-justica"],"_links":{"self":[{"href":"https:\/\/colunadahora.com.br\/index.php?rest_route=\/wp\/v2\/posts\/45753","targetHints":{"allow":["GET"]}}],"collection":[{"href":"https:\/\/colunadahora.com.br\/index.php?rest_route=\/wp\/v2\/posts"}],"about":[{"href":"https:\/\/colunadahora.com.br\/index.php?rest_route=\/wp\/v2\/types\/post"}],"author":[{"embeddable":true,"href":"https:\/\/colunadahora.com.br\/index.php?rest_route=\/wp\/v2\/users\/45"}],"replies":[{"embeddable":true,"href":"https:\/\/colunadahora.com.br\/index.php?rest_route=%2Fwp%2Fv2%2Fcomments&post=45753"}],"version-history":[{"count":0,"href":"https:\/\/colunadahora.com.br\/index.php?rest_route=\/wp\/v2\/posts\/45753\/revisions"}],"wp:featuredmedia":[{"embeddable":true,"href":"https:\/\/colunadahora.com.br\/index.php?rest_route=\/wp\/v2\/media\/45754"}],"wp:attachment":[{"href":"https:\/\/colunadahora.com.br\/index.php?rest_route=%2Fwp%2Fv2%2Fmedia&parent=45753"}],"wp:term":[{"taxonomy":"category","embeddable":true,"href":"https:\/\/colunadahora.com.br\/index.php?rest_route=%2Fwp%2Fv2%2Fcategories&post=45753"},{"taxonomy":"post_tag","embeddable":true,"href":"https:\/\/colunadahora.com.br\/index.php?rest_route=%2Fwp%2Fv2%2Ftags&post=45753"}],"curies":[{"name":"wp","href":"https:\/\/api.w.org\/{rel}","templated":true}]}}