{"id":45750,"date":"2026-09-01T16:44:12","date_gmt":"2026-09-01T19:44:12","guid":{"rendered":"https:\/\/colunadahora.com.br\/?p=45750"},"modified":"2026-09-01T16:44:12","modified_gmt":"2026-09-01T19:44:12","slug":"portal-colunadahora-com-br-mauricio-carvalho-garante-avanco-da-pec-da-transposicao-na-ccj","status":"publish","type":"post","link":"https:\/\/colunadahora.com.br\/?p=45750","title":{"rendered":"PORTAL COLUNADAHORA.COM.BR &#8211; Maur\u00edcio Carvalho garante avan\u00e7o da PEC da Transposi\u00e7\u00e3o na CCJ"},"content":{"rendered":"<p style=\"text-align: center;\"><em><span style=\"font-size: 16px;\">Presidente da CCJ agradece trabalho e empenho de Maur\u00edcio Carvalho na aprova\u00e7\u00e3o da PEC<\/span><\/em><\/p>\n<p>&nbsp;<\/p>\n<p>A luta de quem ajudou a construir Rond\u00f4nia venceu mais uma etapa. A Comiss\u00e3o de Constitui\u00e7\u00e3o e Justi\u00e7a e de Cidadania (CCJ) da C\u00e2mara dos Deputados aprovou, na tarde desta ter\u00e7a-feira (1\u00ba), a Proposta de Emenda \u00e0 Constitui\u00e7\u00e3o (PEC) 47\/2023, que assegura a transposi\u00e7\u00e3o dos servidores dos ex-territ\u00f3rios federais de Rond\u00f4nia, Amap\u00e1 e Roraima para os quadros da Uni\u00e3o.<\/p>\n<p>A proposta voltou a andar depois de intensa articula\u00e7\u00e3o da bancada do Norte. Entre os parlamentares que cobraram o desbloqueio da pauta est\u00e1 o deputado federal Maur\u00edcio Carvalho, que apresentou requerimentos pela cria\u00e7\u00e3o da comiss\u00e3o especial, levou o tema diretamente ao presidente da C\u00e2mara, Hugo Motta, e passou a cobrar celeridade ao relator, deputado Ac\u00e1cio Favacho (AP).<\/p>\n<p>&#8220;Hoje a C\u00e2mara olhou nos olhos de quem construiu Rond\u00f4nia e disse: voc\u00eas t\u00eam raz\u00e3o. Essa vit\u00f3ria \u00e9 dos servidores, das fam\u00edlias que esperaram d\u00e9cadas, de quem nunca desistiu. N\u00f3s apenas fizemos o que tinha que ser feito, bater na porta todo dia at\u00e9 ela abrir&#8221;, afirmou Maur\u00edcio Carvalho, deputado federal por Rond\u00f4nia.<\/p>\n<p>O texto altera o artigo 31 da Emenda Constitucional n\u00ba 19\/1998 e amplia de cinco para dez anos o prazo de v\u00ednculo com a administra\u00e7\u00e3o local que d\u00e1 direito \u00e0 transposi\u00e7\u00e3o. Na pr\u00e1tica, o marco passa a ser dezembro de 1991 para Rond\u00f4nia. S\u00e3o contemplados servidores efetivos e n\u00e3o efetivos, policiais civis e militares, bombeiros, agentes comunit\u00e1rios de sa\u00fade e de combate \u00e0s endemias, servidores do Judici\u00e1rio, do Legislativo, dos Tribunais de Contas e do Minist\u00e9rio P\u00fablico locais, empregados de empresas p\u00fablicas, professores, al\u00e9m de aposentados e pensionistas.<\/p>\n<p>&#8220;N\u00e3o \u00e9 privil\u00e9gio, \u00e9 repara\u00e7\u00e3o. Estamos falando de gente que trabalhou sem estrada, sem energia, sem hospital, e que segurou o Estado nas costas quando Rond\u00f4nia ainda estava sendo desenhada no mapa. O Brasil tem uma d\u00edvida com esses pioneiros, e essa d\u00edvida come\u00e7ou a ser paga hoje&#8221;, declarou o parlamentar.<\/p>\n<p>Pr\u00f3ximos passos<\/p>\n<p>A PEC est\u00e1 aprovada na CCJ, o texto segue para comiss\u00e3o especial e, em seguida, votado pelo Plen\u00e1rio da C\u00e2mara em dois turnos, com no m\u00ednimo 308 votos em cada um deles. S\u00f3 ent\u00e3o a emenda ser\u00e1 promulgada e a Uni\u00e3o ter\u00e1 180 dias para regulament\u00e1-la.<\/p>\n<p>O mandato mant\u00e9m di\u00e1logo permanente com as entidades e lideran\u00e7as dos servidores, entre elas Aldeide Coutinho e F\u00e1tima Lazarete, que t\u00eam liderado a mobiliza\u00e7\u00e3o em Rond\u00f4nia.<\/p>\n<p>Assessoria<\/p>\n","protected":false},"excerpt":{"rendered":"<p>Presidente da CCJ agradece trabalho e empenho de Maur\u00edcio Carvalho na aprova\u00e7\u00e3o da PEC &nbsp; A luta de quem ajudou a construir Rond\u00f4nia venceu mais uma etapa. A Comiss\u00e3o de Constitui\u00e7\u00e3o e Justi\u00e7a e de Cidadania (CCJ) da C\u00e2mara dos Deputados aprovou, na tarde desta ter\u00e7a-feira (1\u00ba), a Proposta de Emenda \u00e0 Constitui\u00e7\u00e3o (PEC) 47\/2023, [&hellip;]<\/p>\n","protected":false},"author":1,"featured_media":45751,"comment_status":"open","ping_status":"closed","sticky":false,"template":"","format":"standard","meta":{"site-sidebar-layout":"default","site-content-layout":"","ast-site-content-layout":"default","site-content-style":"default","site-sidebar-style":"default","ast-global-header-display":"","ast-banner-title-visibility":"","ast-main-header-display":"","ast-hfb-above-header-display":"","ast-hfb-below-header-display":"","ast-hfb-mobile-header-display":"","site-post-title":"","ast-breadcrumbs-content":"","ast-featured-img":"","footer-sml-layout":"","ast-disable-related-posts":"","theme-transparent-header-meta":"default","adv-header-id-meta":"","stick-header-meta":"","header-above-stick-meta":"","header-main-stick-meta":"","header-below-stick-meta":"","astra-migrate-meta-layouts":"set","ast-page-background-enabled":"default","ast-page-background-meta":{"desktop":{"background-color":"var(--ast-global-color-4)","background-image":"","background-repeat":"repeat","background-position":"center center","background-size":"auto","background-attachment":"scroll","background-type":"","background-media":"","overlay-type":"","overlay-color":"","overlay-opacity":"","overlay-gradient":""},"tablet":{"background-color":"","background-image":"","background-repeat":"repeat","background-position":"center center","background-size":"auto","background-attachment":"scroll","background-type":"","background-media":"","overlay-type":"","overlay-color":"","overlay-opacity":"","overlay-gradient":""},"mobile":{"background-color":"","background-image":"","background-repeat":"repeat","background-position":"center center","background-size":"auto","background-attachment":"scroll","background-type":"","background-media":"","overlay-type":"","overlay-color":"","overlay-opacity":"","overlay-gradient":""}},"ast-content-background-meta":{"desktop":{"background-color":"var(--ast-global-color-5)","background-image":"","background-repeat":"repeat","background-position":"center center","background-size":"auto","background-attachment":"scroll","background-type":"","background-media":"","overlay-type":"","overlay-color":"","overlay-opacity":"","overlay-gradient":""},"tablet":{"background-color":"var(--ast-global-color-5)","background-image":"","background-repeat":"repeat","background-position":"center center","background-size":"auto","background-attachment":"scroll","background-type":"","background-media":"","overlay-type":"","overlay-color":"","overlay-opacity":"","overlay-gradient":""},"mobile":{"background-color":"var(--ast-global-color-5)","background-image":"","background-repeat":"repeat","background-position":"center center","background-size":"auto","background-attachment":"scroll","background-type":"","background-media":"","overlay-type":"","overlay-color":"","overlay-opacity":"","overlay-gradient":""}},"footnotes":""},"categories":[46,4],"tags":[],"class_list":["post-45750","post","type-post","status-publish","format-standard","has-post-thumbnail","hentry","category-destaques-da-hora","category-politica"],"_links":{"self":[{"href":"https:\/\/colunadahora.com.br\/index.php?rest_route=\/wp\/v2\/posts\/45750","targetHints":{"allow":["GET"]}}],"collection":[{"href":"https:\/\/colunadahora.com.br\/index.php?rest_route=\/wp\/v2\/posts"}],"about":[{"href":"https:\/\/colunadahora.com.br\/index.php?rest_route=\/wp\/v2\/types\/post"}],"author":[{"embeddable":true,"href":"https:\/\/colunadahora.com.br\/index.php?rest_route=\/wp\/v2\/users\/1"}],"replies":[{"embeddable":true,"href":"https:\/\/colunadahora.com.br\/index.php?rest_route=%2Fwp%2Fv2%2Fcomments&post=45750"}],"version-history":[{"count":1,"href":"https:\/\/colunadahora.com.br\/index.php?rest_route=\/wp\/v2\/posts\/45750\/revisions"}],"predecessor-version":[{"id":45752,"href":"https:\/\/colunadahora.com.br\/index.php?rest_route=\/wp\/v2\/posts\/45750\/revisions\/45752"}],"wp:featuredmedia":[{"embeddable":true,"href":"https:\/\/colunadahora.com.br\/index.php?rest_route=\/wp\/v2\/media\/45751"}],"wp:attachment":[{"href":"https:\/\/colunadahora.com.br\/index.php?rest_route=%2Fwp%2Fv2%2Fmedia&parent=45750"}],"wp:term":[{"taxonomy":"category","embeddable":true,"href":"https:\/\/colunadahora.com.br\/index.php?rest_route=%2Fwp%2Fv2%2Fcategories&post=45750"},{"taxonomy":"post_tag","embeddable":true,"href":"https:\/\/colunadahora.com.br\/index.php?rest_route=%2Fwp%2Fv2%2Ftags&post=45750"}],"curies":[{"name":"wp","href":"https:\/\/api.w.org\/{rel}","templated":true}]}}