{"id":45746,"date":"2026-09-01T16:19:28","date_gmt":"2026-09-01T19:19:28","guid":{"rendered":"https:\/\/colunadahora.com.br\/?p=45746"},"modified":"2026-09-01T16:19:28","modified_gmt":"2026-09-01T19:19:28","slug":"pgr-deve-se-manifestar-sobre-supostas-conversas-entre-vorcaro-e-moraes","status":"publish","type":"post","link":"https:\/\/colunadahora.com.br\/?p=45746","title":{"rendered":"PGR deve se manifestar sobre supostas conversas entre Vorcaro e Moraes"},"content":{"rendered":"<\/p>\n<p><a class=\"\" href=\"https:\/\/agenciabrasil.ebc.com.br\/justica\/noticia\/2026-09\/pgr-deve-se-manifestar-sobre-supostas-conversas-entre-vorcaro-e-moraes\"><br \/>\n                    <img decoding=\"async\" src=\"https:\/\/cdn.jsdelivr.net\/gh\/sergiosdlima\/assets-ebc@1.0.0\/abr\/assets\/images\/logo-agenciabrasil.svg\" alt=\"Logo Ag\u00eancia Brasil\"><br \/>\n\t\t\t\t<\/a><\/p>\n<p><strong>O ministro Andr\u00e9 Mendon\u00e7a, do Supremo Tribunal Federal (STF), deu prazo de cinco dias para a Procuradoria-Geral da Rep\u00fablica (PGR) se manifestar sobre o relat\u00f3rio da Pol\u00edcia Federal (PF) que faz men\u00e7\u00f5es ao ministro Alexandre de Moraes e o pr\u00f3prio procurador-geral, Paulo Gonet.<\/strong><img decoding=\"async\" src=\"https:\/\/agenciabrasil.ebc.com.br\/ebc.png?id=1701267&#038;o=rss\"><img decoding=\"async\" src=\"https:\/\/agenciabrasil.ebc.com.br\/ebc.gif?id=1701267&#038;o=rss\"><\/p>\n<p>As cita\u00e7\u00f5es aos nomes de Moraes e Gonet foram captadas pela PF a partir da quebra de sigilo do celular do ex-banqueiro Daniel Vorcaro, alvo das investiga\u00e7\u00f5es da Opera\u00e7\u00e3o Compliance Zero, que investiga fraudes financeiras no Banco Master. O sigilo do relat\u00f3rio de investiga\u00e7\u00e3o foi retirado nesta ter\u00e7a-feira (1\u00b0).\u00a0<\/p>\n<\/p>\n<h3>Not\u00edcias relacionadas:<\/h3>\n<ul>\n<li><a href=\"https:\/\/agenciabrasil.ebc.com.br\/justica\/noticia\/2026-08\/vorcaro-presta-depoimento-de-quatro-horas-policia-federal\">Vorcaro presta depoimento de quatro horas \u00e0 Pol\u00edcia Federal.<\/a><\/li>\n<\/ul>\n<p><strong>De acordo com a PF, Vorcaro teria conversado diretamente com um contato salvo em nome do ministro. <\/strong>Parte das supostas conversas foram apagadas porque o contato salvo em nome do ministro usava mensagens de atualiza\u00e7\u00e3o \u00fanica e as escrevia no bloco de notas, mecanismo que impede a recupera\u00e7\u00e3o completa dos dados.<\/p>\n<p>Em uma das mensagens que foram recuperadas, Vorcaro diz ao contato atribu\u00eddo a Moraes que &#8220;estava tentando antecipar os investigadores&#8221;. A conversa teria ocorrido no dia 17 de novembro de 2025.<\/p>\n<p>No caso de Paulo Gonet, o procurador-geral \u00e9 citado por terceiros que trocaram mensagens com Vorcaro. Em uma das conversas, ocorrida em 2024, um interlocutor chamado Ciro Soares diz que &#8220;Gonet \u00e9 firme&#8221;.<\/p>\n<h2>PF<\/h2>\n<p><strong>O relat\u00f3rio da PF tamb\u00e9m mostra cita\u00e7\u00f5es ao nome do diretor-geral da corpora\u00e7\u00e3o, Andrei Passos. <\/strong>Segundo os investigadores, o contato de Andrei n\u00e3o foi encontrado na lista de contatos de Vorcaro, mas ele foi citado em uma conversa entre o ex-banqueiro e o ex-deputado F\u00e1bio Faria, ocorrida em abril de 2024.<\/p>\n<p>Faria pergunta a Vorcaro se ele aceitaria convidar Andrei para um evento em Londres. Em seguida, uma secret\u00e1ria ligada ao diretor-geral entrou em contato com a organiza\u00e7\u00e3o do evento para acertar as tratativas da viagem.<\/p>\n<p>\u00a0<\/p>\n<p><em>(Mat\u00e9ria em atualiza\u00e7\u00e3o)<\/em><\/p>\n","protected":false},"excerpt":{"rendered":"<p>O ministro Andr\u00e9 Mendon\u00e7a, do Supremo Tribunal Federal (STF), deu prazo de cinco dias para a Procuradoria-Geral da Rep\u00fablica (PGR) se manifestar sobre o relat\u00f3rio da Pol\u00edcia Federal (PF) que faz men\u00e7\u00f5es ao ministro Alexandre de Moraes e o pr\u00f3prio procurador-geral, Paulo Gonet. As cita\u00e7\u00f5es aos nomes de Moraes e Gonet foram captadas pela PF [&hellip;]<\/p>\n","protected":false},"author":8,"featured_media":45747,"comment_status":"open","ping_status":"open","sticky":false,"template":"","format":"standard","meta":{"site-sidebar-layout":"default","site-content-layout":"","ast-site-content-layout":"default","site-content-style":"default","site-sidebar-style":"default","ast-global-header-display":"","ast-banner-title-visibility":"","ast-main-header-display":"","ast-hfb-above-header-display":"","ast-hfb-below-header-display":"","ast-hfb-mobile-header-display":"","site-post-title":"","ast-breadcrumbs-content":"","ast-featured-img":"","footer-sml-layout":"","ast-disable-related-posts":"","theme-transparent-header-meta":"","adv-header-id-meta":"","stick-header-meta":"","header-above-stick-meta":"","header-main-stick-meta":"","header-below-stick-meta":"","astra-migrate-meta-layouts":"default","ast-page-background-enabled":"default","ast-page-background-meta":{"desktop":{"background-color":"var(--ast-global-color-4)","background-image":"","background-repeat":"repeat","background-position":"center center","background-size":"auto","background-attachment":"scroll","background-type":"","background-media":"","overlay-type":"","overlay-color":"","overlay-opacity":"","overlay-gradient":""},"tablet":{"background-color":"","background-image":"","background-repeat":"repeat","background-position":"center center","background-size":"auto","background-attachment":"scroll","background-type":"","background-media":"","overlay-type":"","overlay-color":"","overlay-opacity":"","overlay-gradient":""},"mobile":{"background-color":"","background-image":"","background-repeat":"repeat","background-position":"center center","background-size":"auto","background-attachment":"scroll","background-type":"","background-media":"","overlay-type":"","overlay-color":"","overlay-opacity":"","overlay-gradient":""}},"ast-content-background-meta":{"desktop":{"background-color":"var(--ast-global-color-5)","background-image":"","background-repeat":"repeat","background-position":"center center","background-size":"auto","background-attachment":"scroll","background-type":"","background-media":"","overlay-type":"","overlay-color":"","overlay-opacity":"","overlay-gradient":""},"tablet":{"background-color":"var(--ast-global-color-5)","background-image":"","background-repeat":"repeat","background-position":"center center","background-size":"auto","background-attachment":"scroll","background-type":"","background-media":"","overlay-type":"","overlay-color":"","overlay-opacity":"","overlay-gradient":""},"mobile":{"background-color":"var(--ast-global-color-5)","background-image":"","background-repeat":"repeat","background-position":"center center","background-size":"auto","background-attachment":"scroll","background-type":"","background-media":"","overlay-type":"","overlay-color":"","overlay-opacity":"","overlay-gradient":""}},"footnotes":""},"categories":[3],"tags":[],"class_list":["post-45746","post","type-post","status-publish","format-standard","has-post-thumbnail","hentry","category-seguranca-e-justica"],"_links":{"self":[{"href":"https:\/\/colunadahora.com.br\/index.php?rest_route=\/wp\/v2\/posts\/45746","targetHints":{"allow":["GET"]}}],"collection":[{"href":"https:\/\/colunadahora.com.br\/index.php?rest_route=\/wp\/v2\/posts"}],"about":[{"href":"https:\/\/colunadahora.com.br\/index.php?rest_route=\/wp\/v2\/types\/post"}],"author":[{"embeddable":true,"href":"https:\/\/colunadahora.com.br\/index.php?rest_route=\/wp\/v2\/users\/8"}],"replies":[{"embeddable":true,"href":"https:\/\/colunadahora.com.br\/index.php?rest_route=%2Fwp%2Fv2%2Fcomments&post=45746"}],"version-history":[{"count":0,"href":"https:\/\/colunadahora.com.br\/index.php?rest_route=\/wp\/v2\/posts\/45746\/revisions"}],"wp:featuredmedia":[{"embeddable":true,"href":"https:\/\/colunadahora.com.br\/index.php?rest_route=\/wp\/v2\/media\/45747"}],"wp:attachment":[{"href":"https:\/\/colunadahora.com.br\/index.php?rest_route=%2Fwp%2Fv2%2Fmedia&parent=45746"}],"wp:term":[{"taxonomy":"category","embeddable":true,"href":"https:\/\/colunadahora.com.br\/index.php?rest_route=%2Fwp%2Fv2%2Fcategories&post=45746"},{"taxonomy":"post_tag","embeddable":true,"href":"https:\/\/colunadahora.com.br\/index.php?rest_route=%2Fwp%2Fv2%2Ftags&post=45746"}],"curies":[{"name":"wp","href":"https:\/\/api.w.org\/{rel}","templated":true}]}}