{"id":45744,"date":"2026-09-01T16:18:29","date_gmt":"2026-09-01T19:18:29","guid":{"rendered":"https:\/\/colunadahora.com.br\/?p=45744"},"modified":"2026-09-01T16:18:29","modified_gmt":"2026-09-01T19:18:29","slug":"petrobras-reajusta-preco-medio-do-querosene-de-aviacao-em-139","status":"publish","type":"post","link":"https:\/\/colunadahora.com.br\/?p=45744","title":{"rendered":"Petrobras reajusta pre\u00e7o m\u00e9dio do querosene de avia\u00e7\u00e3o em 13,9%"},"content":{"rendered":"<\/p>\n<p><a class=\"\" href=\"https:\/\/agenciabrasil.ebc.com.br\/economia\/noticia\/2026-09\/petrobras-reajusta-preco-medio-do-querosene-de-aviacao-em-139\"><br \/>\n                    <img decoding=\"async\" src=\"https:\/\/cdn.jsdelivr.net\/gh\/sergiosdlima\/assets-ebc@1.0.0\/abr\/assets\/images\/logo-agenciabrasil.svg\" alt=\"Logo Ag\u00eancia Brasil\"><br \/>\n\t\t\t\t<\/a><\/p>\n<p>A Petrobras reajustou o pre\u00e7o do querosene de avia\u00e7\u00e3o (QAV) em 13,9%, em m\u00e9dia. <strong>O novo valor est\u00e1 em vigor a partir desta ter\u00e7a-feira (1\u00ba).<\/strong> A empresa atribuiu o aumento a reflexos da guerra no Oriente M\u00e9dio, que causa problemas na log\u00edstica da ind\u00fastria do petr\u00f3leo.<img decoding=\"async\" src=\"https:\/\/agenciabrasil.ebc.com.br\/ebc.png?id=1701269&#038;o=rss\"><img decoding=\"async\" src=\"https:\/\/agenciabrasil.ebc.com.br\/ebc.gif?id=1701269&#038;o=rss\"><\/p>\n<p>De acordo com a estatal, o combust\u00edvel passa a custar, na m\u00e9dia, R$ 0,68 a mais por litro. Nas refinarias da companhia espalhadas pelo pa\u00eds, o novo pre\u00e7o do QAV <a href=\"https:\/\/precos.petrobras.com.br\/documents\/1295200\/1296646\/Tabelas+de+Pre%C3%A7os+-+Comb+Avia%C3%A7%C3%A3o+01-09-26.pdf\/446df4f2-dad0-72cc-27d2-02dbd6e1e3db?version=1.0&#038;t=1788267655000\" target=\"_blank\">varia de R$ 5,44 a R$ 5,70 por litro<\/a>.\u00a0<\/p>\n<\/p>\n<h3>Not\u00edcias relacionadas:<\/h3>\n<ul>\n<li><a href=\"https:\/\/agenciabrasil.ebc.com.br\/economia\/noticia\/2026-07\/com-alivio-da-guerra-petrobras-reduz-preco-do-querosene-de-aviacao\">Com al\u00edvio da guerra, Petrobras reduz pre\u00e7o do querosene de avia\u00e7\u00e3o .<\/a><\/li>\n<li><a href=\"https:\/\/agenciabrasil.ebc.com.br\/economia\/noticia\/2026-08\/campo-de-buzios-da-petrobras-bate-recordes-de-exportacao-de-gas\">Campo de B\u00fazios, da Petrobras, bate recordes de exporta\u00e7\u00e3o de g\u00e1s.<\/a><\/li>\n<li><a href=\"https:\/\/agenciabrasil.ebc.com.br\/economia\/noticia\/2026-08\/governo-sanciona-lei-que-permite-reduzir-tributos-sobre-combustiveis\">Governo sanciona lei que permite reduzir tributos sobre combust\u00edveis.<\/a><\/li>\n<\/ul>\n<p>A varia\u00e7\u00e3o na compara\u00e7\u00e3o com o m\u00eas passado chega a 14,34% em S\u00e3o Lu\u00eds. O menor aumento \u00e9 de 13,51% em Canoas, no Rio Grande do Sul.<\/p>\n<p><strong>Por contrato, o pre\u00e7o do combust\u00edvel vendido \u00e0s distribuidoras \u00e9 reajustado sempre no dia 1\u00ba de cada m\u00eas.<\/strong> O QAV \u00e9 utilizado por avi\u00f5es e helic\u00f3pteros.<\/p>\n<p>O combust\u00edvel responde por cerca de 30% das despesas operacionais das companhias a\u00e9reas brasileiras, segundo a Ag\u00eancia Nacional de Avia\u00e7\u00e3o Civil (Anac), \u00f3rg\u00e3o regulador do setor.\u00a0<\/p>\n<h2>Efeito a guerra<\/h2>\n<p><strong>Desde o in\u00edcio do ano, o QAV subiu 53,3%, o que representa R$ 1,94 a mais por litro.<\/strong> De acordo com a Petrobras, o reajuste \u201creflete a eleva\u00e7\u00e3o das cota\u00e7\u00f5es internacionais do Querosene de Avia\u00e7\u00e3o, impulsionada pelas tens\u00f5es geopol\u00edticas no Oriente M\u00e9dio\u201d.<\/p>\n<p>Com o <a href=\"http:\/\/https\/\/agenciabrasil.ebc.com.br\/tags\/conflito-no-oriente-medio\" target=\"_blank\">desencadeamento da guerra<\/a>\u00a0dos Estados Unidos e Israel contra o Ir\u00e3, em 28 de fevereiro, a cadeia log\u00edstica da ind\u00fastria do petr\u00f3leo sofreu perturba\u00e7\u00f5es, o que levou \u00e0 disparada de pre\u00e7os.\u00a0<\/p>\n<p><strong>O motivo principal \u00e9 a instabilidade do Estreito de Ormuz<\/strong>, passagem mar\u00edtima ao sul do Ir\u00e3. Antes da guerra, 20% da produ\u00e7\u00e3o internacional de \u00f3leo e g\u00e1s passavam pela regi\u00e3o. Com menos oferta de petr\u00f3leo nos mercados, o pre\u00e7o subiu.<\/p>\n<p>Apesar de o Brasil ser produtor de petr\u00f3leo, o produto e seus derivados, por serem commodities (mat\u00e9ria-prima negociada em grandes quantidades), t\u00eam o pre\u00e7o definido no mercado internacional.<\/p>\n<h2>Parcelamento<\/h2>\n<p>Em abril, a Petrobras reajustou o QAV em 55%. Em maio houve alta de 18%. Na ocasi\u00e3o, para suavizar o efeito do encarecimento nos caixas das companhias a\u00e9reas, a <strong>estatal permitiu que as distribuidoras parcelassem o reajuste<\/strong>.<\/p>\n<p>Como houve momentos em que os EUA e o Ir\u00e3 se aproximaram de um acordo, a Petrobras chegou a reduzir o QAV em junho e julho. Mas em agosto, voltou a subir 1,9%, assim como agora em setembro.<\/p>\n<p>A empresa explica que o pre\u00e7o do QAV no Brasil segue \u201cf\u00f3rmula param\u00e9trica contratual que atua como amortecedor de curto prazo, resultando em ajustes mais moderados do que os observados nos mercados internacionais\u201d.<\/p>\n<p><strong>A Petrobras informou que retomou, em setembro, o programa de parcelamento dos reajustes.<\/strong><\/p>\n<p>\u201cA iniciativa permitir\u00e1 que as distribuidoras parcelem o aumento em tr\u00eas parcelas mensais, reduzindo o impacto financeiro\u201d, declarou.<\/p>\n<p><strong>A estatal confirmou tamb\u00e9m que todo volume solicitado pelas distribuidoras est\u00e1 garantido.<\/strong><\/p>\n<h2>Cadeia de venda<\/h2>\n<p>A Petrobras comercializa para as distribuidoras o QAV produzido nas refinarias da empresa ou importado. Uma vez comprado pelas distribuidoras, as empresas transportam o combust\u00edvel e vendem para companhias de transporte e outros consumidores finais nos aeroportos ou ainda para revendedores.<\/p>\n<p><strong>A estatal tem participa\u00e7\u00e3o de cerca de 85% da produ\u00e7\u00e3o do QAV, mas o mercado \u00e9 aberto \u00e0 livre concorr\u00eancia<\/strong>, sem restri\u00e7\u00f5es para outras empresas atuarem como produtoras ou importadoras.<\/p>\n","protected":false},"excerpt":{"rendered":"<p>A Petrobras reajustou o pre\u00e7o do querosene de avia\u00e7\u00e3o (QAV) em 13,9%, em m\u00e9dia. O novo valor est\u00e1 em vigor a partir desta ter\u00e7a-feira (1\u00ba). A empresa atribuiu o aumento a reflexos da guerra no Oriente M\u00e9dio, que causa problemas na log\u00edstica da ind\u00fastria do petr\u00f3leo. De acordo com a estatal, o combust\u00edvel passa a [&hellip;]<\/p>\n","protected":false},"author":34,"featured_media":45745,"comment_status":"open","ping_status":"open","sticky":false,"template":"","format":"standard","meta":{"site-sidebar-layout":"default","site-content-layout":"","ast-site-content-layout":"default","site-content-style":"default","site-sidebar-style":"default","ast-global-header-display":"","ast-banner-title-visibility":"","ast-main-header-display":"","ast-hfb-above-header-display":"","ast-hfb-below-header-display":"","ast-hfb-mobile-header-display":"","site-post-title":"","ast-breadcrumbs-content":"","ast-featured-img":"","footer-sml-layout":"","ast-disable-related-posts":"","theme-transparent-header-meta":"","adv-header-id-meta":"","stick-header-meta":"","header-above-stick-meta":"","header-main-stick-meta":"","header-below-stick-meta":"","astra-migrate-meta-layouts":"default","ast-page-background-enabled":"default","ast-page-background-meta":{"desktop":{"background-color":"var(--ast-global-color-4)","background-image":"","background-repeat":"repeat","background-position":"center center","background-size":"auto","background-attachment":"scroll","background-type":"","background-media":"","overlay-type":"","overlay-color":"","overlay-opacity":"","overlay-gradient":""},"tablet":{"background-color":"","background-image":"","background-repeat":"repeat","background-position":"center center","background-size":"auto","background-attachment":"scroll","background-type":"","background-media":"","overlay-type":"","overlay-color":"","overlay-opacity":"","overlay-gradient":""},"mobile":{"background-color":"","background-image":"","background-repeat":"repeat","background-position":"center center","background-size":"auto","background-attachment":"scroll","background-type":"","background-media":"","overlay-type":"","overlay-color":"","overlay-opacity":"","overlay-gradient":""}},"ast-content-background-meta":{"desktop":{"background-color":"var(--ast-global-color-5)","background-image":"","background-repeat":"repeat","background-position":"center center","background-size":"auto","background-attachment":"scroll","background-type":"","background-media":"","overlay-type":"","overlay-color":"","overlay-opacity":"","overlay-gradient":""},"tablet":{"background-color":"var(--ast-global-color-5)","background-image":"","background-repeat":"repeat","background-position":"center center","background-size":"auto","background-attachment":"scroll","background-type":"","background-media":"","overlay-type":"","overlay-color":"","overlay-opacity":"","overlay-gradient":""},"mobile":{"background-color":"var(--ast-global-color-5)","background-image":"","background-repeat":"repeat","background-position":"center center","background-size":"auto","background-attachment":"scroll","background-type":"","background-media":"","overlay-type":"","overlay-color":"","overlay-opacity":"","overlay-gradient":""}},"footnotes":""},"categories":[37],"tags":[],"class_list":["post-45744","post","type-post","status-publish","format-standard","has-post-thumbnail","hentry","category-economia-e-negocios"],"_links":{"self":[{"href":"https:\/\/colunadahora.com.br\/index.php?rest_route=\/wp\/v2\/posts\/45744","targetHints":{"allow":["GET"]}}],"collection":[{"href":"https:\/\/colunadahora.com.br\/index.php?rest_route=\/wp\/v2\/posts"}],"about":[{"href":"https:\/\/colunadahora.com.br\/index.php?rest_route=\/wp\/v2\/types\/post"}],"author":[{"embeddable":true,"href":"https:\/\/colunadahora.com.br\/index.php?rest_route=\/wp\/v2\/users\/34"}],"replies":[{"embeddable":true,"href":"https:\/\/colunadahora.com.br\/index.php?rest_route=%2Fwp%2Fv2%2Fcomments&post=45744"}],"version-history":[{"count":0,"href":"https:\/\/colunadahora.com.br\/index.php?rest_route=\/wp\/v2\/posts\/45744\/revisions"}],"wp:featuredmedia":[{"embeddable":true,"href":"https:\/\/colunadahora.com.br\/index.php?rest_route=\/wp\/v2\/media\/45745"}],"wp:attachment":[{"href":"https:\/\/colunadahora.com.br\/index.php?rest_route=%2Fwp%2Fv2%2Fmedia&parent=45744"}],"wp:term":[{"taxonomy":"category","embeddable":true,"href":"https:\/\/colunadahora.com.br\/index.php?rest_route=%2Fwp%2Fv2%2Fcategories&post=45744"},{"taxonomy":"post_tag","embeddable":true,"href":"https:\/\/colunadahora.com.br\/index.php?rest_route=%2Fwp%2Fv2%2Ftags&post=45744"}],"curies":[{"name":"wp","href":"https:\/\/api.w.org\/{rel}","templated":true}]}}