{"id":45728,"date":"2026-09-01T12:19:39","date_gmt":"2026-09-01T15:19:39","guid":{"rendered":"https:\/\/colunadahora.com.br\/?p=45728"},"modified":"2026-09-01T12:19:39","modified_gmt":"2026-09-01T15:19:39","slug":"campanha-nacional-de-multivacinacao-termina-nesta-terca-feira","status":"publish","type":"post","link":"https:\/\/colunadahora.com.br\/?p=45728","title":{"rendered":"Campanha Nacional de Multivacina\u00e7\u00e3o termina nesta ter\u00e7a-feira"},"content":{"rendered":"<\/p>\n<p><a class=\"\" href=\"https:\/\/agenciabrasil.ebc.com.br\/saude\/noticia\/2026-09\/campanha-nacional-de-multivacinacao-termina-nesta-terca-feira\"><br \/>\n                    <img decoding=\"async\" src=\"https:\/\/cdn.jsdelivr.net\/gh\/sergiosdlima\/assets-ebc@1.0.0\/abr\/assets\/images\/logo-agenciabrasil.svg\" alt=\"Logo Ag\u00eancia Brasil\"><br \/>\n\t\t\t\t<\/a><\/p>\n<p>Mais de 8 milh\u00f5es de doses de vacinas foram aplicadas em todo o pa\u00eds durante a Campanha Nacional de Multivacina\u00e7\u00e3o de 2026, iniciada em 3 de agosto e que se encerra nesta ter\u00e7a-feira (1\u00ba).<img decoding=\"async\" src=\"https:\/\/agenciabrasil.ebc.com.br\/ebc.png?id=1701232&#038;o=rss\"><img decoding=\"async\" src=\"https:\/\/agenciabrasil.ebc.com.br\/ebc.gif?id=1701232&#038;o=rss\"><\/p>\n<p>Realizada pelo Minist\u00e9rio da Sa\u00fade, em parceria com estados e munic\u00edpios, a campanha nacional combate doen\u00e7as preven\u00edveis por imuniza\u00e7\u00e3o. <strong>O p\u00fablico alvo \u00e9 de crian\u00e7as e adolescentes menores de 15 anos<\/strong>.<\/p>\n<\/p>\n<h3>Not\u00edcias relacionadas:<\/h3>\n<ul>\n<li><a href=\"https:\/\/agenciabrasil.ebc.com.br\/saude\/noticia\/2026-08\/vacinacao-e-ampliada-em-comunidades-indigenas-da-amazonia\">Vacina\u00e7\u00e3o \u00e9 ampliada em comunidades ind\u00edgenas da Amaz\u00f4nia.<\/a><\/li>\n<li><a href=\"https:\/\/agenciabrasil.ebc.com.br\/saude\/noticia\/2026-08\/ministerio-da-saude-reforca-chamamento-para-vacina-contra-o-sarampo\">Minist\u00e9rio da Sa\u00fade refor\u00e7a chamamento para vacina contra o sarampo.<\/a><\/li>\n<li><a href=\"https:\/\/agenciabrasil.ebc.com.br\/saude\/noticia\/2026-08\/estado-de-sao-paulo-reforca-necessidade-de-vacinacao-contra-o-sarampo\">Estado de S\u00e3o Paulo refor\u00e7a necessidade de vacina\u00e7\u00e3o contra o sarampo .<\/a><\/li>\n<\/ul>\n<p>Somente no Dia D da Multivacina\u00e7\u00e3o, realizado em 22 de agosto,\u00a0mais de 1 milh\u00e3o de doses foram aplicadas.<\/p>\n<p>Os pais e respons\u00e1veis ainda podem aproveitar o \u00faltimo dia da mobiliza\u00e7\u00e3o e procurar a Unidade B\u00e1sica de Sa\u00fade (UBS) mais pr\u00f3xima para atualiza\u00e7\u00e3o do Calend\u00e1rio Vacinal das crian\u00e7as e adolescentes.<\/p>\n<h2>Doen\u00e7as que podem ser prevenidas<\/h2>\n<p>Entre as enfermidades\u00a0que podem ser evitadas pela vacina\u00e7\u00e3o ofertada pelo SUS est\u00e3o:<\/p>\n<ul>\n<li><strong>sarampo, <\/strong><\/li>\n<li><strong>dengue, <\/strong><\/li>\n<li><strong>formas graves de tuberculose, <\/strong><\/li>\n<li><strong>hepatites A e B, <\/strong><\/li>\n<li><strong>difteria, <\/strong><\/li>\n<li><strong>t\u00e9tano, <\/strong><\/li>\n<li><strong>coqueluche, <\/strong><\/li>\n<li><strong>poliomielite, <\/strong><\/li>\n<li><strong>infec\u00e7\u00f5es por rotav\u00edrus, <\/strong><\/li>\n<li><strong>pneumonias e meningites causadas por pneumococos e meningococos, <\/strong><\/li>\n<li><strong>influenza (gripe), <\/strong><\/li>\n<li><strong>covid-19, <\/strong><\/li>\n<li><strong>febre amarela, <\/strong><\/li>\n<li><strong>caxumba, <\/strong><\/li>\n<li><strong>rub\u00e9ola, <\/strong><\/li>\n<li><strong>varicela (catapora), <\/strong><\/li>\n<li><strong>infec\u00e7\u00f5es pelo papilomav\u00edrus humano (HPV)<\/strong>.<\/li>\n<\/ul>\n<p>Pela primeira vez, a vacina pneumoc\u00f3cica 20-valente (Pneumo 20)\u00a0foi ofertada em uma Campanha Nacional de Multivacina\u00e7\u00e3o, ap\u00f3s ter sido incorporada, neste ano, ao Calend\u00e1rio Nacional de Vacina\u00e7\u00e3o.<\/p>\n<p>O novo imunizante conjugado protege contra 20 sorotipos da bact\u00e9ria\u00a0<em>Streptococcus pneumoniae<\/em>\u00a0que causam doen\u00e7as como pneumonias e meningites,<\/p>\n<h2>Vacina\u00e7\u00e3o o ano inteiro<\/h2>\n<p>Mesmo com o fim da Campanha Nacional de Multivacina\u00e7\u00e3o de 2026, as vacinas previstas no <a href=\"https:\/\/www.gov.br\/saude\/pt-br\/vacinacao\/calendario\" target=\"_blank\">Calend\u00e1rio Nacional de Vacina\u00e7\u00e3o<\/a>\u00a0permanecem dispon\u00edveis regularmente durante todo o ano no Sistema \u00danico de Sa\u00fade (SUS) e nos pontos de vacina\u00e7\u00e3o organizados pelos estados e munic\u00edpios.<\/p>\n<p>A vacina\u00e7\u00e3o \u00e9 feita de acordo com o hist\u00f3rico de cada crian\u00e7a ou adolescente: ap\u00f3s a avalia\u00e7\u00e3o da caderneta, os profissionais de sa\u00fade identificam quais vacinas s\u00e3o necess\u00e1rias para iniciar, completar ou atualizar o esquema recomendado.<\/p>\n<h2>Refor\u00e7o contra o sarampo<\/h2>\n<p>A vacina\u00e7\u00e3o contra o sarampo tamb\u00e9m foi intensificada nos munic\u00edpios de S\u00e3o Paulo, Guarulhos e S\u00e3o Bernardo do Campo, em S\u00e3o Paulo.<\/p>\n<p>O refor\u00e7o contra o sarampo foi adotado depois que a Secretaria de Estado da Sa\u00fade de S\u00e3o Paulo\u00a0confirmou a ocorr\u00eancia de casos da doen\u00e7a.<\/p>\n<p><a href=\"https:\/\/agenciabrasil.ebc.com.br\/saude\/noticia\/2026-08\/sao-paulo-chega-26-casos-de-sarampo-em-2026\" target=\"_blank\">Somente em 2026, at\u00e9 27 de agosto, j\u00e1 s\u00e3o 26\u00a0ocorr\u00eancias do tipo<\/a>. Entre as pessoas infectadas, 19 delas n\u00e3o tinham se vacinado ou tinham esquema vacinal incompleto.<\/p>\n<p>Em 2025, foram registrados 38 casos de sarampo importados ou relacionados \u00e0 importa\u00e7\u00e3o no pa\u00eds.<\/p>\n","protected":false},"excerpt":{"rendered":"<p>Mais de 8 milh\u00f5es de doses de vacinas foram aplicadas em todo o pa\u00eds durante a Campanha Nacional de Multivacina\u00e7\u00e3o de 2026, iniciada em 3 de agosto e que se encerra nesta ter\u00e7a-feira (1\u00ba). Realizada pelo Minist\u00e9rio da Sa\u00fade, em parceria com estados e munic\u00edpios, a campanha nacional combate doen\u00e7as preven\u00edveis por imuniza\u00e7\u00e3o. O p\u00fablico [&hellip;]<\/p>\n","protected":false},"author":33,"featured_media":45729,"comment_status":"open","ping_status":"open","sticky":false,"template":"","format":"standard","meta":{"site-sidebar-layout":"default","site-content-layout":"","ast-site-content-layout":"default","site-content-style":"default","site-sidebar-style":"default","ast-global-header-display":"","ast-banner-title-visibility":"","ast-main-header-display":"","ast-hfb-above-header-display":"","ast-hfb-below-header-display":"","ast-hfb-mobile-header-display":"","site-post-title":"","ast-breadcrumbs-content":"","ast-featured-img":"","footer-sml-layout":"","ast-disable-related-posts":"","theme-transparent-header-meta":"","adv-header-id-meta":"","stick-header-meta":"","header-above-stick-meta":"","header-main-stick-meta":"","header-below-stick-meta":"","astra-migrate-meta-layouts":"default","ast-page-background-enabled":"default","ast-page-background-meta":{"desktop":{"background-color":"var(--ast-global-color-4)","background-image":"","background-repeat":"repeat","background-position":"center center","background-size":"auto","background-attachment":"scroll","background-type":"","background-media":"","overlay-type":"","overlay-color":"","overlay-opacity":"","overlay-gradient":""},"tablet":{"background-color":"","background-image":"","background-repeat":"repeat","background-position":"center center","background-size":"auto","background-attachment":"scroll","background-type":"","background-media":"","overlay-type":"","overlay-color":"","overlay-opacity":"","overlay-gradient":""},"mobile":{"background-color":"","background-image":"","background-repeat":"repeat","background-position":"center center","background-size":"auto","background-attachment":"scroll","background-type":"","background-media":"","overlay-type":"","overlay-color":"","overlay-opacity":"","overlay-gradient":""}},"ast-content-background-meta":{"desktop":{"background-color":"var(--ast-global-color-5)","background-image":"","background-repeat":"repeat","background-position":"center center","background-size":"auto","background-attachment":"scroll","background-type":"","background-media":"","overlay-type":"","overlay-color":"","overlay-opacity":"","overlay-gradient":""},"tablet":{"background-color":"var(--ast-global-color-5)","background-image":"","background-repeat":"repeat","background-position":"center center","background-size":"auto","background-attachment":"scroll","background-type":"","background-media":"","overlay-type":"","overlay-color":"","overlay-opacity":"","overlay-gradient":""},"mobile":{"background-color":"var(--ast-global-color-5)","background-image":"","background-repeat":"repeat","background-position":"center center","background-size":"auto","background-attachment":"scroll","background-type":"","background-media":"","overlay-type":"","overlay-color":"","overlay-opacity":"","overlay-gradient":""}},"footnotes":""},"categories":[11],"tags":[],"class_list":["post-45728","post","type-post","status-publish","format-standard","has-post-thumbnail","hentry","category-saude-e-bem-estar"],"_links":{"self":[{"href":"https:\/\/colunadahora.com.br\/index.php?rest_route=\/wp\/v2\/posts\/45728","targetHints":{"allow":["GET"]}}],"collection":[{"href":"https:\/\/colunadahora.com.br\/index.php?rest_route=\/wp\/v2\/posts"}],"about":[{"href":"https:\/\/colunadahora.com.br\/index.php?rest_route=\/wp\/v2\/types\/post"}],"author":[{"embeddable":true,"href":"https:\/\/colunadahora.com.br\/index.php?rest_route=\/wp\/v2\/users\/33"}],"replies":[{"embeddable":true,"href":"https:\/\/colunadahora.com.br\/index.php?rest_route=%2Fwp%2Fv2%2Fcomments&post=45728"}],"version-history":[{"count":0,"href":"https:\/\/colunadahora.com.br\/index.php?rest_route=\/wp\/v2\/posts\/45728\/revisions"}],"wp:featuredmedia":[{"embeddable":true,"href":"https:\/\/colunadahora.com.br\/index.php?rest_route=\/wp\/v2\/media\/45729"}],"wp:attachment":[{"href":"https:\/\/colunadahora.com.br\/index.php?rest_route=%2Fwp%2Fv2%2Fmedia&parent=45728"}],"wp:term":[{"taxonomy":"category","embeddable":true,"href":"https:\/\/colunadahora.com.br\/index.php?rest_route=%2Fwp%2Fv2%2Fcategories&post=45728"},{"taxonomy":"post_tag","embeddable":true,"href":"https:\/\/colunadahora.com.br\/index.php?rest_route=%2Fwp%2Fv2%2Ftags&post=45728"}],"curies":[{"name":"wp","href":"https:\/\/api.w.org\/{rel}","templated":true}]}}