{"id":45726,"date":"2026-09-01T12:19:17","date_gmt":"2026-09-01T15:19:17","guid":{"rendered":"https:\/\/colunadahora.com.br\/?p=45726"},"modified":"2026-09-01T12:19:17","modified_gmt":"2026-09-01T15:19:17","slug":"organizacoes-criticam-incentivo-fiscal-para-data-centers-no-brasil","status":"publish","type":"post","link":"https:\/\/colunadahora.com.br\/?p=45726","title":{"rendered":"Organiza\u00e7\u00f5es criticam incentivo fiscal para data centers no Brasil"},"content":{"rendered":"<\/p>\n<p><a class=\"\" href=\"https:\/\/agenciabrasil.ebc.com.br\/politica\/noticia\/2026-09\/organizacoes-criticam-incentivo-fiscal-para-data-centers-no-brasil\"><br \/>\n                    <img decoding=\"async\" src=\"https:\/\/cdn.jsdelivr.net\/gh\/sergiosdlima\/assets-ebc@1.0.0\/abr\/assets\/images\/logo-agenciabrasil.svg\" alt=\"Logo Ag\u00eancia Brasil\"><br \/>\n\t\t\t\t<\/a><\/p>\n<p>Organiza\u00e7\u00f5es da sociedade civil, sindicatos e movimentos sociais publicaram uma nota criticando o projeto de lei que cria o programa Redata, com incentivos fiscais para instala\u00e7\u00e3o, no Brasil, de data centers de grandes empresas de tecnologia, as big techs. <strong>As entidades pedem mais negocia\u00e7\u00e3o e mudan\u00e7as no texto para garantir a soberania digital do pa\u00eds.<\/strong><img decoding=\"async\" src=\"https:\/\/agenciabrasil.ebc.com.br\/ebc.png?id=1701230&#038;o=rss\"><img decoding=\"async\" src=\"https:\/\/agenciabrasil.ebc.com.br\/ebc.gif?id=1701230&#038;o=rss\"><\/p>\n<p>Os data centers s\u00e3o centros que re\u00fanem equipamentos de computa\u00e7\u00e3o usados pelas plataformas digitais para processar sistemas de intelig\u00eancia artificial (IA) e armazenar os dados das \u201cnuvens\u201d das bigtechs.\u00a0<\/p>\n<\/p>\n<h3>Not\u00edcias relacionadas:<\/h3>\n<ul>\n<li><a href=\"https:\/\/agenciabrasil.ebc.com.br\/meio-ambiente\/noticia\/2026-07\/brasil-precisa-garantir-contrapartidas-para-receber-data-centers\">Brasil precisa garantir contrapartidas para receber data centers.<\/a><\/li>\n<li><a href=\"https:\/\/agenciabrasil.ebc.com.br\/educacao\/noticia\/2026-08\/na-era-da-ia-inclusao-digital-deve-ser-critica-defende-educadora\">Na era da IA, inclus\u00e3o digital deve ser cr\u00edtica, defende educadora.<\/a><\/li>\n<li><a href=\"https:\/\/agenciabrasil.ebc.com.br\/internacional\/noticia\/2026-07\/brasil-deve-aproveitar-alianca-com-china-para-soberania-digital-em-ia\">Brasil deve aproveitar alian\u00e7a com China para soberania digital em IA.<\/a><\/li>\n<\/ul>\n<p><strong>Os data centers s\u00e3o criticados, entre outros motivos, pelo elevado consumo de energia e \u00e1gua.<\/strong><\/p>\n<p>A nota p\u00fablica contra o <a href=\"https:\/\/www.camara.leg.br\/proposicoesWeb\/prop_mostrarintegra?codteor=3087874&#038;filename=Tramitacao-56-PL-278-2026\" target=\"_blank\">PL 278 de 2026<\/a>\u00a0alega que as negocia\u00e7\u00f5es n\u00e3o t\u00eam sido transparentes e exclu\u00edram as entidades da sociedade que estudam o tema.<\/p>\n<p>\u201cRejeitamos que esse movimento comece pela entrega de benef\u00edcios fiscais e privil\u00e9gios tribut\u00e1rios para acelerar a expans\u00e3o das Big Techs e outras grandes empresas do setor antes mesmo que o pa\u00eds estabele\u00e7a diretrizes adequadas para planejamento territorial, salvaguardas socioambientais e contrapartidas capazes de proteger seus recursos naturais e interesses estrat\u00e9gicos\u201d, afirma o <a href=\"http:\/\/https\/\/lapin.org.br\/2026\/08\/31\/nota-publica-o-redata-nao-deve-avancar\/\" target=\"_blank\">documento<\/a>.\u00a0<\/p>\n<p><strong>Assinam a nota, entre outras entidades, a Coaliz\u00e3o Direitos na Rede, que re\u00fane mais de 50 organiza\u00e7\u00f5es do setor; o Laborat\u00f3rio de Pol\u00edticas P\u00fablicas e Internet (Lapin); o Instituto de Defesa do Consumidor (Idec); e a Rede pela Soberania Digital.<\/strong><\/p>\n<p>As entidades dizem defender a atra\u00e7\u00e3o de investimentos, mas destacam que \u00e9 preciso garantir mais contrapartidas das empresas beneficiadas pela isen\u00e7\u00e3o fiscal que contribuam para promover as capacidades tecnol\u00f3gicas e cient\u00edficas nacionais.<\/p>\n<blockquote>\n<p>\u201cSem contrapartidas proporcionais, o Brasil corre o risco de conceder benef\u00edcios fiscais e disponibilizar recursos estrat\u00e9gicos enquanto assume os custos ambientais e sociais de infraestruturas controladas por grandes grupos econ\u00f4micos globais\u201d, alertam as entidades.<\/p>\n<\/blockquote>\n<h2>Senado<\/h2>\n<p>O PL 278 de 2026, j\u00e1 aprovado na C\u00e2mara dos Deputados, entrou na pauta de vota\u00e7\u00e3o do Senado esta semana. O projeto substitui a <a href=\"https:\/\/legis.senado.leg.br\/sdleg-getter\/documento?dm=10162770&#038;ts=1788263061931&#038;disposition=inline\" target=\"_blank\">medida provis\u00f3ria<\/a> que previa a cria\u00e7\u00e3o do Regime Especial para Servi\u00e7os de Data Center (Redata), que <strong>perdeu a validade em fevereiro<\/strong>.\u00a0 \u00a0<\/p>\n<p>O Redata, relatado no Senado pelo senador Cid Gomes (PDT-CE), prev\u00ea zerar impostos federais para importa\u00e7\u00e3o de componentes eletr\u00f4nicos e de tecnologia da informa\u00e7\u00e3o destinados aos data centers como forma de incentivar a instala\u00e7\u00e3o desses equipamentos no Brasil.<\/p>\n<p><strong>Como contrapartida, as empresas ter\u00e3o que usar energia de fonte limpa ou renov\u00e1vel, al\u00e9m de apresentar \u00cdndice de Efici\u00eancia H\u00eddrica no uso da \u00e1gua para resfriamento dos equipamentos igual ou inferior a 0,05 litro\/kWh em aferi\u00e7\u00e3o anual.<\/strong><\/p>\n<p>O PL ainda obriga as empresas beneficiadas a realizar investimentos no pa\u00eds equivalentes a 2% do valor dos produtos comprados com o benef\u00edcio fiscal e reservar 10% dos servi\u00e7os dos datacenters para o mercado interno.<\/p>\n<p>A estimativa do governo \u00e9 de uma isen\u00e7\u00e3o em torno de R$ 5,2 bilh\u00f5es ainda este ano e de R$ 1 bilh\u00e3o em cada um dos dois anos seguintes, segundo o parecer ao projeto na C\u00e2mara do deputado Aguinaldo Ribeiro (PP-PB).<\/p>\n<p>\u201cO Redata garantir\u00e1 ao pa\u00eds recursos para o desenvolvimento de tecnologia pr\u00f3pria nos mais diversos ramos da economia moderna\u201d, justificou Agnaldo Ribeiro em seu <a href=\"https:\/\/legis.senado.leg.br\/sdleg-getter\/documento?dm=10162770&#038;ts=1788263061931&#038;disposition=inline\" target=\"_blank\">parecer<\/a>.\u00a0\u00a0<\/p>\n<h2>Soberania digital<\/h2>\n<p>De acordo com as entidades da sociedade civil que publicaram a nota, o <strong>projeto de lei n\u00e3o foi suficientemente debatido para garantir que possa aumentar a soberania digital do Brasil<\/strong> e reduzir a depend\u00eancia externa de tecnologias da informa\u00e7\u00e3o.<\/p>\n<p>\u201cSoberania n\u00e3o se resume a instalar servidores em territ\u00f3rio nacional. Ela envolve capacidades tecnol\u00f3gicas e cient\u00edficas nacionais, seguran\u00e7a e governan\u00e7a de dados, autonomia energ\u00e9tica e prote\u00e7\u00e3o dos recursos naturais\u201d, defendem as entidades na nota.<\/p>\n","protected":false},"excerpt":{"rendered":"<p>Organiza\u00e7\u00f5es da sociedade civil, sindicatos e movimentos sociais publicaram uma nota criticando o projeto de lei que cria o programa Redata, com incentivos fiscais para instala\u00e7\u00e3o, no Brasil, de data centers de grandes empresas de tecnologia, as big techs. As entidades pedem mais negocia\u00e7\u00e3o e mudan\u00e7as no texto para garantir a soberania digital do pa\u00eds. [&hellip;]<\/p>\n","protected":false},"author":74,"featured_media":45727,"comment_status":"open","ping_status":"open","sticky":false,"template":"","format":"standard","meta":{"site-sidebar-layout":"default","site-content-layout":"","ast-site-content-layout":"default","site-content-style":"default","site-sidebar-style":"default","ast-global-header-display":"","ast-banner-title-visibility":"","ast-main-header-display":"","ast-hfb-above-header-display":"","ast-hfb-below-header-display":"","ast-hfb-mobile-header-display":"","site-post-title":"","ast-breadcrumbs-content":"","ast-featured-img":"","footer-sml-layout":"","ast-disable-related-posts":"","theme-transparent-header-meta":"","adv-header-id-meta":"","stick-header-meta":"","header-above-stick-meta":"","header-main-stick-meta":"","header-below-stick-meta":"","astra-migrate-meta-layouts":"default","ast-page-background-enabled":"default","ast-page-background-meta":{"desktop":{"background-color":"var(--ast-global-color-4)","background-image":"","background-repeat":"repeat","background-position":"center center","background-size":"auto","background-attachment":"scroll","background-type":"","background-media":"","overlay-type":"","overlay-color":"","overlay-opacity":"","overlay-gradient":""},"tablet":{"background-color":"","background-image":"","background-repeat":"repeat","background-position":"center center","background-size":"auto","background-attachment":"scroll","background-type":"","background-media":"","overlay-type":"","overlay-color":"","overlay-opacity":"","overlay-gradient":""},"mobile":{"background-color":"","background-image":"","background-repeat":"repeat","background-position":"center center","background-size":"auto","background-attachment":"scroll","background-type":"","background-media":"","overlay-type":"","overlay-color":"","overlay-opacity":"","overlay-gradient":""}},"ast-content-background-meta":{"desktop":{"background-color":"var(--ast-global-color-5)","background-image":"","background-repeat":"repeat","background-position":"center center","background-size":"auto","background-attachment":"scroll","background-type":"","background-media":"","overlay-type":"","overlay-color":"","overlay-opacity":"","overlay-gradient":""},"tablet":{"background-color":"var(--ast-global-color-5)","background-image":"","background-repeat":"repeat","background-position":"center center","background-size":"auto","background-attachment":"scroll","background-type":"","background-media":"","overlay-type":"","overlay-color":"","overlay-opacity":"","overlay-gradient":""},"mobile":{"background-color":"var(--ast-global-color-5)","background-image":"","background-repeat":"repeat","background-position":"center center","background-size":"auto","background-attachment":"scroll","background-type":"","background-media":"","overlay-type":"","overlay-color":"","overlay-opacity":"","overlay-gradient":""}},"footnotes":""},"categories":[4],"tags":[],"class_list":["post-45726","post","type-post","status-publish","format-standard","has-post-thumbnail","hentry","category-politica"],"_links":{"self":[{"href":"https:\/\/colunadahora.com.br\/index.php?rest_route=\/wp\/v2\/posts\/45726","targetHints":{"allow":["GET"]}}],"collection":[{"href":"https:\/\/colunadahora.com.br\/index.php?rest_route=\/wp\/v2\/posts"}],"about":[{"href":"https:\/\/colunadahora.com.br\/index.php?rest_route=\/wp\/v2\/types\/post"}],"author":[{"embeddable":true,"href":"https:\/\/colunadahora.com.br\/index.php?rest_route=\/wp\/v2\/users\/74"}],"replies":[{"embeddable":true,"href":"https:\/\/colunadahora.com.br\/index.php?rest_route=%2Fwp%2Fv2%2Fcomments&post=45726"}],"version-history":[{"count":0,"href":"https:\/\/colunadahora.com.br\/index.php?rest_route=\/wp\/v2\/posts\/45726\/revisions"}],"wp:featuredmedia":[{"embeddable":true,"href":"https:\/\/colunadahora.com.br\/index.php?rest_route=\/wp\/v2\/media\/45727"}],"wp:attachment":[{"href":"https:\/\/colunadahora.com.br\/index.php?rest_route=%2Fwp%2Fv2%2Fmedia&parent=45726"}],"wp:term":[{"taxonomy":"category","embeddable":true,"href":"https:\/\/colunadahora.com.br\/index.php?rest_route=%2Fwp%2Fv2%2Fcategories&post=45726"},{"taxonomy":"post_tag","embeddable":true,"href":"https:\/\/colunadahora.com.br\/index.php?rest_route=%2Fwp%2Fv2%2Ftags&post=45726"}],"curies":[{"name":"wp","href":"https:\/\/api.w.org\/{rel}","templated":true}]}}