{"id":45725,"date":"2026-09-01T12:22:46","date_gmt":"2026-09-01T15:22:46","guid":{"rendered":"https:\/\/colunadahora.com.br\/?p=45725"},"modified":"2026-09-01T12:24:41","modified_gmt":"2026-09-01T15:24:41","slug":"portal-colunadahora-com-br-farra-das-diarias-governo-marcos-rocha-usou-mais-de-7-milhoes-do-dinheiro-publico-em-viajens-internacionais","status":"publish","type":"post","link":"https:\/\/colunadahora.com.br\/?p=45725","title":{"rendered":"PORTAL COLUNADAHORA.COM.BR &#8211; FARRA DAS DI\u00c1RIAS: GOVERNO MARCOS ROCHA USOU MAIS DE 7 MILH\u00d5ES DO DINHEIRO P\u00daBLICO EM VIAGENS INTERNACIONAIS"},"content":{"rendered":"<p style=\"text-align: center;\"><img fetchpriority=\"high\" decoding=\"async\" class=\"alignnone wp-image-45730\" src=\"https:\/\/colunadahora.com.br\/wp-content\/uploads\/2026\/09\/VIAJENSGOV-300x104.jpg\" alt=\"\" width=\"635\" height=\"220\" srcset=\"https:\/\/colunadahora.com.br\/wp-content\/uploads\/2026\/09\/VIAJENSGOV-300x104.jpg 300w, https:\/\/colunadahora.com.br\/wp-content\/uploads\/2026\/09\/VIAJENSGOV-1024x356.jpg 1024w, https:\/\/colunadahora.com.br\/wp-content\/uploads\/2026\/09\/VIAJENSGOV-768x267.jpg 768w, https:\/\/colunadahora.com.br\/wp-content\/uploads\/2026\/09\/VIAJENSGOV-260x90.jpg 260w, https:\/\/colunadahora.com.br\/wp-content\/uploads\/2026\/09\/VIAJENSGOV-600x209.jpg 600w, https:\/\/colunadahora.com.br\/wp-content\/uploads\/2026\/09\/VIAJENSGOV.jpg 1366w\" sizes=\"(max-width: 635px) 100vw, 635px\" \/><\/p>\n<p style=\"text-align: center;\"><em>Mais de R$ 600 mil foram pagos pelo contribuinte de Rond\u00f4nia apenas para as despesas pessoais do governador com di\u00e1rias em viagens para dezoito pa\u00edses da \u00c1sia, Europa e continente americano <\/em><\/p>\n<p>&nbsp;<\/p>\n<p>A velha m\u00e1xima de que \u201ctodo povo tem o governo que merece\u201d cabe muito bem no Estado de Rond\u00f4nia. Segundo a pesquisa Quaest, publicada em agosto de 2026, o governador tem um \u00edndice de aprova\u00e7\u00e3o de 46% da popula\u00e7\u00e3o, contra 38% que desaprovam. Isso significa que, se Marcos Rocha tivesse direito a um terceiro mandato, teria grandes chances de ser eleito.<\/p>\n<p>Se por um lado a popula\u00e7\u00e3o fica decepcionada toda vez que precisa enfrentar filas quilom\u00e9tricas e recebe um atendimento extremamente prec\u00e1rio nos hospitais do Governo do Estado, por outro lado a mesma popula\u00e7\u00e3o parece ficar bastante satisfeita quando o assunto s\u00e3o as constantes viagens internacionais do governador Marcos Rocha.<\/p>\n<p>Em seus dois mandatos, o principal pol\u00edtico rondoniense esteve longe do Pal\u00e1cio Rio Madeira durante pelo menos 227 dias. O tour incluiu visitas a dezoito pa\u00edses por tr\u00eas continentes, incluindo diversas passagens por Estados Unidos, Israel, China e na\u00e7\u00f5es da Europa. O custo para o contribuinte do Estado alcan\u00e7ou mais de R$ 7 milh\u00f5es, o equivalente a quatro reais de impostos por habitante, o que nem de longe parece incomodar boa parte dos rondonienses.<\/p>\n<p>Somente em despesas com di\u00e1rias exclusivas do governador Marcos Rocha foram gastos mais de R$ 600 mil. Os n\u00fameros est\u00e3o dispon\u00edveis no portal da transpar\u00eancia do Governo de Rond\u00f4nia. Ausente do cargo por sete meses e meio, num per\u00edodo de sete anos e meio de mandato, o governador tirou \u201cf\u00e9rias internacionais\u201d numa m\u00e9dia de trinta dias por ano trabalhado.<\/p>\n<p>No per\u00edodo em que esteve fora do Brasil, o governador recebeu em sua conta banc\u00e1ria o equivalente a R$ 2.643,00 por dia. O \u00faltimo Censo Oficial do IBGE, realizado em 2022, apontou que a renda per capita mensal no Estado de Rond\u00f4nia \u00e9 de R$ 1.991,00, por\u00e9m, mais de 30% da popula\u00e7\u00e3o rondoniense recebe R$ 486 mensais per capita. No per\u00edodo em que passou viajando, o governador recebeu quase R$ 80 mil por m\u00eas em di\u00e1rias depositadas diretamente em sua conta pessoal. Afinal, parece que a popula\u00e7\u00e3o se conforma em viajar dentro de ambul\u00e2ncias por todo o Estado, desde que o governador possa continua viajando de primeira classe pelos pa\u00edses mais ricos do mundo.<\/p>\n<p>&nbsp;<\/p>\n<p>Jornalista: Paulo Mendes<\/p>\n","protected":false},"excerpt":{"rendered":"<p>Mais de R$ 600 mil foram pagos pelo contribuinte de Rond\u00f4nia apenas para as despesas pessoais do governador com di\u00e1rias em viagens para dezoito pa\u00edses da \u00c1sia, Europa e continente americano &nbsp; A velha m\u00e1xima de que \u201ctodo povo tem o governo que merece\u201d cabe muito bem no Estado de Rond\u00f4nia. Segundo a pesquisa Quaest, [&hellip;]<\/p>\n","protected":false},"author":1,"featured_media":45731,"comment_status":"open","ping_status":"closed","sticky":false,"template":"","format":"standard","meta":{"site-sidebar-layout":"default","site-content-layout":"","ast-site-content-layout":"default","site-content-style":"default","site-sidebar-style":"default","ast-global-header-display":"","ast-banner-title-visibility":"","ast-main-header-display":"","ast-hfb-above-header-display":"","ast-hfb-below-header-display":"","ast-hfb-mobile-header-display":"","site-post-title":"","ast-breadcrumbs-content":"","ast-featured-img":"","footer-sml-layout":"","ast-disable-related-posts":"","theme-transparent-header-meta":"default","adv-header-id-meta":"","stick-header-meta":"","header-above-stick-meta":"","header-main-stick-meta":"","header-below-stick-meta":"","astra-migrate-meta-layouts":"set","ast-page-background-enabled":"default","ast-page-background-meta":{"desktop":{"background-color":"var(--ast-global-color-4)","background-image":"","background-repeat":"repeat","background-position":"center center","background-size":"auto","background-attachment":"scroll","background-type":"","background-media":"","overlay-type":"","overlay-color":"","overlay-opacity":"","overlay-gradient":""},"tablet":{"background-color":"","background-image":"","background-repeat":"repeat","background-position":"center center","background-size":"auto","background-attachment":"scroll","background-type":"","background-media":"","overlay-type":"","overlay-color":"","overlay-opacity":"","overlay-gradient":""},"mobile":{"background-color":"","background-image":"","background-repeat":"repeat","background-position":"center center","background-size":"auto","background-attachment":"scroll","background-type":"","background-media":"","overlay-type":"","overlay-color":"","overlay-opacity":"","overlay-gradient":""}},"ast-content-background-meta":{"desktop":{"background-color":"var(--ast-global-color-5)","background-image":"","background-repeat":"repeat","background-position":"center center","background-size":"auto","background-attachment":"scroll","background-type":"","background-media":"","overlay-type":"","overlay-color":"","overlay-opacity":"","overlay-gradient":""},"tablet":{"background-color":"var(--ast-global-color-5)","background-image":"","background-repeat":"repeat","background-position":"center center","background-size":"auto","background-attachment":"scroll","background-type":"","background-media":"","overlay-type":"","overlay-color":"","overlay-opacity":"","overlay-gradient":""},"mobile":{"background-color":"var(--ast-global-color-5)","background-image":"","background-repeat":"repeat","background-position":"center center","background-size":"auto","background-attachment":"scroll","background-type":"","background-media":"","overlay-type":"","overlay-color":"","overlay-opacity":"","overlay-gradient":""}},"footnotes":""},"categories":[46,4],"tags":[],"class_list":["post-45725","post","type-post","status-publish","format-standard","has-post-thumbnail","hentry","category-destaques-da-hora","category-politica"],"_links":{"self":[{"href":"https:\/\/colunadahora.com.br\/index.php?rest_route=\/wp\/v2\/posts\/45725","targetHints":{"allow":["GET"]}}],"collection":[{"href":"https:\/\/colunadahora.com.br\/index.php?rest_route=\/wp\/v2\/posts"}],"about":[{"href":"https:\/\/colunadahora.com.br\/index.php?rest_route=\/wp\/v2\/types\/post"}],"author":[{"embeddable":true,"href":"https:\/\/colunadahora.com.br\/index.php?rest_route=\/wp\/v2\/users\/1"}],"replies":[{"embeddable":true,"href":"https:\/\/colunadahora.com.br\/index.php?rest_route=%2Fwp%2Fv2%2Fcomments&post=45725"}],"version-history":[{"count":2,"href":"https:\/\/colunadahora.com.br\/index.php?rest_route=\/wp\/v2\/posts\/45725\/revisions"}],"predecessor-version":[{"id":45733,"href":"https:\/\/colunadahora.com.br\/index.php?rest_route=\/wp\/v2\/posts\/45725\/revisions\/45733"}],"wp:featuredmedia":[{"embeddable":true,"href":"https:\/\/colunadahora.com.br\/index.php?rest_route=\/wp\/v2\/media\/45731"}],"wp:attachment":[{"href":"https:\/\/colunadahora.com.br\/index.php?rest_route=%2Fwp%2Fv2%2Fmedia&parent=45725"}],"wp:term":[{"taxonomy":"category","embeddable":true,"href":"https:\/\/colunadahora.com.br\/index.php?rest_route=%2Fwp%2Fv2%2Fcategories&post=45725"},{"taxonomy":"post_tag","embeddable":true,"href":"https:\/\/colunadahora.com.br\/index.php?rest_route=%2Fwp%2Fv2%2Ftags&post=45725"}],"curies":[{"name":"wp","href":"https:\/\/api.w.org\/{rel}","templated":true}]}}