{"id":45721,"date":"2026-09-01T11:54:31","date_gmt":"2026-09-01T14:54:31","guid":{"rendered":"https:\/\/colunadahora.com.br\/?p=45721"},"modified":"2026-09-01T11:55:39","modified_gmt":"2026-09-01T14:55:39","slug":"portal-colunadahora-com-br-ladroes-de-joias-viajam-de-brasilia-df-a-porto-velho-ro-para-tentar-furtar-joalheria-em-shopping-center","status":"publish","type":"post","link":"https:\/\/colunadahora.com.br\/?p=45721","title":{"rendered":"PORTAL COLUNADAHORA.COM.BR &#8211; LADR\u00d5ES DE J\u00d3IAS VIAJAM DE BRAS\u00cdLIA-DF A PORTO VELHO-RO PARA TENTAR FURTAR JOALHERIA EM SHOPPING CENTER"},"content":{"rendered":"<p style=\"text-align: center;\" data-start=\"95\" data-end=\"385\">Foto: Imagem Ilustrativa<\/p>\n<p data-start=\"95\" data-end=\"385\">\n<p data-start=\"95\" data-end=\"385\">Dois homens, de 18 e 28 anos, moradores de Bras\u00edlia (DF), foram presos pela Pol\u00edcia Militar na madrugada desta ter\u00e7a-feira (1\u00ba), ap\u00f3s serem flagrados durante uma tentativa de furto a uma joalheria dentro do Porto Velho Shopping, na capital de Rond\u00f4nia. Eles viajaram mais de 2.500 km para tentar executar o plano criminoso.<\/p>\n<p data-start=\"387\" data-end=\"740\">Segundo informa\u00e7\u00f5es policiais, a dupla havia chegado a Porto Velho havia poucos dias e estaria hospedada em um hotel. A a\u00e7\u00e3o foi descoberta depois que o sistema de monitoramento do shopping identificou uma movimenta\u00e7\u00e3o suspeita. Um dos suspeitos entrou em um restaurante e conseguiu acessar o forro do estabelecimento, por onde tentaria chegar \u00e0s lojas.<\/p>\n<p data-start=\"742\" data-end=\"1097\">Com o acionamento da Pol\u00edcia Militar, as equipes fizeram um cerco. Um dos homens foi localizado quando tentava deixar o shopping em um ve\u00edculo de transporte por aplicativo. O segundo foi encontrado escondido no forro da joalheria, onde, segundo a ocorr\u00eancia, tentava romper a estrutura para entrar no estabelecimento.<\/p>\n<h3 data-section-id=\"8bzusz\" data-start=\"1099\" data-end=\"1141\"><span role=\"text\"><strong data-start=\"1103\" data-end=\"1141\">Ferramentas indicam a\u00e7\u00e3o planejada<\/strong><\/span><\/h3>\n<p data-start=\"1143\" data-end=\"1426\">Durante a abordagem, os policiais apreenderam uma mochila com diversas ferramentas que, segundo a pol\u00edcia, seriam utilizadas no arrombamento. Entre os materiais estavam p\u00e9 de cabra, serras, alicates, chaves de fenda, lanterna, marreta de borracha, corda, luvas e carregador port\u00e1til, em uma cl\u00e1ssica a\u00e7\u00e3o clich\u00ea de cinema.<\/p>\n<p data-start=\"1428\" data-end=\"1726\">Ainda conforme o registro policial, o suspeito que estava no forro mantinha comunica\u00e7\u00e3o pelo celular com outra pessoa e aparentemente recebia orienta\u00e7\u00f5es durante a a\u00e7\u00e3o. Os aparelhos dos dois homens foram apreendidos e dever\u00e3o ser analisados pela investiga\u00e7\u00e3o. Os caras realmente estavam trocando informa\u00e7\u00f5es importantes para tentar sucesso na subtra\u00e7\u00e3o das joias.<\/p>\n<p data-start=\"1728\" data-end=\"1888\">A dupla recebeu voz de pris\u00e3o em flagrante por tentativa de furto qualificado, com rompimento de obst\u00e1culo, e foi encaminhada ao Departamento de Flagrantes.<\/p>\n<p data-start=\"1890\" data-end=\"2129\">A Pol\u00edcia Civil deve investigar se os suspeitos fazem parte de uma organiza\u00e7\u00e3o especializada em furtos de joalherias e se possuem liga\u00e7\u00e3o com outros crimes semelhantes praticados em diferentes estados.<\/p>\n<p data-start=\"2131\" data-end=\"2388\" data-is-last-node=\"\" data-is-only-node=\"\"><strong data-start=\"2131\" data-end=\"2204\">A ocorr\u00eancia chama aten\u00e7\u00e3o pela dist\u00e2ncia percorrida pelos suspeitos<\/strong><\/p>\n<p data-start=\"2131\" data-end=\"2388\" data-is-last-node=\"\" data-is-only-node=\"\">Segundo a pol\u00edcia, eles teriam sa\u00eddo de Bras\u00edlia, chegado recentemente a Porto Velho e planejado a a\u00e7\u00e3o contra uma joalheria dentro de um dos principais centros comerciais da capital.<\/p>\n<p data-start=\"2131\" data-end=\"2388\" data-is-last-node=\"\" data-is-only-node=\"\"><strong>FONTE:<\/strong> COLUNA DA HORA \/ DI\u00c1RIO DA AMAZ\u00d4NIA \/ PM-RO<\/p>\n","protected":false},"excerpt":{"rendered":"<p>Foto: Imagem Ilustrativa Dois homens, de 18 e 28 anos, moradores de Bras\u00edlia (DF), foram presos pela Pol\u00edcia Militar na madrugada desta ter\u00e7a-feira (1\u00ba), ap\u00f3s serem flagrados durante uma tentativa de furto a uma joalheria dentro do Porto Velho Shopping, na capital de Rond\u00f4nia. Eles viajaram mais de 2.500 km para tentar executar o plano [&hellip;]<\/p>\n","protected":false},"author":1,"featured_media":45722,"comment_status":"open","ping_status":"closed","sticky":false,"template":"","format":"standard","meta":{"site-sidebar-layout":"default","site-content-layout":"","ast-site-content-layout":"default","site-content-style":"default","site-sidebar-style":"default","ast-global-header-display":"","ast-banner-title-visibility":"","ast-main-header-display":"","ast-hfb-above-header-display":"","ast-hfb-below-header-display":"","ast-hfb-mobile-header-display":"","site-post-title":"","ast-breadcrumbs-content":"","ast-featured-img":"","footer-sml-layout":"","ast-disable-related-posts":"","theme-transparent-header-meta":"default","adv-header-id-meta":"","stick-header-meta":"","header-above-stick-meta":"","header-main-stick-meta":"","header-below-stick-meta":"","astra-migrate-meta-layouts":"set","ast-page-background-enabled":"default","ast-page-background-meta":{"desktop":{"background-color":"var(--ast-global-color-4)","background-image":"","background-repeat":"repeat","background-position":"center center","background-size":"auto","background-attachment":"scroll","background-type":"","background-media":"","overlay-type":"","overlay-color":"","overlay-opacity":"","overlay-gradient":""},"tablet":{"background-color":"","background-image":"","background-repeat":"repeat","background-position":"center center","background-size":"auto","background-attachment":"scroll","background-type":"","background-media":"","overlay-type":"","overlay-color":"","overlay-opacity":"","overlay-gradient":""},"mobile":{"background-color":"","background-image":"","background-repeat":"repeat","background-position":"center center","background-size":"auto","background-attachment":"scroll","background-type":"","background-media":"","overlay-type":"","overlay-color":"","overlay-opacity":"","overlay-gradient":""}},"ast-content-background-meta":{"desktop":{"background-color":"var(--ast-global-color-5)","background-image":"","background-repeat":"repeat","background-position":"center center","background-size":"auto","background-attachment":"scroll","background-type":"","background-media":"","overlay-type":"","overlay-color":"","overlay-opacity":"","overlay-gradient":""},"tablet":{"background-color":"var(--ast-global-color-5)","background-image":"","background-repeat":"repeat","background-position":"center center","background-size":"auto","background-attachment":"scroll","background-type":"","background-media":"","overlay-type":"","overlay-color":"","overlay-opacity":"","overlay-gradient":""},"mobile":{"background-color":"var(--ast-global-color-5)","background-image":"","background-repeat":"repeat","background-position":"center center","background-size":"auto","background-attachment":"scroll","background-type":"","background-media":"","overlay-type":"","overlay-color":"","overlay-opacity":"","overlay-gradient":""}},"footnotes":""},"categories":[46,64],"tags":[],"class_list":["post-45721","post","type-post","status-publish","format-standard","has-post-thumbnail","hentry","category-destaques-da-hora","category-policia"],"_links":{"self":[{"href":"https:\/\/colunadahora.com.br\/index.php?rest_route=\/wp\/v2\/posts\/45721","targetHints":{"allow":["GET"]}}],"collection":[{"href":"https:\/\/colunadahora.com.br\/index.php?rest_route=\/wp\/v2\/posts"}],"about":[{"href":"https:\/\/colunadahora.com.br\/index.php?rest_route=\/wp\/v2\/types\/post"}],"author":[{"embeddable":true,"href":"https:\/\/colunadahora.com.br\/index.php?rest_route=\/wp\/v2\/users\/1"}],"replies":[{"embeddable":true,"href":"https:\/\/colunadahora.com.br\/index.php?rest_route=%2Fwp%2Fv2%2Fcomments&post=45721"}],"version-history":[{"count":2,"href":"https:\/\/colunadahora.com.br\/index.php?rest_route=\/wp\/v2\/posts\/45721\/revisions"}],"predecessor-version":[{"id":45724,"href":"https:\/\/colunadahora.com.br\/index.php?rest_route=\/wp\/v2\/posts\/45721\/revisions\/45724"}],"wp:featuredmedia":[{"embeddable":true,"href":"https:\/\/colunadahora.com.br\/index.php?rest_route=\/wp\/v2\/media\/45722"}],"wp:attachment":[{"href":"https:\/\/colunadahora.com.br\/index.php?rest_route=%2Fwp%2Fv2%2Fmedia&parent=45721"}],"wp:term":[{"taxonomy":"category","embeddable":true,"href":"https:\/\/colunadahora.com.br\/index.php?rest_route=%2Fwp%2Fv2%2Fcategories&post=45721"},{"taxonomy":"post_tag","embeddable":true,"href":"https:\/\/colunadahora.com.br\/index.php?rest_route=%2Fwp%2Fv2%2Ftags&post=45721"}],"curies":[{"name":"wp","href":"https:\/\/api.w.org\/{rel}","templated":true}]}}