{"id":45716,"date":"2026-09-01T10:31:35","date_gmt":"2026-09-01T13:31:35","guid":{"rendered":"https:\/\/colunadahora.com.br\/?p=45716"},"modified":"2026-09-01T10:31:35","modified_gmt":"2026-09-01T13:31:35","slug":"portal-colunadahora-com-br-dr-benedito-alves-percorre-interior-de-rondonia-apresentando-propostas","status":"publish","type":"post","link":"https:\/\/colunadahora.com.br\/?p=45716","title":{"rendered":"PORTAL COLUNADAHORA.COM.BR &#8211; Dr. Benedito Alves percorre interior de Rond\u00f4nia apresentando propostas"},"content":{"rendered":"<p>Cumprindo extensa agenda pelo interior de Rond\u00f4nia, o candidato a deputado estadual Dr. Benedito Alves consolida lideran\u00e7as e apresenta propostas voltadas ao fortalecimento dos munic\u00edpios e ao aprimoramento da gest\u00e3o p\u00fablica.<\/p>\n<p>Ex-conselheiro do Tribunal de Contas do Estado (TCE-RO) e ex-professor universit\u00e1rio, Benedito Alves traz a bagagem do controle p\u00fablico para defender um mandato pautado na integridade e na transpar\u00eancia, garantindo a correta aplica\u00e7\u00e3o dos recursos na Assembleia Legislativa.<\/p>\n<p>Em suas reuni\u00f5es, o candidato ressalta a import\u00e2ncia de canalizar investimentos governamentais para \u00e1reas sociais vulner\u00e1veis e criticou a falta de assist\u00eancia em setores fundamentais como a \u00e1rea social e o apoio ao esporte: &#8220;\u00c9 uma indignidade ver atletas que representam Rond\u00f4nia em competi\u00e7\u00f5es nacionais e internacionais tendo que vender pa\u00e7oca nos sem\u00e1foros para custear passagens e viagens.&#8221;<\/p>\n<p>Benedito Alves reafirma que o mandato parlamentar deve unir capacidade t\u00e9cnica, \u00e9tica e sensibilidade social para assegurar que as verbas p\u00fablicas cheguem de forma justa a quem precisa.<\/p>\n","protected":false},"excerpt":{"rendered":"<p>Cumprindo extensa agenda pelo interior de Rond\u00f4nia, o candidato a deputado estadual Dr. Benedito Alves consolida lideran\u00e7as e apresenta propostas voltadas ao fortalecimento dos munic\u00edpios e ao aprimoramento da gest\u00e3o p\u00fablica. Ex-conselheiro do Tribunal de Contas do Estado (TCE-RO) e ex-professor universit\u00e1rio, Benedito Alves traz a bagagem do controle p\u00fablico para defender um mandato pautado [&hellip;]<\/p>\n","protected":false},"author":1,"featured_media":45717,"comment_status":"open","ping_status":"closed","sticky":false,"template":"","format":"standard","meta":{"site-sidebar-layout":"default","site-content-layout":"","ast-site-content-layout":"default","site-content-style":"default","site-sidebar-style":"default","ast-global-header-display":"","ast-banner-title-visibility":"","ast-main-header-display":"","ast-hfb-above-header-display":"","ast-hfb-below-header-display":"","ast-hfb-mobile-header-display":"","site-post-title":"","ast-breadcrumbs-content":"","ast-featured-img":"","footer-sml-layout":"","ast-disable-related-posts":"","theme-transparent-header-meta":"default","adv-header-id-meta":"","stick-header-meta":"","header-above-stick-meta":"","header-main-stick-meta":"","header-below-stick-meta":"","astra-migrate-meta-layouts":"set","ast-page-background-enabled":"default","ast-page-background-meta":{"desktop":{"background-color":"var(--ast-global-color-4)","background-image":"","background-repeat":"repeat","background-position":"center center","background-size":"auto","background-attachment":"scroll","background-type":"","background-media":"","overlay-type":"","overlay-color":"","overlay-opacity":"","overlay-gradient":""},"tablet":{"background-color":"","background-image":"","background-repeat":"repeat","background-position":"center center","background-size":"auto","background-attachment":"scroll","background-type":"","background-media":"","overlay-type":"","overlay-color":"","overlay-opacity":"","overlay-gradient":""},"mobile":{"background-color":"","background-image":"","background-repeat":"repeat","background-position":"center center","background-size":"auto","background-attachment":"scroll","background-type":"","background-media":"","overlay-type":"","overlay-color":"","overlay-opacity":"","overlay-gradient":""}},"ast-content-background-meta":{"desktop":{"background-color":"var(--ast-global-color-5)","background-image":"","background-repeat":"repeat","background-position":"center center","background-size":"auto","background-attachment":"scroll","background-type":"","background-media":"","overlay-type":"","overlay-color":"","overlay-opacity":"","overlay-gradient":""},"tablet":{"background-color":"var(--ast-global-color-5)","background-image":"","background-repeat":"repeat","background-position":"center center","background-size":"auto","background-attachment":"scroll","background-type":"","background-media":"","overlay-type":"","overlay-color":"","overlay-opacity":"","overlay-gradient":""},"mobile":{"background-color":"var(--ast-global-color-5)","background-image":"","background-repeat":"repeat","background-position":"center center","background-size":"auto","background-attachment":"scroll","background-type":"","background-media":"","overlay-type":"","overlay-color":"","overlay-opacity":"","overlay-gradient":""}},"footnotes":""},"categories":[67,1],"tags":[],"class_list":["post-45716","post","type-post","status-publish","format-standard","has-post-thumbnail","hentry","category-eleicoes-2026-ro","category-sem-categoria"],"_links":{"self":[{"href":"https:\/\/colunadahora.com.br\/index.php?rest_route=\/wp\/v2\/posts\/45716","targetHints":{"allow":["GET"]}}],"collection":[{"href":"https:\/\/colunadahora.com.br\/index.php?rest_route=\/wp\/v2\/posts"}],"about":[{"href":"https:\/\/colunadahora.com.br\/index.php?rest_route=\/wp\/v2\/types\/post"}],"author":[{"embeddable":true,"href":"https:\/\/colunadahora.com.br\/index.php?rest_route=\/wp\/v2\/users\/1"}],"replies":[{"embeddable":true,"href":"https:\/\/colunadahora.com.br\/index.php?rest_route=%2Fwp%2Fv2%2Fcomments&post=45716"}],"version-history":[{"count":1,"href":"https:\/\/colunadahora.com.br\/index.php?rest_route=\/wp\/v2\/posts\/45716\/revisions"}],"predecessor-version":[{"id":45718,"href":"https:\/\/colunadahora.com.br\/index.php?rest_route=\/wp\/v2\/posts\/45716\/revisions\/45718"}],"wp:featuredmedia":[{"embeddable":true,"href":"https:\/\/colunadahora.com.br\/index.php?rest_route=\/wp\/v2\/media\/45717"}],"wp:attachment":[{"href":"https:\/\/colunadahora.com.br\/index.php?rest_route=%2Fwp%2Fv2%2Fmedia&parent=45716"}],"wp:term":[{"taxonomy":"category","embeddable":true,"href":"https:\/\/colunadahora.com.br\/index.php?rest_route=%2Fwp%2Fv2%2Fcategories&post=45716"},{"taxonomy":"post_tag","embeddable":true,"href":"https:\/\/colunadahora.com.br\/index.php?rest_route=%2Fwp%2Fv2%2Ftags&post=45716"}],"curies":[{"name":"wp","href":"https:\/\/api.w.org\/{rel}","templated":true}]}}