{"id":45712,"date":"2026-09-01T10:19:22","date_gmt":"2026-09-01T13:19:22","guid":{"rendered":"https:\/\/colunadahora.com.br\/?p=45712"},"modified":"2026-09-01T10:19:22","modified_gmt":"2026-09-01T13:19:22","slug":"confira-a-agenda-dos-presidenciaveis-nesta-terca-feira-1o","status":"publish","type":"post","link":"https:\/\/colunadahora.com.br\/?p=45712","title":{"rendered":"Confira a agenda dos presidenci\u00e1veis nesta ter\u00e7a-feira (1\u00ba)"},"content":{"rendered":"<\/p>\n<p><a class=\"\" href=\"https:\/\/agenciabrasil.ebc.com.br\/politica\/noticia\/2026-09\/confira-agenda-dos-presidenciaveis-nesta-terca-feira\"><br \/>\n                    <img decoding=\"async\" src=\"https:\/\/cdn.jsdelivr.net\/gh\/sergiosdlima\/assets-ebc@1.0.0\/abr\/assets\/images\/logo-agenciabrasil.svg\" alt=\"Logo Ag\u00eancia Brasil\"><br \/>\n\t\t\t\t<\/a><\/p>\n<p>A agenda dos candidatos \u00e0 Presid\u00eancia da Rep\u00fablica nesta ter\u00e7a-feira (1\u00ba) inclui visitas a institui\u00e7\u00f5es e eventos, entrevistas \u00e0 imprensa e encontros com representantes da sociedade.\u00a0<img decoding=\"async\" src=\"https:\/\/agenciabrasil.ebc.com.br\/ebc.png?id=1701220&#038;o=rss\"><img decoding=\"async\" src=\"https:\/\/agenciabrasil.ebc.com.br\/ebc.gif?id=1701220&#038;o=rss\"><\/p>\n<p>Tamb\u00e9m est\u00e3o previstas caminhadas e panfletagens pelas ruas, al\u00e9m de atividades voltadas a temas como educa\u00e7\u00e3o e sa\u00fade.<\/p>\n<\/p>\n<h3>Not\u00edcias relacionadas:<\/h3>\n<ul>\n<li><a href=\"https:\/\/agenciabrasil.ebc.com.br\/politica\/noticia\/2026-08\/confira-como-foi-segunda-feira-31-dos-candidatos-presidente\">Confira como foi a segunda-feira (31) dos candidatos a presidente .<\/a><\/li>\n<li><a href=\"https:\/\/agenciabrasil.ebc.com.br\/justica\/noticia\/2026-08\/toffoli-suspende-campanha-digital-de-grassi-presidencia\">Toffoli suspende campanha digital de Grassi \u00e0 Presid\u00eancia .<\/a><\/li>\n<li><a href=\"https:\/\/agenciabrasil.ebc.com.br\/justica\/noticia\/2026-08\/toffoli-suspende-propaganda-de-renan-santos-na-internet\">Toffoli suspende propaganda de Renan Santos na internet .<\/a><\/li>\n<\/ul>\n<p><strong>Wilson Grassi <\/strong>(Democrata)\u00a0<br \/>\nEm Bras\u00edlia, concede entrevista ao Poder 360, e \u00e0s 18h, ao Metr\u00f3poles. \u00a0<\/p>\n<p><strong>Augusto Cury <\/strong>(Avante)<br \/>\nParticipa de caf\u00e9 da manh\u00e3 no Centro das Ind\u00fastrias em Cachoeirinha (RS) e de visita \u00e0 46\u00aa edi\u00e7\u00e3o da Expointer, em Esteio (RS). \u00c0 noite, participa da inaugura\u00e7\u00e3o da primeira Casa Cury em Belo Horizonte (MG).\u00a0<\/p>\n<p><strong>Edmilson Costa <\/strong>(PCB)<br \/>\nFaz caminhada pelo centro de S\u00e3o Paulo, iniciando no Teatro Municipal. \u00a0<\/p>\n<p><strong>Hertz Dias <\/strong>(PSTU)<br \/>\nEm Santa Cruz do Sul (RS), participa de entrevista coletiva e almo\u00e7o com militantes e convidados no Sindicato dos Comerci\u00e1rios. \u00c0 tarde, faz caminhada pelo centro da cidade e panfletagens.\u00a0<\/p>\n<p><strong>Romeu Zema<\/strong> (Novo)\u00a0<br \/>\nConversa com pais e representantes de Joinville (SC) para falar sobre educa\u00e7\u00e3o em uma das escolas refer\u00eancia no Ideb\u00a0em Santa Catarina.\u00a0<\/p>\n<p><strong>Ronaldo Caiado<\/strong> (PSD)<br \/>\nVisita \u00e0\u00a0Santa Casa de Miseric\u00f3rdia em S\u00e3o Paulo, com coletiva de imprensa ao final.<\/p>\n<p><strong>Rui Costa Pimenta<\/strong> (PCO)\u00a0<br \/>\nViaja para Bras\u00edlia, onde participa, \u00e0s 12h, de panfletagem em frente ao restaurante universit\u00e1rio da Universidade de Bras\u00edlia (UnB), com militantes e apoiadores. \u00c0s 16h30, concede entrevista ao Metr\u00f3poles e, \u00e0s 19h, retorna para S\u00e3o Paulo.<\/p>\n<p>Os candidatos <strong>Fl\u00e1vio Bolsonaro<\/strong> (PL), <strong>Luiz In\u00e1cio Lula da Silva<\/strong> (PT) e <strong>Samara Martins<\/strong> (UP) n\u00e3o t\u00eam agenda p\u00fablica de campanha nesta ter\u00e7a-feira (1\u00ba).\u00a0<\/p>\n<p>Os candidatos <strong>Renan Santos<\/strong> (Miss\u00e3o) e <strong>Clariana Bar\u00e3o<\/strong> (Democracia Crist\u00e3) n\u00e3o divulgaram a agenda de campanha at\u00e9 o momento desta publica\u00e7\u00e3o.\u00a0<\/p>\n<p>A ordem de apresenta\u00e7\u00e3o da cobertura da agenda dos candidatos a presidente segue rod\u00edzio di\u00e1rio em ordem alfab\u00e9tica.<\/p>\n","protected":false},"excerpt":{"rendered":"<p>A agenda dos candidatos \u00e0 Presid\u00eancia da Rep\u00fablica nesta ter\u00e7a-feira (1\u00ba) inclui visitas a institui\u00e7\u00f5es e eventos, entrevistas \u00e0 imprensa e encontros com representantes da sociedade.\u00a0 Tamb\u00e9m est\u00e3o previstas caminhadas e panfletagens pelas ruas, al\u00e9m de atividades voltadas a temas como educa\u00e7\u00e3o e sa\u00fade. Not\u00edcias relacionadas: Confira como foi a segunda-feira (31) dos candidatos a [&hellip;]<\/p>\n","protected":false},"author":8,"featured_media":45713,"comment_status":"open","ping_status":"open","sticky":false,"template":"","format":"standard","meta":{"site-sidebar-layout":"default","site-content-layout":"","ast-site-content-layout":"default","site-content-style":"default","site-sidebar-style":"default","ast-global-header-display":"","ast-banner-title-visibility":"","ast-main-header-display":"","ast-hfb-above-header-display":"","ast-hfb-below-header-display":"","ast-hfb-mobile-header-display":"","site-post-title":"","ast-breadcrumbs-content":"","ast-featured-img":"","footer-sml-layout":"","ast-disable-related-posts":"","theme-transparent-header-meta":"","adv-header-id-meta":"","stick-header-meta":"","header-above-stick-meta":"","header-main-stick-meta":"","header-below-stick-meta":"","astra-migrate-meta-layouts":"default","ast-page-background-enabled":"default","ast-page-background-meta":{"desktop":{"background-color":"var(--ast-global-color-4)","background-image":"","background-repeat":"repeat","background-position":"center center","background-size":"auto","background-attachment":"scroll","background-type":"","background-media":"","overlay-type":"","overlay-color":"","overlay-opacity":"","overlay-gradient":""},"tablet":{"background-color":"","background-image":"","background-repeat":"repeat","background-position":"center center","background-size":"auto","background-attachment":"scroll","background-type":"","background-media":"","overlay-type":"","overlay-color":"","overlay-opacity":"","overlay-gradient":""},"mobile":{"background-color":"","background-image":"","background-repeat":"repeat","background-position":"center center","background-size":"auto","background-attachment":"scroll","background-type":"","background-media":"","overlay-type":"","overlay-color":"","overlay-opacity":"","overlay-gradient":""}},"ast-content-background-meta":{"desktop":{"background-color":"var(--ast-global-color-5)","background-image":"","background-repeat":"repeat","background-position":"center center","background-size":"auto","background-attachment":"scroll","background-type":"","background-media":"","overlay-type":"","overlay-color":"","overlay-opacity":"","overlay-gradient":""},"tablet":{"background-color":"var(--ast-global-color-5)","background-image":"","background-repeat":"repeat","background-position":"center center","background-size":"auto","background-attachment":"scroll","background-type":"","background-media":"","overlay-type":"","overlay-color":"","overlay-opacity":"","overlay-gradient":""},"mobile":{"background-color":"var(--ast-global-color-5)","background-image":"","background-repeat":"repeat","background-position":"center center","background-size":"auto","background-attachment":"scroll","background-type":"","background-media":"","overlay-type":"","overlay-color":"","overlay-opacity":"","overlay-gradient":""}},"footnotes":""},"categories":[4],"tags":[],"class_list":["post-45712","post","type-post","status-publish","format-standard","has-post-thumbnail","hentry","category-politica"],"_links":{"self":[{"href":"https:\/\/colunadahora.com.br\/index.php?rest_route=\/wp\/v2\/posts\/45712","targetHints":{"allow":["GET"]}}],"collection":[{"href":"https:\/\/colunadahora.com.br\/index.php?rest_route=\/wp\/v2\/posts"}],"about":[{"href":"https:\/\/colunadahora.com.br\/index.php?rest_route=\/wp\/v2\/types\/post"}],"author":[{"embeddable":true,"href":"https:\/\/colunadahora.com.br\/index.php?rest_route=\/wp\/v2\/users\/8"}],"replies":[{"embeddable":true,"href":"https:\/\/colunadahora.com.br\/index.php?rest_route=%2Fwp%2Fv2%2Fcomments&post=45712"}],"version-history":[{"count":0,"href":"https:\/\/colunadahora.com.br\/index.php?rest_route=\/wp\/v2\/posts\/45712\/revisions"}],"wp:featuredmedia":[{"embeddable":true,"href":"https:\/\/colunadahora.com.br\/index.php?rest_route=\/wp\/v2\/media\/45713"}],"wp:attachment":[{"href":"https:\/\/colunadahora.com.br\/index.php?rest_route=%2Fwp%2Fv2%2Fmedia&parent=45712"}],"wp:term":[{"taxonomy":"category","embeddable":true,"href":"https:\/\/colunadahora.com.br\/index.php?rest_route=%2Fwp%2Fv2%2Fcategories&post=45712"},{"taxonomy":"post_tag","embeddable":true,"href":"https:\/\/colunadahora.com.br\/index.php?rest_route=%2Fwp%2Fv2%2Ftags&post=45712"}],"curies":[{"name":"wp","href":"https:\/\/api.w.org\/{rel}","templated":true}]}}