{"id":45705,"date":"2026-09-01T09:20:59","date_gmt":"2026-09-01T12:20:59","guid":{"rendered":"https:\/\/colunadahora.com.br\/?p=45705"},"modified":"2026-09-01T09:20:59","modified_gmt":"2026-09-01T12:20:59","slug":"hoje-e-dia-datas-fatos-e-feriados-de-setembro-de-2026","status":"publish","type":"post","link":"https:\/\/colunadahora.com.br\/?p=45705","title":{"rendered":"Hoje \u00e9 Dia: datas, fatos e feriados de setembro de 2026"},"content":{"rendered":"<p>Neste m\u00eas de setembro, o\u00a0<em>Hoje \u00e9 Dia<\/em><strong> <\/strong>destaca\u00a0as duas maiores campanhas de conscientiza\u00e7\u00e3o do m\u00eas.<img decoding=\"async\" src=\"https:\/\/agenciabrasil.ebc.com.br\/ebc.png?id=1700569&#038;o=rss\"><img decoding=\"async\" src=\"https:\/\/agenciabrasil.ebc.com.br\/ebc.gif?id=1700569&#038;o=rss\"><\/p>\n<p>A primeira \u00e9 o <em>Setembro Amarelo<\/em>, mobiliza\u00e7\u00e3o de preven\u00e7\u00e3o ao suic\u00eddio, que est\u00e1 entre as tr\u00eas principais causas de morte em indiv\u00edduos de 15 a 44 anos. Em 2025, o programa\u00a0<a href=\"https:\/\/radionacional.ebc.com.br\/programas\/tarde-nacional-rio-de-janeiro\/setembro-amarelo-entenda-mais-sobre-o-comportamento-humano\" target=\"_blank\"><em><strong>Tarde Nacional<\/strong><\/em><\/a>, da <strong>R\u00e1dio Nacional<\/strong>, destacou como a campanha promove o aumento na procura por servi\u00e7os de sa\u00fade mental e maior disposi\u00e7\u00e3o para buscar ajuda.<\/p>\n<p>Na <strong>TV Brasil<\/strong>, o <strong><em><a href=\"https:\/\/tvbrasil.ebc.com.br\/sem-censura\/2024\/09\/setembro-amarelo-voluntario-explica-o-trabalho-do-cvv\" target=\"_blank\">Sem Censura<\/a>\u00a0<\/em><\/strong>falou sobre, em 2024, o trabalho do Centro de Valoriza\u00e7\u00e3o da Vida (CVV), servi\u00e7o gratuito dispon\u00edvel pelo telefone 188. J\u00e1 a <strong><a href=\"https:\/\/agenciabrasil.ebc.com.br\/saude\/noticia\/2024-09\/estudo-mostra-relacao-entre-dependencia-da-internet-e-ideacao-suicida\" target=\"_blank\">Ag\u00eancia Brasil<\/a><\/strong><strong>\u00a0<\/strong>trouxe uma abordagem diferente em reportagem no mesmo ano: a rela\u00e7\u00e3o entre depend\u00eancia da internet e idea\u00e7\u00e3o suicida.\u00a0<\/p>\n<p>\n<audio controls=\"\" preload=\"none\"><source src=\"https:\/\/audios.ebc.com.br\/bc\/bc38ae0a095218f88067ba1428619504.mp3\" type=\"audio\/mpeg\"><\/audio>\n<\/p>\n<p><iframe allow=\"accelerometer; autoplay; clipboard-write; encrypted-media; gyroscope; picture-in-picture; web-share\" allowfullscreen=\"\" frameborder=\"0\" height=\"360\" referrerpolicy=\"strict-origin-when-cross-origin\" src=\"https:\/\/www.youtube.com\/embed\/NPylXeKEBeE\" title=\"\ud83d\udd34 SEM CENSURA RECEBE PRETO ZEZ\u00c9, VERONICA OLIVEIRA, DRA. ALINE AZEVEDO E ALAN TEIXEIRA LIMA\" width=\"100%\" sandbox=\"allow-scripts allow-same-origin\"><\/iframe><\/p>\n<p>A outra campanha do m\u00eas \u00e9 o\u00a0<em>Setembro Verde<\/em>, que visa\u00a0conscientizar\u00a0sobre a import\u00e2ncia de promover a inclus\u00e3o de pessoas com defici\u00eancia. A data tem seu \u00e1pice no dia\u00a021 de setembro, <em>Dia Nacional de Luta da Pessoa com Defici\u00eancia<\/em>.<\/p>\n<p>No Brasil, s\u00e3o mais de 14 milh\u00f5es de habitantes com essa condi\u00e7\u00e3o, n\u00famero que corresponde a 7,3% da popula\u00e7\u00e3o com dois anos ou mais de idade, segundo dados do IBGE.<\/p>\n<p>A <a href=\"https:\/\/agenciabrasil.ebc.com.br\/radioagencia-nacional\/geral\/audio\/2025-09\/setembro-verde-destaca-luta-por-inclusao-e-respeito-pcds\" target=\"_blank\"><strong>Radioag\u00eancia Nacional<\/strong><\/a> abordou a necessidade de inclus\u00e3o em reportagem do ano passado. J\u00e1\u00a0a <a href=\"https:\/\/agenciabrasil.ebc.com.br\/educacao\/noticia\/2023-07\/apenas-uma-em-quatro-pessoas-com-deficiencia-conclui-ensino-basico\" target=\"_blank\"><strong>Ag\u00eancia Brasil<\/strong><\/a> denunciou, em 2023, que apenas uma em cada quatro pessoas com defici\u00eancia no Brasil completa o ensino b\u00e1sico.\u00a0<\/p>\n<p>\n<audio controls=\"\" preload=\"none\"><source src=\"https:\/\/audios.ebc.com.br\/e9\/e9b9b2c272a8601a8977bd4a3cc5833c.mp3\" type=\"audio\/mpeg\"><\/audio>\n<\/p>\n<h2><strong>Comemora\u00e7\u00e3o c\u00edvica<\/strong><\/h2>\n<p>A data mais lembrada deste m\u00eas \u00e9 o <em>7 de Setembro, Dia da Independ\u00eancia<\/em>. Os ve\u00edculos da <strong>Empresa Brasil de Comunica\u00e7\u00e3o<\/strong> (<strong>EBC<\/strong>) sempre preparam uma cobertura especial para a data.<\/p>\n<p>Nesta reportagem de 2022, ano do Bicenten\u00e1rio da Independ\u00eancia, a <a href=\"https:\/\/agenciabrasil.ebc.com.br\/radioagencia-nacional\/cultura\/audio\/2022-07\/bicentenario-da-independencia-como-data-comemorativa-foi-escolhida\" target=\"_blank\"><strong>Radioag\u00eancia Nacional<\/strong><\/a> explicou como a data foi escolhida.<\/p>\n<p>A <strong>TV Brasil <\/strong>tamb\u00e9m aproveitou a ocasi\u00e3o dos 200 anos para exibir a s\u00e9rie especial <em><a href=\"https:\/\/www.youtube.com\/playlist?list=PLuP7SQK7lt1YoCVs39hXAIucG3SgT8R9h\" target=\"_blank\">Momentos da Independ\u00eancia<\/a><\/em>. E, no ano seguinte, a <a href=\"https:\/\/agenciabrasil.ebc.com.br\/geral\/noticia\/2023-09\/para-pesquisadoras-79-e-dia-de-reflexao-sobre-historia-do-brasil\" target=\"_blank\"><strong>Ag\u00eancia Brasil<\/strong><\/a> destacou como o 7 de Setembro \u00e9 um momento para refletir sobre a hist\u00f3ria do pa\u00eds, desde que o Brasil declarou sua separa\u00e7\u00e3o de Portugal, em 1822.\u00a0<\/p>\n<p>\n<audio controls=\"\" preload=\"none\"><source src=\"https:\/\/audios.ebc.com.br\/1a\/1a3ef082fd7a7637b7355fbbc7209300.mp3\" type=\"audio\/mpeg\"><\/audio>\n<\/p>\n<h2><strong>Salvando vidas<\/strong><\/h2>\n<p>Em 27 de setembro temos o <em>Dia Nacional de Doa\u00e7\u00e3o de \u00d3rg\u00e3os<\/em>. O programa <a href=\"https:\/\/radionacional.ebc.com.br\/programas\/revista-brasil\/setembro-verde-e-mes-de-conscientizacao-para-doacao-de-orgaos\" target=\"_blank\"><em><strong>Revista Brasil<\/strong><\/em><\/a>, da <strong>R\u00e1dio Nacional<\/strong>, falou sobre a demanda crescente de \u00f3rg\u00e3os e tecidos para as filas de transplantes, em edi\u00e7\u00e3o de 2020.<\/p>\n<p>A <strong>TV Brasil<\/strong> falou sobre a import\u00e2ncia de avisar a fam\u00edlia sobre o desejo de ser um doador, em edi\u00e7\u00e3o de 2021 do\u00a0<a href=\"https:\/\/www.youtube.com\/watch?v=_vTXRJuNJp8\" target=\"_blank\"><em><strong>Rep\u00f3rter Brasil<\/strong><\/em><\/a>.\u00a0<\/p>\n<p>\n<audio controls=\"\" preload=\"none\"><source src=\"https:\/\/audios.ebc.com.br\/37\/37e9e8d833c322cd60a4324536c2da30.mp3\" type=\"audio\/mpeg\"><\/audio>\n<\/p>\n<p><iframe allow=\"accelerometer; autoplay; clipboard-write; encrypted-media; gyroscope; picture-in-picture; web-share\" allowfullscreen=\"\" frameborder=\"0\" height=\"360\" referrerpolicy=\"strict-origin-when-cross-origin\" src=\"https:\/\/www.youtube.com\/embed\/_vTXRJuNJp8\" title=\"Setembro Verde: campanha quer incentivar a doa\u00e7\u00e3o de \u00f3rg\u00e3os\" width=\"100%\" sandbox=\"allow-scripts allow-same-origin\"><\/iframe><\/p>\n<h2><strong>Direitos das mulheres<\/strong><\/h2>\n<p>O m\u00eas tamb\u00e9m traz efem\u00e9rides que fortalecem a defesa dos direitos da popula\u00e7\u00e3o feminina. No dia 3 de setembro de 1981 entrou em vigor a <em>Conven\u00e7\u00e3o Sobre a Elimina\u00e7\u00e3o de Todas as Formas de Discrimina\u00e7\u00e3o Contra as Mulheres <\/em>(em ingl\u00eas, Convention on the Elimination of All Forms of Discrimination Against Women, CEDAW), tratado internacional aprovado pela Assembleia Geral das Na\u00e7\u00f5es Unidas (ONU).<\/p>\n<p>No Brasil, neste ano o Senado aprovou um projeto de lei que criminaliza a misoginia,<a href=\"http:\/\/agenciabrasil.ebc.com.br\/direitos-humanos\/noticia\/2026-03\/saiba-o-que-e-misoginia-projeto-pode-criminalizar-discurso-de-odio\" target=\"_blank\"> incorporando-a aos delitos combatidos pela Lei do Racismo<\/a>.\u00a0<\/p>\n<p>O <a href=\"https:\/\/www.youtube.com\/watch?v=2oHjkyvCQLc\" target=\"_blank\"><em><strong>Caminhos da Reportagem<\/strong><\/em><\/a>, exibido pela <strong>TV Brasil <\/strong>em mar\u00e7o deste ano, aprofundou o tema, analisando como o \u00f3dio \u00e0s mulheres adquiriu novas roupagens com as redes sociais e a intelig\u00eancia artificial.<\/p>\n<p><iframe allow=\"accelerometer; autoplay; clipboard-write; encrypted-media; gyroscope; picture-in-picture; web-share\" allowfullscreen=\"\" frameborder=\"0\" height=\"360\" referrerpolicy=\"strict-origin-when-cross-origin\" src=\"https:\/\/www.youtube.com\/embed\/2oHjkyvCQLc\" title=\"A nova roupa do machismo | Caminhos da Reportagem\" width=\"100%\" sandbox=\"allow-scripts allow-same-origin\"><\/iframe><\/p>\n<p>Em 23 de setembro temos o <em>Dia Internacional contra a Explora\u00e7\u00e3o Sexual e o Tr\u00e1fico de Mulheres, Meninas e Meninos<\/em>, data institu\u00edda em 1999 na Confer\u00eancia Mundial da Coaliz\u00e3o contra o Tr\u00e1fico de Mulheres ou Crian\u00e7as, realizada em Bangladesh.<\/p>\n<p>O <a href=\"https:\/\/radionacional.ebc.com.br\/programas\/revista-brasil\/professor-fala-sobre-exploracao-sexual-e-trafico-de-mulheres-e-criancas\" target=\"_blank\"><em><strong>Revista Brasil<\/strong><\/em><\/a>, da <strong>R\u00e1dio Nacional<\/strong>, entrevistou em 2021 um professor de Direito sobre os desafios para combater esses crimes.<\/p>\n<p>Em 2018 o <a href=\"https:\/\/www.youtube.com\/watch?v=obpsJRnONU4\" target=\"_blank\"><em><strong>Rep\u00f3rter Brasil<\/strong><\/em><\/a>, da <strong>TV Brasil<\/strong>, destacou que 70% das v\u00edtimas de tr\u00e1fico humano s\u00e3o mulheres. E, em 2019, o mesmo programa falou sobre como o tr\u00e1fico de pessoas sustenta um <strong><a href=\"https:\/\/www.youtube.com\/watch?v=Ppso6oqAXcU\" target=\"_blank\">esquema internacional criminoso de prostitui\u00e7\u00e3o<\/a><\/strong>.\u00a0<\/p>\n<p>\n<audio controls=\"\" preload=\"none\"><source src=\"https:\/\/audios.ebc.com.br\/70\/70a2ab2425b4c70a985aff1e35a56e2f.mp3\" type=\"audio\/mpeg\"><\/audio>\n<\/p>\n<p><iframe allow=\"accelerometer; autoplay; clipboard-write; encrypted-media; gyroscope; picture-in-picture; web-share\" allowfullscreen=\"\" frameborder=\"0\" height=\"360\" referrerpolicy=\"strict-origin-when-cross-origin\" src=\"https:\/\/www.youtube.com\/embed\/obpsJRnONU4\" title=\"Cerca de 70% das v\u00edtimas de tr\u00e1fico humano s\u00e3o mulheres\" width=\"100%\" sandbox=\"allow-scripts allow-same-origin\"><\/iframe><iframe allow=\"accelerometer; autoplay; clipboard-write; encrypted-media; gyroscope; picture-in-picture; web-share\" allowfullscreen=\"\" frameborder=\"0\" height=\"360\" referrerpolicy=\"strict-origin-when-cross-origin\" src=\"https:\/\/www.youtube.com\/embed\/Ppso6oqAXcU\" title=\"Tr\u00e1fico de pessoas sustenta esquema internacional de prostitui\u00e7\u00e3o\" width=\"100%\" sandbox=\"allow-scripts allow-same-origin\"><\/iframe><\/p>\n<h2><strong>Prote\u00e7\u00e3o de crian\u00e7as e adolescentes\u00a0<\/strong><\/h2>\n<p>O Estatuto da Crian\u00e7a e do Adolescente Digital (ECA Digital) completa um ano este m\u00eas. A lei foi sancionada em 17 de setembro de 2025 e entrou em vigor em mar\u00e7o deste ano.<\/p>\n<p>O ECA Digital foi criado para coibir e endurecer as puni\u00e7\u00f5es contra viola\u00e7\u00f5es dos direitos do p\u00fablico infanto-juvenil nos meios digitais, como as redes sociais, sites na internet, aplicativos, jogos eletr\u00f4nicos, servi\u00e7os de v\u00eddeo e lojas virtuais de produtos e servi\u00e7os voltados a este p\u00fablico ou que podem ser acessados por ele.<\/p>\n<p>A nova lei foi explicada ponto a ponto em reportagens da <a href=\"https:\/\/agenciabrasil.ebc.com.br\/politica\/noticia\/2026-03\/eca-digital-comeca-valer-nesta-terca-confira-principais-pontos\" target=\"_blank\"><strong>Ag\u00eancia Brasil<\/strong><\/a>, da <a href=\"https:\/\/radionacional.ebc.com.br\/programas\/tarde-nacional-brasilia\/o-que-muda-com-o-eca-digital\" target=\"_blank\"><strong>R\u00e1dio Nacional<\/strong><\/a>, e neste cap\u00edtulo do podcast <a href=\"https:\/\/agenciabrasil.ebc.com.br\/radioagencia-nacional\/ajudante-digital\/ad-41-eca-digital-a-protecao-das-criancas-e-adolescentes-aumentou\" target=\"_blank\"><strong><em>Ajudante Digital<\/em><\/strong><\/a>, da <strong>Radioag\u00eancia Nacional<\/strong>. O tema tamb\u00e9m foi tratado com profundidade em entrevista no programa <a href=\"https:\/\/www.youtube.com\/watch?v=vMOuvORMTjU\" target=\"_blank\"><strong><em>Sem Censura<\/em><\/strong><\/a>, da <strong>TV Brasil<\/strong>.\u00a0<\/p>\n<p>\n<audio controls=\"\" preload=\"none\"><source src=\"https:\/\/audios.ebc.com.br\/01\/01dd22a168c3e03c7a34127d8a6fa98c.mp3\" type=\"audio\/mpeg\"><\/audio>\n<\/p>\n<p>\n<audio controls=\"\" preload=\"none\"><source src=\"https:\/\/agenciabrasil.ebc.com.br\/sites\/default\/files\/atoms\/audio\/ad41_-_11-05-26_-_ajudante_digital_41_-_eca_digital.mp3\" type=\"audio\/mpeg\"><\/audio>\n<\/p>\n<p><iframe allow=\"accelerometer; autoplay; clipboard-write; encrypted-media; gyroscope; picture-in-picture; web-share\" allowfullscreen=\"\" frameborder=\"0\" height=\"360\" referrerpolicy=\"strict-origin-when-cross-origin\" src=\"https:\/\/www.youtube.com\/embed\/vMOuvORMTjU\" title=\"Ju\u00edza Vanessa Cavalieri explica a lei de prote\u00e7\u00e3o para crian\u00e7as e adolescente em ambientes digitais\" width=\"100%\" sandbox=\"allow-scripts allow-same-origin\"><\/iframe><\/p>\n<h2><strong>Comunica\u00e7\u00e3o p\u00fablica<\/strong><\/h2>\n<p>Em 12 de setembro a <a href=\"https:\/\/radionacional.ebc.com.br\/\" target=\"_blank\"><strong>R\u00e1dio Nacional<\/strong><\/a> completa 90 anos de exist\u00eancia. Fundada em 1936 como uma emissora privada pertencente \u00e0 Sociedade R\u00e1dio Nacional, ela passou a integrar os bens da Uni\u00e3o em 1940.<\/p>\n<p>Quando come\u00e7ou a transmitir em ondas curtas, em 1942, se tornou uma das cinco mais potentes emissoras do mundo, com antenas dirigidas para todo o pa\u00eds e tamb\u00e9m para Estados Unidos, \u00c1sia e Europa.<\/p>\n<p>Ao longo de suas nove d\u00e9cadas, influenciou a identidade cultural brasileira e difundiu conte\u00fado para informar a popula\u00e7\u00e3o sobre seus direitos e promover a cidadania:<\/p>\n<p>Hoje, como ve\u00edculo integrante da EBC, s\u00e3o sete emissoras sob a mesma marca:<\/p>\n<ul>\n<li><strong>R\u00e1dio Nacional do Rio de Janeiro (FM 87,1 MHz | AM 1130 kHz)<\/strong><\/li>\n<li><strong>R\u00e1dio Nacional S\u00e3o Paulo (FM 87,1 MHz)<\/strong><\/li>\n<li><strong>R\u00e1dio Nacional AM Bras\u00edlia (980 kHz)<\/strong><\/li>\n<li><strong>R\u00e1dio Nacional FM Bras\u00edlia (96,1 MHz)<\/strong><\/li>\n<li><strong>R\u00e1dio Nacional S\u00e3o Lu\u00eds (FM 93,7 MHz)<\/strong><\/li>\n<li><strong>R\u00e1dio Nacional da Amaz\u00f4nia (OC 11.780KHz | 6.180KHz)<\/strong><\/li>\n<li><strong>R\u00e1dio Nacional do Alto Solim\u00f5es (FM 96,1 MHz)<\/strong><\/li>\n<\/ul>\n<p>Para celebrar os 90 anos, a R\u00e1dio Nacional resgata sua trajet\u00f3ria com uma s\u00e9rie de audiodocument\u00e1rios com 90 epis\u00f3dios di\u00e1rios, com cerca de seis minutos cada. O projeto re\u00fane momentos emblem\u00e1ticos, personagens marcantes, arquivos raros de acervo e outras curiosidades pouco conhecidas do p\u00fablico. <a href=\"https:\/\/radionacional.ebc.com.br\/programas\/90-anos-em-90-historias\" target=\"_blank\"><strong>Clique aqui e confira esse conte\u00fado especial<\/strong><\/a>.<\/p>\n<h2><strong>Viva Maria<\/strong><\/h2>\n<p>Ainda falando sobre os produtos da EBC, no dia 14 de setembro o <strong>Viva Maria<\/strong>, veiculado pela R\u00e1dio Nacional de Bras\u00edlia e Nacional da Amaz\u00f4nia, completa 45 anos no ar. Criado em 1981, o programa at\u00e9 hoje se constitui como espa\u00e7o de express\u00e3o dos direitos civis, pol\u00edticos e sociais das mulheres.<\/p>\n<p>Com produ\u00e7\u00e3o e apresenta\u00e7\u00e3o da jornalista Mara R\u00e9gia, o <strong>Viva Maria<\/strong> \u00e9 refer\u00eancia no r\u00e1dio brasileiro pelo seu pioneirismo e como instrumento de transforma\u00e7\u00e3o na vida de milhares de brasileiras. <a href=\"https:\/\/radionacional.ebc.com.br\/programas\/viva-maria\" target=\"_blank\"><strong>Ou\u00e7a aqui as edi\u00e7\u00f5es do programa<\/strong><\/a>.\u00a0<\/p>\n<p>A\u00a0comemora\u00e7\u00e3o do anivers\u00e1rio de 45 anos do programa contar\u00e1 com uma s\u00e9rie especial produzida pela R\u00e1dio Nacional.<\/p>\n<p>Entre 1\u00ba e 14 de setembro, ser\u00e3o exibidos 14 cap\u00edtulos que v\u00e3o revisitar a trajet\u00f3ria do Viva Maria, por meio de entrevistas, personagens, m\u00fasicas, acontecimentos e registros preservados no acervo hist\u00f3rico do programa. <a href=\"https:\/\/radionacional.ebc.com.br\/programas\/viva-maria\/viva-maria-anuncia-serie-especial-sobre-seus-45-anos\" target=\"_blank\"><strong>Saiba mais clicando aqui<\/strong><\/a>.<\/p>\n<h2><strong>Podcasts<\/strong><\/h2>\n<p>O <em>Dia Internacional do Podcast <\/em>\u00e9 comemorado em 30 de setembro. A data foi criada em 2014 pelo americano Steve Lee, para celebrar o formato de \u00e1udio digital que atrai milh\u00f5es de ouvintes globalmente.<\/p>\n<p>A comemora\u00e7\u00e3o conta com transmiss\u00f5es e participa\u00e7\u00e3o de podcasters de todo o mundo. Para celebrar a data, fazemos aqui o convite para conferir os podcasts da <strong><a href=\"https:\/\/radionacional.ebc.com.br\/podcasts\" target=\"_blank\">R\u00e1dio Nacional<\/a> <\/strong>e da <a href=\"https:\/\/agenciabrasil.ebc.com.br\/radioagencia-nacional\/tags\/podcasts-radioagencia-nacional\" target=\"_blank\"><strong>Radioag\u00eancia Nacional<\/strong><\/a>.\u00a0<\/p>\n<h2><strong>Cultura<\/strong><\/h2>\n<p>Finalizando esta edi\u00e7\u00e3o do <strong>Hoje \u00e9 Dia <\/strong>com cultura, no dia 5 de setembro o cantor, pianista e compositor brit\u00e2nico Freddie Mercury completaria 80 anos se estivesse vivo. Conhecido como uma das vozes mais poderosas do pop rock, o fundador da banda brit\u00e2nica Queen nasceu em Zanzibar, atual Tanz\u00e2nia, em 1946, sob o nome de Farrokh Bulsara. Desde que criou a ic\u00f4nica banda em 1971, ao lado de Brian May, Roger Taylor e John Deacon, por 20 anos eles fizeram sucesso e surpreenderam os cr\u00edticos com um rock progressivo, cheio de nuances e experi\u00eancias. Cl\u00e1ssicos como \u201cBohemian Rhapsody\u201d, \u201cWe Will Rock You\u201d, e \u201cI Want to Break Free\u201d embalam gera\u00e7\u00f5es at\u00e9 hoje.<\/p>\n<p>Infelizmente, Freddie perdeu a batalha contra o v\u00edrus da Aids em 1991, com apenas 45 anos de idade. Sua morte foi lembrada nesta edi\u00e7\u00e3o de 2017 do <a href=\"https:\/\/agenciabrasil.ebc.com.br\/fr\/node\/1326362\" target=\"_blank\"><strong><em>Hist\u00f3ria Hoje<\/em><\/strong><\/a>, da <strong>R\u00e1dio Nacional<\/strong>, e nesta reportagem de 2021 da <a href=\"https:\/\/agenciabrasil.ebc.com.br\/geral\/noticia\/2021-11\/freddie-mercury-30-anos-sem-voz-mais-poderosa-do-rock\" target=\"_blank\"><strong>Ag\u00eancia Brasil<\/strong><\/a>. O <a href=\"https:\/\/radionacional.ebc.com.br\/programas\/momento-tres\/momento-tres-homenageia-freddie-mercury\" target=\"_blank\"><strong><em>Momento Tr\u00eas<\/em><\/strong><\/a>, da <strong>R\u00e1dio Nacional<\/strong>, o homenageou em 2017, e o <a href=\"https:\/\/www.youtube.com\/watch?v=SccEYKPITBI\" target=\"_blank\"><em><strong>Fique Ligado<\/strong><\/em><\/a>, da <strong>TV Brasil<\/strong>, falou sobre sua extraordin\u00e1ria capacidade vocal, em edi\u00e7\u00e3o exibida em 2020.<\/p>\n<p>\n<audio controls=\"\" preload=\"none\"><source src=\"https:\/\/audios.ebc.com.br\/1c\/1cabc20d51215b066fb7232eb917a34f.mp3\" type=\"audio\/mpeg\"><\/audio>\n<\/p>\n<p>\n<audio controls=\"\" preload=\"none\"><source src=\"https:\/\/audios.ebc.com.br\/1d\/1d413b7954752dc4bbef4d85b16dac0f.mp3\" type=\"audio\/mpeg\"><\/audio>\n<\/p>\n<p><iframe allow=\"accelerometer; autoplay; clipboard-write; encrypted-media; gyroscope; picture-in-picture; web-share\" allowfullscreen=\"\" frameborder=\"0\" height=\"360\" referrerpolicy=\"strict-origin-when-cross-origin\" src=\"https:\/\/www.youtube.com\/embed\/SccEYKPITBI\" title=\"Pesquisa mostra a capacidade vocal extraordin\u00e1ria de Fred Mercury\" width=\"100%\" sandbox=\"allow-scripts allow-same-origin\"><\/iframe><\/p>\n<h2><strong>*Confira a lista completa de efem\u00e9rides de Julho de 2026<\/strong><\/h2>\n<p><!-- Setembro --><\/p>\n<style type=\"text\/css\">\n<!--\/*--><![CDATA[\/* ><!--*\/\n.cmpTable { --fnt-geral: \"Raleway\", Helvetica, sans-serif; --fnt-geral-tamanho: 10pt; --fnt-quadros-tamanho: 8pt; --fnt-titulos-1: 24pt; --fnt-titulos-2: 18pt; --fnt-titulos-3: 16pt; --fnt-titulos-4: 14pt; --bg-color: #000; --btn-color: #666; --txt-color: #9d9; --txt-highlight: #fff; --inset-default-spc: .8rem .6rem .8rem .6rem; --inset-half-spc: .3rem .2rem .8rem .2rem; } .cmpTopics p {padding: .5rem 0;margin: 0;border-bottom: dotted 1px var(--txt-color);} .cmpTopics p:last-of-type {border: none;} .cmpTopics p::before { content: \"\u2013 \"; } .cmpTopics p::after { content: \";\"; } .cmpTopics p:last-of-type::after { content: '.'; } .cmpTable {display: -webkit-box;display: flex;flex-wrap: wrap;margin: 0 0 2em 0;padding: 0;border: solid 1px var(--txt-color);background-color: rgba(255,255,255,.3);max-width: 740px;margin: .8rem auto;} .cmpTableTitle {margin: initial;padding: .3rem 0.8rem;width: 100%;background-color: var(--txt-color);color:var(--txt-highlight);font-size:var(--fnt-titulos-2);position: relative;} .cmpTableCell {box-sizing: border-box;-webkit-box-flex: 1;flex-grow: 1;width: 100%;padding:var(--inset-default-spc);overflow: hidden;list-style: none;background-color: var(--btn-color);color:var(--txt-color);} .tcols-2 > .cmpTableCell { max-width: 92%; } .tcols-2 > .cmpTableCell:nth-child(2n+2) {width: 15%;text-align: center;font-size: var(--fnt-titulos-1);background-color: rgba(32,192,32,.3);border-bottom: solid 1px var(--txt-color);color: var(--txt-highlight);padding: .8rem 0;border-top: dotted 1px var(--txt-color);} .tcols-2 > .cmpTableCell:nth-child(2n+1) {width: 85%;background-color: var(--txt-highlight);border-bottom: solid 1px var(--txt-color);color:var(--btn-color);} @media only screen and (max-width: 991px) { .cmpTable { padding: .8rem; border: solid 1px var(--bg-color); background-color: rgba(255,255,255,.3); } .cmpTable .cmpTableTitle { width: 100%; background-color: transparent !important; color: var(--bg-color); font-size: var(--fnt-titulos-2); padding: .8rem 0; border-bottom: dotted 1px var(--btn-color); } \/* table 2 cols *\/ .tcols-2 .cmpTableCell { display: block; width: 100% !important; background-color: var(--txt-color); color:var(--bg-color) !important; } .tcols-2 > .cmpTableCell:nth-child(2n+2) {width: 10%;font-weight: 800;font-size: var(--fnt-titulos-1);padding: .8rem 0;text-align: left;background-color: transparent;\/* border: solid 5px var(--txt-color); *\/border-bottom: solid 10px var(--txt-color);\/* border-top-left-radius: 10px; *\/\/* border-top-right-radius: 10px; *\/padding: 0.5rem;margin-bottom: 1rem;font-weight: 900;} .tcols-2 > .cmpTableCell:nth-child(2n+1) {width: 20%;font-weight: 400;font-size: var(--fnt-titulos-5);padding: 0;margin-bottom: .8rem;background-color: transparent;border: none;} }\n.cmpTable { --txt-color-em: #3a3; }\n.cmpTableCell.cmpTopics.cmpWeekEmphasis { border-bottom: solid 1px var(--txt-color-em); }\n.tcols-2 > .cmpTableCell.cmpWeekEmphasis:nth-child(2n+2) { width: 15%; text-align: center; font-size: var(--fnt-titulos-1); background-color: rgba(32,192,32,.7); border-bottom: solid 1px var(--txt-color); color: var(--txt-highlight); padding: .8rem 0; border-top: dotted 1px var(--txt-color-em); }\n@media only screen and (max-width: 991px) { .tcols-2 > .cmpTableCell.cmpWeekEmphasis:nth-child(2n+2) { width: 10%; font-weight: 800; font-size: var(--fnt-titulos-1); padding: .8rem 0; text-align: left; background-color: transparent; border-bottom: solid 10px var(--txt-color); padding: 0.5rem; margin-bottom: 1rem; font-weight: 900; } .cmpTableCell.cmpTopics.cmpWeekEmphasis { border-bottom: none; } .tcols-2 > .cmpTableCell.cmpWeekEmphasis:nth-child(2n+2) { border-top: none; }}\n\n\/*--><!]]>*\/\n<\/style>\n<div class=\"cmpTable tcols-2\">\n<div class=\"cmpTableTitle\">Setembro de 2026<\/div>\n<div class=\"cmpTableCell\">1\u00ba\/9<\/div>\n<div class=\"cmpTableCell cmpTopics\">\n<p>Olympe de Gouges escreve a Declara\u00e7\u00e3o dos Direitos da Mulher e da Cidad\u00e3 durante a Revolu\u00e7\u00e3o Francesa (235 anos)<\/p>\n<p>Setembro Verde &#8211; Campanha de inclus\u00e3o das pessoas com defici\u00eancia e de promo\u00e7\u00e3o da\u00a0doa\u00e7\u00e3o de \u00f3rg\u00e3os<\/p>\n<p>Setembro Amarelo &#8211; Campanha de promo\u00e7\u00e3o do debate sobre a preven\u00e7\u00e3o ao suic\u00eddio<\/p>\n<p>Primeiros casos de intoxica\u00e7\u00e3o por metanol no estado de S\u00e3o Paulo registrados no Sistema de Alerta R\u00e1pido do Minist\u00e9rio da Justi\u00e7a<\/p>\n<p>Cria\u00e7\u00e3o do Projeto Minerva (56 anos)<\/p>\n<p>Lan\u00e7amento do programa esportivo &#8220;No mundo da bola&#8221;, na R\u00e1dio Nacional do Rio de Janeiro (79 anos)<\/p>\n<p>Inaugura\u00e7\u00e3o da R\u00e1dio Nacional da Amaz\u00f4nia (49 anos)<\/p>\n<p>Nascimento da pintora paulista Tarsila do Amaral (140 anos) &#8211; considerada uma das principais artistas modernistas da Am\u00e9rica Latina<\/p>\n<p>Dia do Profissional de Educa\u00e7\u00e3o F\u00edsica<\/p>\n<p>Inaugura\u00e7\u00e3o da linha de bondes em Santa Teresa (130 anos)<\/p>\n<\/div>\n<div class=\"cmpTableCell\">2\/9<\/div>\n<div class=\"cmpTableCell cmpTopics\">\n<p>Morte do jornalista \u00edtalo-brasileiro Mino Carta<\/p>\n<p>Nascimento do letrista, compositor e cronista fluminense Aldir Blanc (80 anos)<\/p>\n<p>Nascimento da cantora e atriz fluminense Edyr de Castro (80 anos) &#8211; fez parte do grupo musical As Fren\u00e9ticas<\/p>\n<p>Dia do Rep\u00f3rter Fotogr\u00e1fico &#8211; comemora\u00e7\u00e3o extraoficial, que aparece listada em v\u00e1rios calend\u00e1rios brasileiros de datas festivas, e que conta com o apoio de v\u00e1rias entidades representativas da categoria, como por exemplo, a Associa\u00e7\u00e3o Profissional dos Rep\u00f3rteres Fotogr\u00e1ficos e Cinematogr\u00e1ficos do Estado do Rio de Janeiro<\/p>\n<p>Funda\u00e7\u00e3o do Museu de Arte Contempor\u00e2nea de Niter\u00f3i (30 anos)<\/p>\n<\/div>\n<div class=\"cmpTableCell\">3\/9<\/div>\n<div class=\"cmpTableCell cmpTopics\">\n<p>Morte do cineasta italiano naturalizado estadunidense Francesco Rosario Capra, o Frank Capra (35 anos) &#8211; tido como um dos mais importantes cineastas de sua gerac\u00e3o, presidente da Academia de Artes e Ci\u00eancias Cinematogr\u00e1ficas entre 1935 a 1939<\/p>\n<p>Entra em vigor a Conven\u00e7\u00e3o Sobre a Elimina\u00e7\u00e3o de Todas as Formas de Discrimina\u00e7\u00e3o Contra as Mulheres (em ingl\u00eas:\u00a0Convention on the Elimination of All Forms of Discrimination Against Women, CEDAW) (45 anos) &#8211; tratado internacional aprovado pela Assembleia Geral das Na\u00e7\u00f5es Unidas (ONU), tida como uma declara\u00e7\u00e3o de direitos das mulheres<\/p>\n<\/div>\n<div class=\"cmpTableCell\">4\/9<\/div>\n<div class=\"cmpTableCell cmpTopics\">\n<p>Leil\u00e3o de Concess\u00e3o do T\u00fanel Santos-Guaruj\u00e1<\/p>\n<p>Nascimento do compositor, pianista e diretor musical argentino Ariel Ram\u00edrez (105 anos)<\/p>\n<p>Nascimento da fil\u00f3sofa e educadora paulista Marilena Chau\u00ed (85 anos)<\/p>\n<p>Papa Francisco canoniza Madre Teresa de Calcut\u00e1, que passa a ser chamada Santa Teresa de Calcut\u00e1 (10 anos)<\/p>\n<\/div>\n<div class=\"cmpTableCell\">5\/9<\/div>\n<div class=\"cmpTableCell cmpTopics\">\n<p>Morte do cineasta fluminense Silvio Tendler<\/p>\n<p>Nascimento do ator, compositor, roteirista, comediante e apresentador fluminense Marcelo Adnet (45 anos)<\/p>\n<p>Nascimento do cantor, pianista e compositor brit\u00e2nico Freddie Mercury (80 anos) &#8211; fundador da banda brit\u00e2nica Queen<\/p>\n<p>Nascimento do m\u00fasico, maestro e professor brasileiro de origem polonesa Saul Herz Morelenbaum, o Henrique Morelenbaum (95 anos)<\/p>\n<p>Dia Internacional da Caridade &#8211; data reconhecida pela ONU<\/p>\n<p>Dia Internacional da Mulher Ind\u00edgena &#8211; comemora\u00e7\u00e3o institu\u00edda durante o &#8220;2\u00ba Encontro de Organiza\u00e7\u00f5es e Movimentos da Am\u00e9rica&#8221; que referendou decis\u00e3o do &#8220;Congresso Campon\u00eas da Bol\u00edvia&#8221; de 1978, para marcar a data da morte da guerreira aymara e opositora do regime colonial espanhol\u00a0Bartolina Sisa Maturana; juntamente com sua cunhada e tamb\u00e9m hero\u00edna aymara, Gregoria Apaza, que foi enforcada e esquartejada por colonizadores espanh\u00f3is em 5 de setembro de 1782<\/p>\n<p>Dia da Amaz\u00f4nia<\/p>\n<\/div>\n<div class=\"cmpTableCell\">6\/9<\/div>\n<div class=\"cmpTableCell cmpTopics\">\n<p>Estreia do programa &#8220;M\u00fasica para a Juventude&#8221;, na R\u00e1dio MEC (85 anos) &#8211; s\u00e9rie de palestras com ilustra\u00e7\u00f5es musicais interpretadas pelo pianista J. Octaviano. A partir da d\u00e9cada de 1950, se tornou uma produ\u00e7\u00e3o de grande porte, com audi\u00e7\u00f5es semanais que contavam com solistas de renome e regentes famosos, e tinha como um de seus grandes motores os ensaios da Orquestra Sinf\u00f4nica Brasileira (OSB), sob a dire\u00e7\u00e3o do maestro Eleazar de Carvalho<\/p>\n<\/div>\n<div class=\"cmpTableCell\">7\/9<\/div>\n<div class=\"cmpTableCell cmpTopics\">\n<p>Dia da Independ\u00eancia do Brasil<\/p>\n<p>A R\u00e1dio Sociedade (atual R\u00e1dio MEC) entrou no ar (103 anos)<\/p>\n<p>A R\u00e1dio Sociedade, doada ao Minist\u00e9rio da Educa\u00e7\u00e3o e Sa\u00fade P\u00fablica, passou a se chamar R\u00e1dio Minist\u00e9rio da Educa\u00e7\u00e3o (90 anos)<\/p>\n<p>Nascimento da ciclista catarinense Squel Stein (35 anos) &#8211; um dos maiores nomes do ciclismo BMX feminino<\/p>\n<p>Nascimento do cantor e compositor paulistano Maur\u00edcio Alberto Kaiserman, o Morris Albert (75 anos)<\/p>\n<p>Nascimento do guitarrista, cantor e compositor estadunidense Charles Hardin Holley, o Buddy Holly (90 anos)<\/p>\n<p>Toma posse o presidente brasileiro Jo\u00e3o Goulart e inicia-se um curto per\u00edodo parlamentarista no pa\u00eds (65 anos)<\/p>\n<p>Inaugura\u00e7\u00e3o do Pante\u00e3o da P\u00e1tria (40 anos)<\/p>\n<\/div>\n<div class=\"cmpTableCell\">8\/9<\/div>\n<div class=\"cmpTableCell cmpTopics\">\n<p>Morte da cantora fluminense Angela Ro Ro<\/p>\n<p>Nascimento do compositor alagoano Airton Amorim (105 anos)<\/p>\n<p>Nascimento da cantora e compositora fluminense Fernanda Abreu (65 anos)<\/p>\n<p>Dia Mundial da Alfabetiza\u00e7\u00e3o &#8211; data reconhecida pela ONU<\/p>\n<p>Dia da Festa de Nossa Senhora da Penha, padroeira da cidade de S\u00e3o Paulo<\/p>\n<p>Funda\u00e7\u00e3o da cidade de Vit\u00f3ria, capital do Esp\u00edrito Santo (475 anos) &#8211; os portugueses venceram uma batalha contra os \u00edndios Goitacazes e, entusiasmados pela vit\u00f3ria, passaram a chamar o local de Ilha de Vit\u00f3ria<\/p>\n<\/div>\n<div class=\"cmpTableCell\">9\/9<\/div>\n<div class=\"cmpTableCell cmpTopics\">\n<p>In\u00edcio dos protestos no Nepal que posteriormente derrubariam o governo, em 13 de setembro<\/p>\n<p>Morte da pianista fluminense Magdalena Tagliaferro (40 anos)<\/p>\n<p>Morte do pintor franc\u00eas Henri de Toulouse-Lautrec (125 anos) &#8211; revolucionou o design gr\u00e1fico dos cartazes publicit\u00e1rios, ajudando a definir o estilo que seria posteriormente conhecido como Art Nouveau<\/p>\n<p>Morte do pol\u00edtico e estadista chin\u00eas Mao Ts\u00e9-Tung (50 anos)<\/p>\n<p>John Lennon lan\u00e7a o \u00e1lbum Imagine, como um tributo \u00e0 paz (55 anos)<\/p>\n<p>Dia do Administrador<\/p>\n<\/div>\n<div class=\"cmpTableCell\">10\/9<\/div>\n<div class=\"cmpTableCell cmpTopics\">\n<p>Nascimento do ex-tenista catarinense Gustavo Kuerten (50 anos)<\/p>\n<p>Dia Mundial de Preven\u00e7\u00e3o ao Suic\u00eddio &#8211; comemora\u00e7\u00e3o por iniciativa da Associa\u00e7\u00e3o Internacional para a Preven\u00e7\u00e3o do Suic\u00eddio, em parceria com a Organiza\u00e7\u00e3o Mundial da Sa\u00fade (OMS), que conta com o apoio de organiza\u00e7\u00f5es de preven\u00e7\u00e3o ao comportamento suicida em todo o mundo<\/p>\n<\/div>\n<div class=\"cmpTableCell\">11\/9<\/div>\n<div class=\"cmpTableCell cmpTopics\">\n<p>Condena\u00e7\u00e3o de Jair Bolsonaro na primeira turma do STF por 4 votos a 1<\/p>\n<p>Nascimento do cronista e jornalista ga\u00facho Tarso de Castro (85 anos) &#8211; fundador da revista O Pasquim<\/p>\n<p>Comiss\u00e3o Especial dos Mortos e Desaparecidos responsabiliza o governo brasileiro pelas mortes dos guerrilheiros comunistas Carlos Lamarca, Carlos Marighella e Jos\u00e9 Campos Barreto e determina uma indeniza\u00e7\u00e3o \u00e0s suas fam\u00edlias (30 anos)<\/p>\n<p>Inaugurado o Memorial e Museu Nacional do 11 de Setembro no 10.\u00ba anivers\u00e1rio dos Ataques de 11 de Setembro (15 anos) &#8211; \u00e9 um memorial e um museu no local onde ficavam as torres do World Trade Center em Nova Iorque, Estados Unidos, destru\u00eddas nos ataques de 11 de setembro de 2001<\/p>\n<p>Ataque \u00e0s Torres G\u00eameas do complexo empresarial do World Trade Center, na cidade de Nova Iorque (25 anos) &#8211; atentado conhecido como &#8220;Ataques de 11 de setembro de 2001&#8221; (ou &#8220;9\/11&#8221;), quando dois avi\u00f5es colidiram em ataques suicidas contra as torres do World Trade Center;\u00a0um terceiro avi\u00e3o colidiu contra o Pent\u00e1gono, a sede do Departamento de Defesa dos Estados Unidos;\u00a0e a quarta aeronave caiu em um campo aberto pr\u00f3ximo de Shanksville, na Pensilv\u00e2nia. Todos os ataques foram coordenados pela organiza\u00e7\u00e3o fundamentalista isl\u00e2mica al-Qaeda<\/p>\n<p>Dia Nacional do Cerrado<\/p>\n<p>Cria\u00e7\u00e3o da Fercal, Regi\u00e3o Administrativa do Distrito Federal (70 anos)<\/p>\n<\/div>\n<div class=\"cmpTableCell\">12\/9<\/div>\n<div class=\"cmpTableCell cmpTopics\">\n<p>Inaugura\u00e7\u00e3o da R\u00e1dio Nacional do Rio de Janeiro (90 anos)<\/p>\n<p>Nascimento do poeta paulista \u00c1lvares de Azevedo (195 anos)<\/p>\n<p>Morte do regente cearense Eleazar de Carvalho (30 anos)<\/p>\n<p>Nascimento do m\u00fasico paulista Roger Moreira (70 anos) &#8211; principal idealizador, compositor, guitarrista e vocalista da banda de rock Ultraje a Rigor<\/p>\n<p>Morte do pol\u00edtico ga\u00facho e ex-presidente do Brasil Ernesto Geisel (30 anos) &#8211; foi um pol\u00edtico e militar brasileiro, que entre 1974 e 1979 foi o 29\u00ba Presidente do Brasil, sendo o quarto na ditadura militar brasileira<\/p>\n<p>Inaugura\u00e7\u00e3o do Memorial JK (45 anos)<\/p>\n<p>Inaugura\u00e7\u00e3o do Theatro Municipal de S\u00e3o Paulo (115 anos)<\/p>\n<\/div>\n<div class=\"cmpTableCell\">13\/9<\/div>\n<div class=\"cmpTableCell cmpTopics\">\n<p>Morte do m\u00fasico alagoano Hermeto Pascoal<\/p>\n<p>Institui\u00e7\u00e3o do Fundo de Garantia do Tempo de Servi\u00e7o, o FGTS (60 anos)<\/p>\n<p>Dia Nacional de Luta dos Acidentados por Fontes Radioativas &#8211; comemora\u00e7\u00e3o institu\u00edda pela Lei n\u00ba 12.646, de 16 de maio de 2012. Tem por fim marcar a data do in\u00edcio do acidente radiol\u00f3gico de Goi\u00e2nia, ocorrido a partir de 13 de setembro de 1987<\/p>\n<\/div>\n<div class=\"cmpTableCell\">14\/9<\/div>\n<div class=\"cmpTableCell cmpTopics\">\n<p>Entra no ar o programa Viva Maria, pela R\u00e1dio Nacional de Bras\u00edlia e R\u00e1dio Nacional da Amaz\u00f4nia (45 anos)<\/p>\n<p>Nascimento do frade franciscano, cardeal e escritor catarinense Dom Frei Paulo Evaristo Arns (105 anos)<\/p>\n<p>Morte do cantor, compositor e instrumentista ga\u00facho Mateus Nunes, o Caco Velho (55 anos) &#8211; o apelido Caco Velho foi-lhe dado por sempre cantar a can\u00e7\u00e3o &#8220;Caco Velho&#8221;, de Ary Barroso em suas apresenta\u00e7\u00f5es<\/p>\n<p>Nascimento do jogador e treinador de futebol fluminense Tom\u00e1s Soares da Silva, o Zizinho (105 anos) &#8211; foi eleito o melhor jogador da Copa do Mundo FIFA de 1950 e \u00e9 o \u00eddolo de Pel\u00e9. Em 1999 foi eleito o quarto maior jogador brasileiro de todos os tempos pela IFFHS<\/p>\n<p>Nascimento do cantor e compositor paranaense Arrigo Barnab\u00e9 (75 anos) &#8211; expoente da Vanguarda Paulistana<\/p>\n<p>Dia Latino-Americano e Caribenho da Imagem da Mulher nos Meios de Comunica\u00e7\u00e3o &#8211; data consagrada em homenagem ao programa Viva Maria. A apresentadora Mara R\u00e9gia \u00e9 uma das brasileiras fundadoras da Rede de Jornalistas com Vis\u00e3o de G\u00eanero das Am\u00e9ricas, criada em 2016<\/p>\n<\/div>\n<div class=\"cmpTableCell\">15\/9<\/div>\n<div class=\"cmpTableCell cmpTopics\">\n<p>Dia Internacional da Democracia &#8211; data reconhecida pela ONU<\/p>\n<p>Registro da romaria dos carros de boi da festa do Divino Pai Eterno de Trindade, em Goi\u00e1s, como patrim\u00f4nio imaterial brasileiro (10 anos)<\/p>\n<p>Registro da Ciranda do Nordeste, em Alagoas, Para\u00edba e Pernambuco, como patrim\u00f4nio imaterial brasileiro (5 anos)<\/p>\n<\/div>\n<div class=\"cmpTableCell\">16\/9<\/div>\n<div class=\"cmpTableCell cmpTopics\">\n<p>Morte do ator estadunidense Robert Redford<\/p>\n<p>Estreia do programa &#8220;Hora das Damas&#8221;, na R\u00e1dio Nacional (90 anos)<\/p>\n<p>Morte de ativista feminista, bi\u00f3loga e pol\u00edtica paulista Bertha Lutz (50 anos)<\/p>\n<p>Nascimento do cantor e compositor de jazz estadunidense John Carl Hendricks, o John Hendricks (105 anos)<\/p>\n<p>Morte do compositor paulista Carlos Gomes (130 anos)<\/p>\n<p>Nascimento da atriz paulista Yara Amaral (90 anos) &#8211; conhecida por sua atua\u00e7\u00e3o no teatro, cinema e televis\u00e3o, faleceu na trag\u00e9dia do Bateau Mouche no Reveillon de 1988\/89<\/p>\n<p>Nascimento do cantor e compositor de samba fluminense Jos\u00e9 Flores de Jesus, o Z\u00e9 Keti (105 anos)<\/p>\n<p>Dia Internacional para a Preserva\u00e7\u00e3o da Camada de Oz\u00f4nio &#8211; data reconhecida pela ONU<\/p>\n<\/div>\n<div class=\"cmpTableCell\">17\/9<\/div>\n<div class=\"cmpTableCell cmpTopics\">\n<p>Promulga\u00e7\u00e3o do Estatuto da Crian\u00e7a e do Adolescente Digital (ECA Digital), tamb\u00e9m conhecido como\u00a0\u201cLei Felca\u201d, para proteger crian\u00e7as e adolescentes da \u201cadultiza\u00e7\u00e3o\u201d no ambiente digital<\/p>\n<p>Morte do militar e guerrilheiro fluminense Carlos Lamarca (55 anos) &#8211; militante da VPR, grupo de guerrilha brasileiro que lutou contra o regime militar<\/p>\n<p>Nascimento da cantora fluminense Eva Correia Jos\u00e9 Maria, a Evinha (75 anos) &#8211; integrante do Trio Esperan\u00e7a<\/p>\n<p>In\u00edcio do movimento Occupy Wall Street nos Estados Unidos (15 anos)<\/p>\n<\/div>\n<div class=\"cmpTableCell\">18\/9<\/div>\n<div class=\"cmpTableCell cmpTopics\">\n<p>Nascimento do t\u00e9cnico ga\u00facho Oswaldo Brand\u00e3o (110 anos) &#8211; \u00eddolo do Corinthians e do Palmeiras<\/p>\n<p>Promulgada Constitui\u00e7\u00e3o de 1946, que em seu texto previa a mudan\u00e7a da capital da uni\u00e3o para o Planalto Central do pa\u00eds (80 anos)<\/p>\n<p>Dia Nacional da Televis\u00e3o &#8211; comemora\u00e7\u00e3o que foi institu\u00edda pela Lei 10.255, de 9 de julho de 2001.Tem por fim marcar a data da inaugura\u00e7\u00e3o da PFR-3 TV Difusora (mais tarde TV Tupi), como a 1\u00aa emissora de televis\u00e3o do Brasil e da Am\u00e9rica Latina, e a 4\u00aa do mundo, integrada ent\u00e3o ao imp\u00e9rio jornal\u00edstico Di\u00e1rios e Emissoras Associados<\/p>\n<p>Dia do In\u00edcio da Semana Nacional de Tr\u00e2nsito &#8211; a semana foi institu\u00edda pela Resolu\u00e7\u00e3o N\u00ba 420, de 31 de julho de 1969, do Conselho Nacional de Tr\u00e2nsito do Brasil, e que est\u00e1 ratificada no Artigo n\u00ba 326\u00ba da Lei n\u00ba 9.503, de 23 de setembro de 1997, pela qual tamb\u00e9m se instituiu o C\u00f3digo Nacional de Tr\u00e2nsito no Brasil<\/p>\n<\/div>\n<div class=\"cmpTableCell\">19\/9<\/div>\n<div class=\"cmpTableCell cmpTopics\">\n<p>Nascimento do educador e fil\u00f3sofo pernambucano Paulo Freire (105 anos)<\/p>\n<p>Barco Sobral Santos II afunda no Porto de \u00d3bidos, matando 300 pessoas no Par\u00e1 (45 anos)<\/p>\n<\/div>\n<div class=\"cmpTableCell\">20\/9<\/div>\n<div class=\"cmpTableCell cmpTopics\">\n<p>Nascimento do baterista de jazz estadunidense Foreststorn Hamilton, o Chico Hamilton (105 anos)<\/p>\n<p>O primeiro Festival de Cinema de Cannes \u00e9 realizado, tendo sido adiado sete anos devido \u00e0 Segunda Guerra Mundial (80 anos) &#8211; \u00e9 um dos mais prestigiados e famosos festivais de cinema do mundo. Acontece todos os anos, no m\u00eas de maio, na cidade francesa de Cannes<\/p>\n<\/div>\n<div class=\"cmpTableCell\">21\/9<\/div>\n<div class=\"cmpTableCell cmpTopics\">\n<p>Manifesta\u00e7\u00f5es contra a PEC da Blindagem e contra projeto de lei de anistia aos envolvidos na tentativa de golpe de estado ocorrem em diversas cidades do pa\u00eds<\/p>\n<p>Nascimento do escritor brit\u00e2nico Herbert George Wells, conhecido como H. G. Wells (160 anos) &#8211; c\u00e9lebre autor de romances cient\u00edficos, que durante o s\u00e9culo XX se tornariam obras essenciais para o g\u00eanero da fic\u00e7\u00e3o cient\u00edfica, como os livros A M\u00e1quina do Tempo, O Homem Invis\u00edvel e A Guerra dos Mundos<\/p>\n<p>Dilma Rousseff se torna a primeria mulher a fazer o discurso de abertura da Assembleia Geral da ONU (15 anos)<\/p>\n<p>Yom Kipur (Dia do Perd\u00e3o) do Calend\u00e1rio Judaico &#8211; come\u00e7a no crep\u00fasculo que inicia o d\u00e9cimo dia do m\u00eas hebreu de Tishrei (que coincide com setembro ou outubro), continuando at\u00e9 ao seguinte p\u00f4r do sol<\/p>\n<p>Dia Internacional da Paz &#8211; data reconhecida pela ONU<\/p>\n<p>Dia Nacional de Luta da Pessoa com Defici\u00eancia<\/p>\n<p>Dia da \u00c1rvore<\/p>\n<p>Dia Mundial do Doente de Mal de Alzheimer &#8211; comemora\u00e7\u00e3o que foi institu\u00edda em 1994 e que est\u00e1 oficializada no Brasil como &#8220;Dia Nacional de Conscientiza\u00e7\u00e3o da Doen\u00e7a de Alzheimer&#8221;.Tem por finalidade marcar a data da funda\u00e7\u00e3o da &#8220;Doente de Mal de Alzheimer Internacional&#8221;, que foi criada com apoio da Organiza\u00e7\u00e3o Mundial da Sa\u00fade (OMS)<\/p>\n<\/div>\n<div class=\"cmpTableCell\">22\/9<\/div>\n<div class=\"cmpTableCell cmpTopics\">\n<p>Nascimento da atriz fluminense Odete Cipriano Serpa, a Yara Cortes (105 anos)<\/p>\n<p>Nascimento do violonista e compositor paulista Dilermando Reis (110 anos) &#8211; considerado por muitos o mais influente violonista do Brasil<\/p>\n<p>Dia Mundial Sem Carro<\/p>\n<p>Dia Nacional do Atleta Paral\u00edmpico &#8211; institu\u00eddo a partir do decreto de lei n\u00ba 12.622, de 8 de maio de 2012; esta data \u00e9 celebrada em sequ\u00eancia ao Dia Nacional de Luta das Pessoas com Defici\u00eancia<\/p>\n<p>Dia do Contador<\/p>\n<p>Oscar Cox realiza o primeiro jogo de futebol do Rio de Janeiro no campo do Rio Cricket and Athletic Association (125 anos) &#8211; 1 a 1 entre um time de brasileiros e outro de ingleses, diante de um p\u00fablico de apenas 16 pessoas, das quais 11 eram tenistas s\u00f3cios do Rio Cricket<\/p>\n<\/div>\n<div class=\"cmpTableCell\">23\/9<\/div>\n<div class=\"cmpTableCell cmpTopics\">\n<p>Queda de avi\u00e3o no Mato Grosso, matando o arquiteto chin\u00eas Kongjian Yu, as cineastas Rubens Crispim Jr e Luis Fernando Feres da Cunha Ferraz<\/p>\n<p>Descoberta do oitavo planeta do sistema solar, Netuno (180 anos)<\/p>\n<p>Equin\u00f3cio de Primavera no Hemisf\u00e9rio Sul<\/p>\n<p>Dia Internacional contra a Explora\u00e7\u00e3o Sexual e o Tr\u00e1fico de Mulheres, Meninas e Meninos &#8211; comemora\u00e7\u00e3o institu\u00edda em 1999 a partir da cidade bangladeshiana de Dhaka pela Confer\u00eancia Mundial da Coaliz\u00e3o contra o Tr\u00e1fego de Mulheres ou Crian\u00e7as<\/p>\n<p>Dia Internacional das L\u00ednguas de Sinais &#8211; data reconhecida pela ONU<\/p>\n<\/div>\n<div class=\"cmpTableCell\">24\/9<\/div>\n<div class=\"cmpTableCell cmpTopics\">\n<p>Morte do cantor e compositor baiano Raimundo Cleto do Esp\u00edrito Santo, o Ti\u00e3o Motorista (30 anos)<\/p>\n<p>Morte do religioso baiano Jos\u00e9 Gabriel da Costa, o Mestre Gabriel (55 anos) &#8211; fundador da Uni\u00e3o do Vegetal, religi\u00e3o de origem amaz\u00f4nica que utiliza em seu ritual o ch\u00e1 ayahuasca<\/p>\n<\/div>\n<div class=\"cmpTableCell\">25\/9<\/div>\n<div class=\"cmpTableCell cmpTopics\">\n<p>Lan\u00e7amento do programa esportivo &#8220;Stadium&#8221;, na TVE (50 anos)<\/p>\n<p>Dia Nacional da Radiodifus\u00e3o &#8211; comemorado para marcar a data do nascimento do m\u00e9dico legista, professor, antrop\u00f3logo, etn\u00f3logo, ensa\u00edsta e pioneiro do r\u00e1dio brasileiro, Edgard Roquete Pinto, que nasceu em 25 de setembro de 1884, e que \u00e9 considerado o &#8220;Pai da radiodifus\u00e3o&#8221; no Brasil<\/p>\n<\/div>\n<div class=\"cmpTableCell\">26\/9<\/div>\n<div class=\"cmpTableCell cmpTopics\">\n<p>Nascimento do escritor ga\u00facho Lu\u00eds Fernando Ver\u00edssimo (90 anos)<\/p>\n<p>Nascimento da tenista estadunidense Serena Williams (45 anos)<\/p>\n<p>Nascimento do ator fluminense Eduardo Tornaghi (75 anos)<\/p>\n<p>Morte do escritor e diretor de novelas paulista Walter Avancini (25 anos)<\/p>\n<p>Dia Internacional para Elimina\u00e7\u00e3o Total das Armas Nucleares &#8211; data reconhecida pela ONU<\/p>\n<p>Dia Nacional dos Surdos &#8211; comemora\u00e7\u00e3o institu\u00edda pela Lei n\u00ba 11.796, de 29 de outubro de 2008. Tem como objetivo marcar a data da cria\u00e7\u00e3o da primeira\u00a0escola brasileira para surdos, que foi fundada em 26 de setembro de 1857 com o nome de Col\u00e9gio Nacional para Surdos-Mudos, na cidade do Rio de Janeiro. Atualmente \u00e9 conhecida por Instituto Nacional de Educa\u00e7\u00e3o de Surdos<\/p>\n<\/div>\n<div class=\"cmpTableCell\">27\/9<\/div>\n<div class=\"cmpTableCell cmpTopics\">\n<p>Nascimento do instrumentista e compositor paulista Bonf\u00edglio de Oliveira (135 anos) &#8211; considerado um dos maiores instrumentistas de seu tempo, ao lado de Pixinguinha e Lu\u00eds Americano<\/p>\n<p>Dia de S\u00e3o Cosme e Dami\u00e3o no\u00a0Candombl\u00e9 e na Umbanda\u00a0&#8211; segundo o Catolicismo, a data de comemora\u00e7\u00e3o \u00e9 26 de setembro<\/p>\n<p>Dia Mundial do Turismo &#8211; comemora\u00e7\u00e3o institu\u00edda pela 3\u00aa confer\u00eancia da Organiza\u00e7\u00e3o Mundial do Turismo para marcar a data da ado\u00e7\u00e3o dos estatutos da OMT, ocorrida em 27 de setembro de 1970; data reconhecida pela ONU<\/p>\n<p>Dia Nacional da Doa\u00e7\u00e3o de \u00d3rg\u00e3os e Tecidos<\/p>\n<p>Tombamento como patrim\u00f4nio material dos Jardins de Burle Marx em Bras\u00edlia &#8211; conforme Decreto n \u00ba 33.224, do governo do Distrito Federal (15 anos)<\/p>\n<\/div>\n<div class=\"cmpTableCell\">28\/9<\/div>\n<div class=\"cmpTableCell cmpTopics\">\n<p>Morte do escritor, poeta e ensa\u00edsta estadunidense Hermann Mellville (135 anos) &#8211; autor do cl\u00e1ssico Moby Dick e Bartleby &#8211; o escriv\u00e3o<\/p>\n<p>Nascimento do dramaturgo e cineasta fluminense Domingos de Oliveira (90 anos)<\/p>\n<p>Morte do trompetista, compositor e bandleader de jazz estadunidense Miles Davis (35 anos)<\/p>\n<p>Entra em vigor a Lei do Ventre Livre (155 anos) &#8211; a lei libertava todas as crian\u00e7as nascidas de escravos e todos os escravos pertencentes ao governo<\/p>\n<p>Dia Internacional do Acesso Universal \u00e0 Informa\u00e7\u00e3o &#8211; data reconhecida pela Unesco<\/p>\n<p>Dia Mundial da Raiva &#8211; comemora\u00e7\u00e3o para marcar a data da morte do microbiologista e qu\u00edmico franc\u00eas\u00a0Louis Pasteur, que faleceu em 28 de setembro de 1895, e que, com a colabora\u00e7\u00e3o de seus colegas, tamb\u00e9m desenvolveu a primeira\u00a0vacina eficaz contra a raiva. Data reconhecida pela Organiza\u00e7\u00e3o Mundial de Sa\u00fade<\/p>\n<\/div>\n<div class=\"cmpTableCell\">29\/9<\/div>\n<div class=\"cmpTableCell cmpTopics\">\n<p>Morte do jornalista esportivo paulista Paulo Soares, o Amig\u00e3o<\/p>\n<p>Nascimento do pintor italiano Michelangelo Merisi, o Caravaggio (455 anos)<\/p>\n<\/div>\n<div class=\"cmpTableCell\">30\/9<\/div>\n<div class=\"cmpTableCell cmpTopics\">\n<p>Estreia da \u00f3pera Malazarte, de Lorenzo Fern\u00e2ndez, no Teatro Municipal do Rio de Janeiro (85 anos)<\/p>\n<p>Estreia da \u00f3pera A Flauta M\u00e1gica, de Wolfgang Amadeus Mozart, no Theater auf der Wieden, em Viena (235 anos)<\/p>\n<p>Massacre de Babi Yar, durante a Segunda Guerra Mundial (85 anos) &#8211; calcula-se que mais de 33.000 judeus foram assassinados na regi\u00e3o de Kiev, Ucr\u00e2nia, em 36 horas<\/p>\n<p>Dia Internacional do Podcast<\/p>\n<p>Dia Internacional da Tradu\u00e7\u00e3o &#8211; data reconhecida pela ONU<\/p>\n<p>Cria\u00e7\u00e3o do Instituto Estadual do Patrim\u00f4nio Hist\u00f3rico e Art\u00edstico do Estado de Minas Gerais (Iepha-MG) (55 anos)<\/p>\n<\/div>\n<\/div>\n<p><em>*As datas s\u00e3o selecionadas pela equipe de pesquisadores do Projeto Efem\u00e9rides, da Ger\u00eancia de Acervo da <a href=\"https:\/\/www.ebc.com.br\/\" target=\"_blank\"><strong>Empresa Brasil de Comunica\u00e7\u00e3o (EBC)<\/strong><\/a>, que traz temas relacionados \u00e0 cultura, hist\u00f3ria, ci\u00eancia e personalidades, sempre ressaltando marcos nacionais e regionais. A Ger\u00eancia de Acervo tamb\u00e9m atende aos pedidos de pesquisa do p\u00fablico externo. Basta enviar um e-mail para <a href=\"mailto:centraldepesquisas@ebc.com.br\"><strong>centraldepesquisas@ebc.com.br<\/strong><\/a>.<\/em><br \/>\n\u00a0<\/p>\n","protected":false},"excerpt":{"rendered":"<p>Neste m\u00eas de setembro, o\u00a0Hoje \u00e9 Dia destaca\u00a0as duas maiores campanhas de conscientiza\u00e7\u00e3o do m\u00eas. A primeira \u00e9 o Setembro Amarelo, mobiliza\u00e7\u00e3o de preven\u00e7\u00e3o ao suic\u00eddio, que est\u00e1 entre as tr\u00eas principais causas de morte em indiv\u00edduos de 15 a 44 anos. Em 2025, o programa\u00a0Tarde Nacional, da R\u00e1dio Nacional, destacou como a campanha promove [&hellip;]<\/p>\n","protected":false},"author":1,"featured_media":45706,"comment_status":"open","ping_status":"open","sticky":false,"template":"","format":"standard","meta":{"site-sidebar-layout":"default","site-content-layout":"","ast-site-content-layout":"default","site-content-style":"default","site-sidebar-style":"default","ast-global-header-display":"","ast-banner-title-visibility":"","ast-main-header-display":"","ast-hfb-above-header-display":"","ast-hfb-below-header-display":"","ast-hfb-mobile-header-display":"","site-post-title":"","ast-breadcrumbs-content":"","ast-featured-img":"","footer-sml-layout":"","ast-disable-related-posts":"","theme-transparent-header-meta":"","adv-header-id-meta":"","stick-header-meta":"","header-above-stick-meta":"","header-main-stick-meta":"","header-below-stick-meta":"","astra-migrate-meta-layouts":"default","ast-page-background-enabled":"default","ast-page-background-meta":{"desktop":{"background-color":"var(--ast-global-color-4)","background-image":"","background-repeat":"repeat","background-position":"center center","background-size":"auto","background-attachment":"scroll","background-type":"","background-media":"","overlay-type":"","overlay-color":"","overlay-opacity":"","overlay-gradient":""},"tablet":{"background-color":"","background-image":"","background-repeat":"repeat","background-position":"center center","background-size":"auto","background-attachment":"scroll","background-type":"","background-media":"","overlay-type":"","overlay-color":"","overlay-opacity":"","overlay-gradient":""},"mobile":{"background-color":"","background-image":"","background-repeat":"repeat","background-position":"center center","background-size":"auto","background-attachment":"scroll","background-type":"","background-media":"","overlay-type":"","overlay-color":"","overlay-opacity":"","overlay-gradient":""}},"ast-content-background-meta":{"desktop":{"background-color":"var(--ast-global-color-5)","background-image":"","background-repeat":"repeat","background-position":"center center","background-size":"auto","background-attachment":"scroll","background-type":"","background-media":"","overlay-type":"","overlay-color":"","overlay-opacity":"","overlay-gradient":""},"tablet":{"background-color":"var(--ast-global-color-5)","background-image":"","background-repeat":"repeat","background-position":"center center","background-size":"auto","background-attachment":"scroll","background-type":"","background-media":"","overlay-type":"","overlay-color":"","overlay-opacity":"","overlay-gradient":""},"mobile":{"background-color":"var(--ast-global-color-5)","background-image":"","background-repeat":"repeat","background-position":"center center","background-size":"auto","background-attachment":"scroll","background-type":"","background-media":"","overlay-type":"","overlay-color":"","overlay-opacity":"","overlay-gradient":""}},"footnotes":""},"categories":[1],"tags":[],"class_list":["post-45705","post","type-post","status-publish","format-standard","has-post-thumbnail","hentry","category-sem-categoria"],"_links":{"self":[{"href":"https:\/\/colunadahora.com.br\/index.php?rest_route=\/wp\/v2\/posts\/45705","targetHints":{"allow":["GET"]}}],"collection":[{"href":"https:\/\/colunadahora.com.br\/index.php?rest_route=\/wp\/v2\/posts"}],"about":[{"href":"https:\/\/colunadahora.com.br\/index.php?rest_route=\/wp\/v2\/types\/post"}],"author":[{"embeddable":true,"href":"https:\/\/colunadahora.com.br\/index.php?rest_route=\/wp\/v2\/users\/1"}],"replies":[{"embeddable":true,"href":"https:\/\/colunadahora.com.br\/index.php?rest_route=%2Fwp%2Fv2%2Fcomments&post=45705"}],"version-history":[{"count":0,"href":"https:\/\/colunadahora.com.br\/index.php?rest_route=\/wp\/v2\/posts\/45705\/revisions"}],"wp:featuredmedia":[{"embeddable":true,"href":"https:\/\/colunadahora.com.br\/index.php?rest_route=\/wp\/v2\/media\/45706"}],"wp:attachment":[{"href":"https:\/\/colunadahora.com.br\/index.php?rest_route=%2Fwp%2Fv2%2Fmedia&parent=45705"}],"wp:term":[{"taxonomy":"category","embeddable":true,"href":"https:\/\/colunadahora.com.br\/index.php?rest_route=%2Fwp%2Fv2%2Fcategories&post=45705"},{"taxonomy":"post_tag","embeddable":true,"href":"https:\/\/colunadahora.com.br\/index.php?rest_route=%2Fwp%2Fv2%2Ftags&post=45705"}],"curies":[{"name":"wp","href":"https:\/\/api.w.org\/{rel}","templated":true}]}}