{"id":45703,"date":"2026-09-01T09:19:15","date_gmt":"2026-09-01T12:19:15","guid":{"rendered":"https:\/\/colunadahora.com.br\/?p=45703"},"modified":"2026-09-01T09:19:15","modified_gmt":"2026-09-01T12:19:15","slug":"justica-do-rio-condena-musico-a-28-anos-de-prisao-por-feminicidio","status":"publish","type":"post","link":"https:\/\/colunadahora.com.br\/?p=45703","title":{"rendered":"Justi\u00e7a do Rio condena m\u00fasico a 28 anos de pris\u00e3o por feminic\u00eddio"},"content":{"rendered":"<\/p>\n<p><a class=\"\" href=\"https:\/\/agenciabrasil.ebc.com.br\/justica\/noticia\/2026-09\/justica-condena-musico-28-anos-de-prisao-por-crime-de-feminicidio\"><br \/>\n                    <img decoding=\"async\" src=\"https:\/\/cdn.jsdelivr.net\/gh\/sergiosdlima\/assets-ebc@1.0.0\/abr\/assets\/images\/logo-agenciabrasil.svg\" alt=\"Logo Ag\u00eancia Brasil\"><br \/>\n\t\t\t\t<\/a><\/p>\n<p>O Conselho de Senten\u00e7a do Tribunal do J\u00fari de Niter\u00f3i, na regi\u00e3o metropolitana do Rio, condenou o m\u00fasico Clodoaldo Queiroz de Oliveira, conhecido como Gustavo, da dupla sertaneja Tony e Gustavo, \u00e0 pena de 28 anos de reclus\u00e3o, em regime inicialmente fechado, pelo crime de homic\u00eddio triplamente qualificado contra sua mulher, Karen Mancini, analista do Tribunal de Contas do Estado (TCE).<img decoding=\"async\" src=\"https:\/\/agenciabrasil.ebc.com.br\/ebc.png?id=1701207&#038;o=rss\"><img decoding=\"async\" src=\"https:\/\/agenciabrasil.ebc.com.br\/ebc.gif?id=1701207&#038;o=rss\"><\/p>\n<p>O crime ocorreu em abril de 2024\u00a0em Lumiar, distrito de Nova Friburgo, regi\u00e3o serrana do Rio. Karen Mancini, ent\u00e3o com 39 anos de idade, foi morta ap\u00f3s ser agredida, segundo laudo da necropsia, por 114 golpes que causaram hemorragia e traumatismo<\/p>\n<\/p>\n<h3>Not\u00edcias relacionadas:<\/h3>\n<ul>\n<li><a href=\"https:\/\/agenciabrasil.ebc.com.br\/direitos-humanos\/noticia\/2026-08\/buzios-inaugura-banco-vermelho-em-memoria-vitimas-de-feminicidio\">B\u00fazios inaugura Banco Vermelho em mem\u00f3ria a v\u00edtimas de feminic\u00eddio.<\/a><\/li>\n<li><a href=\"https:\/\/agenciabrasil.ebc.com.br\/direitos-humanos\/noticia\/2026-07\/estado-de-sao-paulo-teve-10-mais-feminicidios-no-1o-semestre-de-2026\">Estado de S\u00e3o Paulo teve 10% mais feminic\u00eddios no 1\u00ba semestre de 2026.<\/a><\/li>\n<\/ul>\n<p>Na decis\u00e3o, a ju\u00edza Nearis dos Santos Carvalho Arce destacou a crueldade da a\u00e7\u00e3o do r\u00e9u ao praticar o feminic\u00eddio com mais de 100 golpes, sem chances de defesa para a v\u00edtima.<\/p>\n<blockquote>\n<p>\u201cCom aud\u00e1cia extremamente reprov\u00e1vel, espancando a v\u00edtima de forma brutal\u00a0dentro de sua pr\u00f3pria resid\u00eancia, onde morava com\u00a0o r\u00e9u, golpeando-a por todo o corpo, em especial na regi\u00e3o da cabe\u00e7a. O r\u00e9u sequer prestou socorro a Karen, que teve como causa mortis \u2018traumatismo craniano\u00a0encef\u00e1lico\u2019, como demonstrou o laudo de necropsia, tornando ainda mais gravosa sua conduta\u201d, escreveu a magistrada.<\/p>\n<\/blockquote>\n<p>A frieza do r\u00e9u na pr\u00e1tica do feminic\u00eddio triplamente qualificado tamb\u00e9m foi ressaltada pela ju\u00edza na senten\u00e7a.<\/p>\n<p>\u201cAssim, foram reconhecidos pelos jurados a motiva\u00e7\u00e3o f\u00fatil &#8211; qual seja desentendimento entre o casal, o emprego de meio cruel, em raz\u00e3o da extensa quantidade de les\u00f5es empregadas &#8211; as quais causaram intenso e desnecess\u00e1rio sofrimento \u00e0 v\u00edtima, evidenciando a frieza e o menosprezo pela vida humana\u201d.\u00a0<\/p>\n<p>A ju\u00edza Nearis Carvalho destacou ainda na decis\u00e3o que \u201cdurante a a\u00e7\u00e3o criminosa, o perito respons\u00e1vel pelo laudo de necropsia\u00a0atestou que a quantidade de les\u00f5es \u00e9 classificada como tortura, pois causa padecimento desnecess\u00e1rio \u00e0 v\u00edtima\u201d.<\/p>\n","protected":false},"excerpt":{"rendered":"<p>O Conselho de Senten\u00e7a do Tribunal do J\u00fari de Niter\u00f3i, na regi\u00e3o metropolitana do Rio, condenou o m\u00fasico Clodoaldo Queiroz de Oliveira, conhecido como Gustavo, da dupla sertaneja Tony e Gustavo, \u00e0 pena de 28 anos de reclus\u00e3o, em regime inicialmente fechado, pelo crime de homic\u00eddio triplamente qualificado contra sua mulher, Karen Mancini, analista do [&hellip;]<\/p>\n","protected":false},"author":31,"featured_media":45704,"comment_status":"open","ping_status":"open","sticky":false,"template":"","format":"standard","meta":{"site-sidebar-layout":"default","site-content-layout":"","ast-site-content-layout":"default","site-content-style":"default","site-sidebar-style":"default","ast-global-header-display":"","ast-banner-title-visibility":"","ast-main-header-display":"","ast-hfb-above-header-display":"","ast-hfb-below-header-display":"","ast-hfb-mobile-header-display":"","site-post-title":"","ast-breadcrumbs-content":"","ast-featured-img":"","footer-sml-layout":"","ast-disable-related-posts":"","theme-transparent-header-meta":"","adv-header-id-meta":"","stick-header-meta":"","header-above-stick-meta":"","header-main-stick-meta":"","header-below-stick-meta":"","astra-migrate-meta-layouts":"default","ast-page-background-enabled":"default","ast-page-background-meta":{"desktop":{"background-color":"var(--ast-global-color-4)","background-image":"","background-repeat":"repeat","background-position":"center center","background-size":"auto","background-attachment":"scroll","background-type":"","background-media":"","overlay-type":"","overlay-color":"","overlay-opacity":"","overlay-gradient":""},"tablet":{"background-color":"","background-image":"","background-repeat":"repeat","background-position":"center center","background-size":"auto","background-attachment":"scroll","background-type":"","background-media":"","overlay-type":"","overlay-color":"","overlay-opacity":"","overlay-gradient":""},"mobile":{"background-color":"","background-image":"","background-repeat":"repeat","background-position":"center center","background-size":"auto","background-attachment":"scroll","background-type":"","background-media":"","overlay-type":"","overlay-color":"","overlay-opacity":"","overlay-gradient":""}},"ast-content-background-meta":{"desktop":{"background-color":"var(--ast-global-color-5)","background-image":"","background-repeat":"repeat","background-position":"center center","background-size":"auto","background-attachment":"scroll","background-type":"","background-media":"","overlay-type":"","overlay-color":"","overlay-opacity":"","overlay-gradient":""},"tablet":{"background-color":"var(--ast-global-color-5)","background-image":"","background-repeat":"repeat","background-position":"center center","background-size":"auto","background-attachment":"scroll","background-type":"","background-media":"","overlay-type":"","overlay-color":"","overlay-opacity":"","overlay-gradient":""},"mobile":{"background-color":"var(--ast-global-color-5)","background-image":"","background-repeat":"repeat","background-position":"center center","background-size":"auto","background-attachment":"scroll","background-type":"","background-media":"","overlay-type":"","overlay-color":"","overlay-opacity":"","overlay-gradient":""}},"footnotes":""},"categories":[3],"tags":[],"class_list":["post-45703","post","type-post","status-publish","format-standard","has-post-thumbnail","hentry","category-seguranca-e-justica"],"_links":{"self":[{"href":"https:\/\/colunadahora.com.br\/index.php?rest_route=\/wp\/v2\/posts\/45703","targetHints":{"allow":["GET"]}}],"collection":[{"href":"https:\/\/colunadahora.com.br\/index.php?rest_route=\/wp\/v2\/posts"}],"about":[{"href":"https:\/\/colunadahora.com.br\/index.php?rest_route=\/wp\/v2\/types\/post"}],"author":[{"embeddable":true,"href":"https:\/\/colunadahora.com.br\/index.php?rest_route=\/wp\/v2\/users\/31"}],"replies":[{"embeddable":true,"href":"https:\/\/colunadahora.com.br\/index.php?rest_route=%2Fwp%2Fv2%2Fcomments&post=45703"}],"version-history":[{"count":0,"href":"https:\/\/colunadahora.com.br\/index.php?rest_route=\/wp\/v2\/posts\/45703\/revisions"}],"wp:featuredmedia":[{"embeddable":true,"href":"https:\/\/colunadahora.com.br\/index.php?rest_route=\/wp\/v2\/media\/45704"}],"wp:attachment":[{"href":"https:\/\/colunadahora.com.br\/index.php?rest_route=%2Fwp%2Fv2%2Fmedia&parent=45703"}],"wp:term":[{"taxonomy":"category","embeddable":true,"href":"https:\/\/colunadahora.com.br\/index.php?rest_route=%2Fwp%2Fv2%2Fcategories&post=45703"},{"taxonomy":"post_tag","embeddable":true,"href":"https:\/\/colunadahora.com.br\/index.php?rest_route=%2Fwp%2Fv2%2Ftags&post=45703"}],"curies":[{"name":"wp","href":"https:\/\/api.w.org\/{rel}","templated":true}]}}