{"id":45699,"date":"2026-09-01T09:18:31","date_gmt":"2026-09-01T12:18:31","guid":{"rendered":"https:\/\/colunadahora.com.br\/?p=45699"},"modified":"2026-09-01T09:18:31","modified_gmt":"2026-09-01T12:18:31","slug":"economia-brasileira-cresce-05-no-segundo-trimestre-mostra-ibge","status":"publish","type":"post","link":"https:\/\/colunadahora.com.br\/?p=45699","title":{"rendered":"Economia brasileira cresce 0,5% no segundo trimestre, mostra IBGE"},"content":{"rendered":"<\/p>\n<p><a class=\"\" href=\"https:\/\/agenciabrasil.ebc.com.br\/economia\/noticia\/2026-09\/economia-brasileira-cresce-05-no-segundo-trimestre-mostra-ibge\"><br \/>\n                    <img decoding=\"async\" src=\"https:\/\/cdn.jsdelivr.net\/gh\/sergiosdlima\/assets-ebc@1.0.0\/abr\/assets\/images\/logo-agenciabrasil.svg\" alt=\"Logo Ag\u00eancia Brasil\"><br \/>\n\t\t\t\t<\/a><\/p>\n<p>A economia brasileira cresceu 0,5%\u00a0no segundo trimestre de 2026 na compara\u00e7\u00e3o com o primeiro trimestre.\u00a0<img decoding=\"async\" src=\"https:\/\/agenciabrasil.ebc.com.br\/ebc.png?id=1701219&#038;o=rss\"><img decoding=\"async\" src=\"https:\/\/agenciabrasil.ebc.com.br\/ebc.gif?id=1701219&#038;o=rss\"><\/p>\n<p><strong>\u00a0Em rela\u00e7\u00e3o ao segundo trimestre de 2025, o Produto Interno Bruto (PIB), conjunto dos bens e servi\u00e7os produzidos no pa\u00eds, apresenta alta de 2%.<\/strong><\/p>\n<\/p>\n<h3>Not\u00edcias relacionadas:<\/h3>\n<ul>\n<li><a href=\"https:\/\/agenciabrasil.ebc.com.br\/economia\/noticia\/2026-08\/boletim-focus-mercado-preve-reducao-da-inflacao-e-do-pib-de-2026\">Boletim Focus: mercado prev\u00ea redu\u00e7\u00e3o da infla\u00e7\u00e3o e do PIB de 2026 .<\/a><\/li>\n<\/ul>\n<p>No acumulado de quatro trimestres, o PIB teve expans\u00e3o de 1,9%.\u00a0<\/p>\n<p>\u00a0Os dados foram divulgados nesta ter\u00e7a-feira (1\u00ba) pelo <a href=\"https:\/\/agenciabrasil.ebc.com.br\/tags\/ibge\" target=\"_blank\">Instituto Brasileiro de Geografia e Estat\u00edstica<\/a> (IBGE).\u00a0\u00a0\u00a0\u00a0<\/p>\n<p><strong>De acordo com o instituto, o PIB chegou\u00a0a R$ 3,4\u00a0trilh\u00f5es no segundo trimestre.\u00a0<\/strong><\/p>\n<p><strong>O <a href=\"https:\/\/www.bcb.gov.br\/content\/focus\/focus\/R20260828.pdf\" target=\"_blank\">boletim Focus<\/a>, sondagem do Banco Central (BC) com institui\u00e7\u00f5es do mercado financeiro, divulgado nesta segunda-feira (31), projeta que 2026 deve terminar com crescimento do PIB de 1,92%.\u00a0<\/strong><\/p>\n<h2>\u00a0O que \u00e9 o PIB<\/h2>\n<p>O PIB \u00e9 o conjunto de todos os bens e servi\u00e7os produzidos em uma localidade em determinado per\u00edodo. Com o dado, \u00e9 poss\u00edvel tra\u00e7ar o comportamento da economia do pa\u00eds, estado ou cidade, assim como fazer compara\u00e7\u00f5es internacionais.\u00a0\u00a0\u00a0\u00a0<\/p>\n<p><strong>O PIB \u00e9 calculado com o aux\u00edlio de diversas pesquisas setoriais, como com\u00e9rcio, servi\u00e7os e ind\u00fastria.\u00a0\u00a0<\/strong><\/p>\n<p>Durante o c\u00e1lculo, h\u00e1 cuidados para n\u00e3o haver dupla contagem. Um exemplo: se um pa\u00eds produz R$ 100 de trigo, R$ 200 de farinha de trigo e R$ 300 de p\u00e3o, o PIB ser\u00e1 de R$ 300, pois os valores da farinha e do trigo j\u00e1 est\u00e3o embutidos no valor do p\u00e3o.\u00a0\u00a0\u00a0\u00a0<\/p>\n<p><strong>Os bens e servi\u00e7os finais que comp\u00f5em o PIB s\u00e3o medidos no pre\u00e7o em que chegam ao consumidor. Dessa forma, levam em considera\u00e7\u00e3o tamb\u00e9m os impostos cobrados.\u00a0\u00a0\u00a0<\/strong><\/p>\n<p>O PIB ajuda a compreender a realidade de um pa\u00eds, mas n\u00e3o expressa fatores como distribui\u00e7\u00e3o de renda e condi\u00e7\u00e3o de vida. \u00c9 poss\u00edvel, por exemplo, um pa\u00eds ter PIB alto e padr\u00e3o de vida relativamente baixo, assim como pode haver na\u00e7\u00e3o com PIB baixo e alt\u00edssima qualidade de vida.\u00a0<\/p>\n","protected":false},"excerpt":{"rendered":"<p>A economia brasileira cresceu 0,5%\u00a0no segundo trimestre de 2026 na compara\u00e7\u00e3o com o primeiro trimestre.\u00a0 \u00a0Em rela\u00e7\u00e3o ao segundo trimestre de 2025, o Produto Interno Bruto (PIB), conjunto dos bens e servi\u00e7os produzidos no pa\u00eds, apresenta alta de 2%. Not\u00edcias relacionadas: Boletim Focus: mercado prev\u00ea redu\u00e7\u00e3o da infla\u00e7\u00e3o e do PIB de 2026 . No [&hellip;]<\/p>\n","protected":false},"author":34,"featured_media":45700,"comment_status":"open","ping_status":"open","sticky":false,"template":"","format":"standard","meta":{"site-sidebar-layout":"default","site-content-layout":"","ast-site-content-layout":"default","site-content-style":"default","site-sidebar-style":"default","ast-global-header-display":"","ast-banner-title-visibility":"","ast-main-header-display":"","ast-hfb-above-header-display":"","ast-hfb-below-header-display":"","ast-hfb-mobile-header-display":"","site-post-title":"","ast-breadcrumbs-content":"","ast-featured-img":"","footer-sml-layout":"","ast-disable-related-posts":"","theme-transparent-header-meta":"","adv-header-id-meta":"","stick-header-meta":"","header-above-stick-meta":"","header-main-stick-meta":"","header-below-stick-meta":"","astra-migrate-meta-layouts":"default","ast-page-background-enabled":"default","ast-page-background-meta":{"desktop":{"background-color":"var(--ast-global-color-4)","background-image":"","background-repeat":"repeat","background-position":"center center","background-size":"auto","background-attachment":"scroll","background-type":"","background-media":"","overlay-type":"","overlay-color":"","overlay-opacity":"","overlay-gradient":""},"tablet":{"background-color":"","background-image":"","background-repeat":"repeat","background-position":"center center","background-size":"auto","background-attachment":"scroll","background-type":"","background-media":"","overlay-type":"","overlay-color":"","overlay-opacity":"","overlay-gradient":""},"mobile":{"background-color":"","background-image":"","background-repeat":"repeat","background-position":"center center","background-size":"auto","background-attachment":"scroll","background-type":"","background-media":"","overlay-type":"","overlay-color":"","overlay-opacity":"","overlay-gradient":""}},"ast-content-background-meta":{"desktop":{"background-color":"var(--ast-global-color-5)","background-image":"","background-repeat":"repeat","background-position":"center center","background-size":"auto","background-attachment":"scroll","background-type":"","background-media":"","overlay-type":"","overlay-color":"","overlay-opacity":"","overlay-gradient":""},"tablet":{"background-color":"var(--ast-global-color-5)","background-image":"","background-repeat":"repeat","background-position":"center center","background-size":"auto","background-attachment":"scroll","background-type":"","background-media":"","overlay-type":"","overlay-color":"","overlay-opacity":"","overlay-gradient":""},"mobile":{"background-color":"var(--ast-global-color-5)","background-image":"","background-repeat":"repeat","background-position":"center center","background-size":"auto","background-attachment":"scroll","background-type":"","background-media":"","overlay-type":"","overlay-color":"","overlay-opacity":"","overlay-gradient":""}},"footnotes":""},"categories":[37],"tags":[],"class_list":["post-45699","post","type-post","status-publish","format-standard","has-post-thumbnail","hentry","category-economia-e-negocios"],"_links":{"self":[{"href":"https:\/\/colunadahora.com.br\/index.php?rest_route=\/wp\/v2\/posts\/45699","targetHints":{"allow":["GET"]}}],"collection":[{"href":"https:\/\/colunadahora.com.br\/index.php?rest_route=\/wp\/v2\/posts"}],"about":[{"href":"https:\/\/colunadahora.com.br\/index.php?rest_route=\/wp\/v2\/types\/post"}],"author":[{"embeddable":true,"href":"https:\/\/colunadahora.com.br\/index.php?rest_route=\/wp\/v2\/users\/34"}],"replies":[{"embeddable":true,"href":"https:\/\/colunadahora.com.br\/index.php?rest_route=%2Fwp%2Fv2%2Fcomments&post=45699"}],"version-history":[{"count":0,"href":"https:\/\/colunadahora.com.br\/index.php?rest_route=\/wp\/v2\/posts\/45699\/revisions"}],"wp:featuredmedia":[{"embeddable":true,"href":"https:\/\/colunadahora.com.br\/index.php?rest_route=\/wp\/v2\/media\/45700"}],"wp:attachment":[{"href":"https:\/\/colunadahora.com.br\/index.php?rest_route=%2Fwp%2Fv2%2Fmedia&parent=45699"}],"wp:term":[{"taxonomy":"category","embeddable":true,"href":"https:\/\/colunadahora.com.br\/index.php?rest_route=%2Fwp%2Fv2%2Fcategories&post=45699"},{"taxonomy":"post_tag","embeddable":true,"href":"https:\/\/colunadahora.com.br\/index.php?rest_route=%2Fwp%2Fv2%2Ftags&post=45699"}],"curies":[{"name":"wp","href":"https:\/\/api.w.org\/{rel}","templated":true}]}}