{"id":45665,"date":"2026-08-31T19:19:21","date_gmt":"2026-08-31T22:19:21","guid":{"rendered":"https:\/\/colunadahora.com.br\/?p=45665"},"modified":"2026-08-31T19:19:21","modified_gmt":"2026-08-31T22:19:21","slug":"renan-santos-diz-que-vai-pedir-liminar-contra-suspensao-de-candidatura","status":"publish","type":"post","link":"https:\/\/colunadahora.com.br\/?p=45665","title":{"rendered":"Renan Santos diz que vai pedir liminar contra suspens\u00e3o de candidatura"},"content":{"rendered":"<\/p>\n<p><a class=\"\" href=\"https:\/\/agenciabrasil.ebc.com.br\/politica\/noticia\/2026-08\/renan-santos-diz-que-vai-pedir-liminar-contra-suspensao-de-candidatura\"><br \/>\n                    <img decoding=\"async\" src=\"https:\/\/cdn.jsdelivr.net\/gh\/sergiosdlima\/assets-ebc@1.0.0\/abr\/assets\/images\/logo-agenciabrasil.svg\" alt=\"Logo Ag\u00eancia Brasil\"><br \/>\n\t\t\t\t<\/a><\/p>\n<p><strong>O candidato \u00e0 Presid\u00eancia da Rep\u00fablica Renan Santos (Miss\u00e3o) disse nesta segunda-feira (31) que sua campanha ir\u00e1 protocolar ainda hoje um pedido de liminar contra a <a href=\"https:\/\/agenciabrasil.ebc.com.br\/justica\/noticia\/2026-08\/toffoli-suspende-propaganda-de-renan-santos-na-internet\">decis\u00e3o do ministro Dias Toffoli<\/a>, do Tribunal Superior Eleitoral (TSE), de suspender a propaganda eleitoral do candidato.\u00a0\u00a0\u00a0<\/strong><img decoding=\"async\" src=\"https:\/\/agenciabrasil.ebc.com.br\/ebc.png?id=1701133&#038;o=rss\"><img decoding=\"async\" src=\"https:\/\/agenciabrasil.ebc.com.br\/ebc.gif?id=1701133&#038;o=rss\"><\/p>\n<p>\u201cFoi uma inflex\u00e3o autorit\u00e1ria. N\u00e3o d\u00e1 para justificar de maneira racional\u201d, declarou Renan.<\/p>\n<\/p>\n<h3>Not\u00edcias relacionadas:<\/h3>\n<ul>\n<li><a href=\"https:\/\/agenciabrasil.ebc.com.br\/justica\/noticia\/2026-08\/toffoli-suspende-propaganda-de-renan-santos-na-internet\">Toffoli suspende propaganda de Renan Santos na internet .<\/a><\/li>\n<li><a href=\"https:\/\/agenciabrasil.ebc.com.br\/justica\/noticia\/2026-08\/toffoli-suspende-campanha-digital-de-grassi-presidencia\">Toffoli suspende campanha digital de Grassi \u00e0 Presid\u00eancia .<\/a><\/li>\n<\/ul>\n<p>A decis\u00e3o tamb\u00e9m suspendeu os repasses do Fundo Especial de Financiamento de Campanha (FEFC) para o candidato e proibiu sua participa\u00e7\u00e3o em debates realizados em televis\u00e3o, r\u00e1dio e podcasts.<\/p>\n<p>As medidas do ministro ter\u00e3o validade at\u00e9 a decis\u00e3o final do TSE sobre o caso. O partido entrar\u00e1 com recurso direcionado ao presidente do TSE, ministro Nunes Marques.\u00a0<\/p>\n<p><strong>Segundo Toffoli, o partido Miss\u00e3o deixou de informar \u00e0 Justi\u00e7a Eleitoral perfis de propaganda do candidato nas redes sociais.\u00a0\u00a0<\/strong>Na decis\u00e3o, o ministro pontuou que 16 perfis ligados ao candidato foram informados ao TSE 12 dias ap\u00f3s o per\u00edodo de registro de candidatura.<\/p>\n<p>A suspens\u00e3o est\u00e1 relacionada \u00e0s regras eleitorais para a propaganda na internet, que exigem o registro dos perfis oficiais de candidatos e partidos. Os candidatos devem informar \u00e0 Justi\u00e7a Eleitoral todos perfis oficiais que ser\u00e3o usados na campanha, permitindo assim que os canais oficialmente vinculados a campanhas possam ser fiscalizados.<\/p>\n<p>De acordo com o advogado Arthur Rollo, que representa o candidato, como a medida bloqueia qualquer possibilidade de campanha que n\u00e3o seja o corpo a corpo, ela paralisa a campanha.\u00a0<\/p>\n<p>\u201cEm uma campanha de 45 dias, com poucos recursos, dois ou tr\u00eas dias fora s\u00e3o irrevers\u00edveis, mas irei ao TSE sustentar nossa posi\u00e7\u00e3o\u201d, disse o defensor.<\/p>\n<p><strong>Segundo a defesa de Renan Santos, a campanha n\u00e3o teve direito ao contradit\u00f3rio e \u00e0 defesa.<\/strong><\/p>\n","protected":false},"excerpt":{"rendered":"<p>O candidato \u00e0 Presid\u00eancia da Rep\u00fablica Renan Santos (Miss\u00e3o) disse nesta segunda-feira (31) que sua campanha ir\u00e1 protocolar ainda hoje um pedido de liminar contra a decis\u00e3o do ministro Dias Toffoli, do Tribunal Superior Eleitoral (TSE), de suspender a propaganda eleitoral do candidato.\u00a0\u00a0\u00a0 \u201cFoi uma inflex\u00e3o autorit\u00e1ria. N\u00e3o d\u00e1 para justificar de maneira racional\u201d, declarou [&hellip;]<\/p>\n","protected":false},"author":18,"featured_media":45666,"comment_status":"open","ping_status":"open","sticky":false,"template":"","format":"standard","meta":{"site-sidebar-layout":"default","site-content-layout":"","ast-site-content-layout":"default","site-content-style":"default","site-sidebar-style":"default","ast-global-header-display":"","ast-banner-title-visibility":"","ast-main-header-display":"","ast-hfb-above-header-display":"","ast-hfb-below-header-display":"","ast-hfb-mobile-header-display":"","site-post-title":"","ast-breadcrumbs-content":"","ast-featured-img":"","footer-sml-layout":"","ast-disable-related-posts":"","theme-transparent-header-meta":"","adv-header-id-meta":"","stick-header-meta":"","header-above-stick-meta":"","header-main-stick-meta":"","header-below-stick-meta":"","astra-migrate-meta-layouts":"default","ast-page-background-enabled":"default","ast-page-background-meta":{"desktop":{"background-color":"var(--ast-global-color-4)","background-image":"","background-repeat":"repeat","background-position":"center center","background-size":"auto","background-attachment":"scroll","background-type":"","background-media":"","overlay-type":"","overlay-color":"","overlay-opacity":"","overlay-gradient":""},"tablet":{"background-color":"","background-image":"","background-repeat":"repeat","background-position":"center center","background-size":"auto","background-attachment":"scroll","background-type":"","background-media":"","overlay-type":"","overlay-color":"","overlay-opacity":"","overlay-gradient":""},"mobile":{"background-color":"","background-image":"","background-repeat":"repeat","background-position":"center center","background-size":"auto","background-attachment":"scroll","background-type":"","background-media":"","overlay-type":"","overlay-color":"","overlay-opacity":"","overlay-gradient":""}},"ast-content-background-meta":{"desktop":{"background-color":"var(--ast-global-color-5)","background-image":"","background-repeat":"repeat","background-position":"center center","background-size":"auto","background-attachment":"scroll","background-type":"","background-media":"","overlay-type":"","overlay-color":"","overlay-opacity":"","overlay-gradient":""},"tablet":{"background-color":"var(--ast-global-color-5)","background-image":"","background-repeat":"repeat","background-position":"center center","background-size":"auto","background-attachment":"scroll","background-type":"","background-media":"","overlay-type":"","overlay-color":"","overlay-opacity":"","overlay-gradient":""},"mobile":{"background-color":"var(--ast-global-color-5)","background-image":"","background-repeat":"repeat","background-position":"center center","background-size":"auto","background-attachment":"scroll","background-type":"","background-media":"","overlay-type":"","overlay-color":"","overlay-opacity":"","overlay-gradient":""}},"footnotes":""},"categories":[4],"tags":[],"class_list":["post-45665","post","type-post","status-publish","format-standard","has-post-thumbnail","hentry","category-politica"],"_links":{"self":[{"href":"https:\/\/colunadahora.com.br\/index.php?rest_route=\/wp\/v2\/posts\/45665","targetHints":{"allow":["GET"]}}],"collection":[{"href":"https:\/\/colunadahora.com.br\/index.php?rest_route=\/wp\/v2\/posts"}],"about":[{"href":"https:\/\/colunadahora.com.br\/index.php?rest_route=\/wp\/v2\/types\/post"}],"author":[{"embeddable":true,"href":"https:\/\/colunadahora.com.br\/index.php?rest_route=\/wp\/v2\/users\/18"}],"replies":[{"embeddable":true,"href":"https:\/\/colunadahora.com.br\/index.php?rest_route=%2Fwp%2Fv2%2Fcomments&post=45665"}],"version-history":[{"count":0,"href":"https:\/\/colunadahora.com.br\/index.php?rest_route=\/wp\/v2\/posts\/45665\/revisions"}],"wp:featuredmedia":[{"embeddable":true,"href":"https:\/\/colunadahora.com.br\/index.php?rest_route=\/wp\/v2\/media\/45666"}],"wp:attachment":[{"href":"https:\/\/colunadahora.com.br\/index.php?rest_route=%2Fwp%2Fv2%2Fmedia&parent=45665"}],"wp:term":[{"taxonomy":"category","embeddable":true,"href":"https:\/\/colunadahora.com.br\/index.php?rest_route=%2Fwp%2Fv2%2Fcategories&post=45665"},{"taxonomy":"post_tag","embeddable":true,"href":"https:\/\/colunadahora.com.br\/index.php?rest_route=%2Fwp%2Fv2%2Ftags&post=45665"}],"curies":[{"name":"wp","href":"https:\/\/api.w.org\/{rel}","templated":true}]}}